{"id":720,"date":"2021-05-29T15:49:30","date_gmt":"2021-05-29T13:49:30","guid":{"rendered":"https:\/\/blogs.fu-berlin.de\/migration\/?p=720"},"modified":"2021-05-29T15:49:30","modified_gmt":"2021-05-29T13:49:30","slug":"recomendacion-del-podcast-en-movimiento","status":"publish","type":"post","link":"https:\/\/blogs.fu-berlin.de\/migration\/2021\/05\/29\/recomendacion-del-podcast-en-movimiento\/","title":{"rendered":"Recomendaci\u00f3n del podcast &#8222;En Movimiento&#8220;"},"content":{"rendered":"\n<p>El podcast &#8222;En Movimiento&#8220; est\u00e1 dedicado a un aspecto de la migraci\u00f3n cada mes. Se destacan temas de actualidad como el impacto de la pandemia de Covid, se adoptan perspectivas feministas y se da la palabra a los afectados en las entrevistas. Tambi\u00e9n abarcan temas que tal vez no sean los primeros en venir a la mente cuando se piensa en la migraci\u00f3n, por ejemplo el v\u00ednculo entre el arte y la migraci\u00f3n o la salud mental.<\/p>\n\n\n\n<p>El podcast es publicado en espa\u00f1ol por la Organizaci\u00f3n Internacional para las Migraciones (OIM), que pertenece al sistema de la ONU y tiene representaci\u00f3n en todo el mundo.<\/p>\n\n\n\n<figure class=\"wp-block-embed-spotify wp-block-embed is-type-rich is-provider-spotify wp-embed-aspect-21-9 wp-has-aspect-ratio\"><div class=\"wp-block-embed__wrapper\">\n<iframe title=\"Spotify Embed: Volver a empezar: sobreviviendo a la trata de personas (Ep 40)\" style=\"border-radius: 12px\" width=\"100%\" height=\"152\" frameborder=\"0\" allowfullscreen allow=\"autoplay; clipboard-write; encrypted-media; fullscreen; picture-in-picture\" loading=\"lazy\" src=\"https:\/\/open.spotify.com\/embed\/show\/0FccQX9gEt7t6xoqiLcrD0?si=8ghC-J90T0egh3O3ddrI9g&#038;utm_source=oembed\"><\/iframe>\n<\/div><figcaption>*tambi\u00e9n disponible en todos los dem\u00e1s portales de podcast habituales<\/figcaption><\/figure>\n","protected":false},"excerpt":{"rendered":"<p>El podcast &#8222;En Movimiento&#8220; est\u00e1 dedicado a un aspecto de la migraci\u00f3n cada mes. Se destacan temas de actualidad como el impacto de la pandemia de Covid, se adoptan perspectivas feministas y se da la palabra a los afectados en las entrevistas. Tambi\u00e9n abarcan temas que tal vez no sean los primeros en venir a [&hellip;]<\/p>\n","protected":false},"author":6305,"featured_media":0,"comment_status":"open","ping_status":"open","sticky":false,"template":"","format":"standard","meta":{"footnotes":""},"categories":[9],"tags":[],"class_list":["post-720","post","type-post","status-publish","format-standard","hentry","category-allgemein"],"_links":{"self":[{"href":"https:\/\/blogs.fu-berlin.de\/migration\/wp-json\/wp\/v2\/posts\/720","targetHints":{"allow":["GET"]}}],"collection":[{"href":"https:\/\/blogs.fu-berlin.de\/migration\/wp-json\/wp\/v2\/posts"}],"about":[{"href":"https:\/\/blogs.fu-berlin.de\/migration\/wp-json\/wp\/v2\/types\/post"}],"author":[{"embeddable":true,"href":"https:\/\/blogs.fu-berlin.de\/migration\/wp-json\/wp\/v2\/users\/6305"}],"replies":[{"embeddable":true,"href":"https:\/\/blogs.fu-berlin.de\/migration\/wp-json\/wp\/v2\/comments?post=720"}],"version-history":[{"count":1,"href":"https:\/\/blogs.fu-berlin.de\/migration\/wp-json\/wp\/v2\/posts\/720\/revisions"}],"predecessor-version":[{"id":721,"href":"https:\/\/blogs.fu-berlin.de\/migration\/wp-json\/wp\/v2\/posts\/720\/revisions\/721"}],"wp:attachment":[{"href":"https:\/\/blogs.fu-berlin.de\/migration\/wp-json\/wp\/v2\/media?parent=720"}],"wp:term":[{"taxonomy":"category","embeddable":true,"href":"https:\/\/blogs.fu-berlin.de\/migration\/wp-json\/wp\/v2\/categories?post=720"},{"taxonomy":"post_tag","embeddable":true,"href":"https:\/\/blogs.fu-berlin.de\/migration\/wp-json\/wp\/v2\/tags?post=720"}],"curies":[{"name":"wp","href":"https:\/\/api.w.org\/{rel}","templated":true}]}}