{"id":730,"date":"2021-05-30T14:37:45","date_gmt":"2021-05-30T12:37:45","guid":{"rendered":"https:\/\/blogs.fu-berlin.de\/migration\/?p=730"},"modified":"2021-05-30T14:37:45","modified_gmt":"2021-05-30T12:37:45","slug":"la-bestia-el-tren-de-la-muerte","status":"publish","type":"post","link":"https:\/\/blogs.fu-berlin.de\/migration\/2021\/05\/30\/la-bestia-el-tren-de-la-muerte\/","title":{"rendered":"La bestia &#8211; El tren de la Muerte"},"content":{"rendered":"\n<p>La bestia es una serie de trenes que se usan por migrantes principalmente de Centroam\u00e9rica para llegar a la frontera con EEUU. Las historias de violencia que pasan all\u00ed superan cada imaginaci\u00f3n, con grupos criminales o incluso agentes del Estado perpetrando violaciones, secuestros, robos y cada tipo se asaltos f\u00edsicos. Las muertes durante las \u00faltimas dos d\u00e9cadas, tanto por asesinatos como la horrorosa historia de \u201clos 72\u201d como por accidentes y ca\u00eddas del tren, superan las mil.<\/p>\n\n\n\n<p>En el enlace de abajo se exponen fotos de diferentes personas a bordo, muchas de las cuales traen a sus hijos. Muchas mujeres vienen tambi\u00e9n embarazadas con el fin de poder parir en EEUU y as\u00ed asegurar la ciudadan\u00eda por su hijo o hija. La fotos hablan por s\u00ed de la desesperaci\u00f3n no solo de llegar a EEUU sino m\u00e1s que todo de huir del lugar de origen donde muchos estaban amenazados por grupos criminales por diferentes razones.<\/p>\n\n\n\n<p><\/p>\n\n\n\n<p><\/p>\n\n\n\n<p><a href=\"https:\/\/www.theguardian.com\/us-news\/gallery\/2017\/dec\/13\/mexico-central-american-migrants-la-bestia-pictures\">https:\/\/www.theguardian.com\/us-news\/gallery\/2017\/dec\/13\/mexico-central-american-migrants-la-bestia-pictures<\/a><\/p>\n","protected":false},"excerpt":{"rendered":"<p>La bestia es una serie de trenes que se usan por migrantes principalmente de Centroam\u00e9rica para llegar a la frontera con EEUU. Las historias de violencia que pasan all\u00ed superan cada imaginaci\u00f3n, con grupos criminales o incluso agentes del Estado perpetrando violaciones, secuestros, robos y cada tipo se asaltos f\u00edsicos. Las muertes durante las \u00faltimas [&hellip;]<\/p>\n","protected":false},"author":6306,"featured_media":0,"comment_status":"open","ping_status":"open","sticky":false,"template":"","format":"standard","meta":{"footnotes":""},"categories":[9],"tags":[],"class_list":["post-730","post","type-post","status-publish","format-standard","hentry","category-allgemein"],"_links":{"self":[{"href":"https:\/\/blogs.fu-berlin.de\/migration\/wp-json\/wp\/v2\/posts\/730","targetHints":{"allow":["GET"]}}],"collection":[{"href":"https:\/\/blogs.fu-berlin.de\/migration\/wp-json\/wp\/v2\/posts"}],"about":[{"href":"https:\/\/blogs.fu-berlin.de\/migration\/wp-json\/wp\/v2\/types\/post"}],"author":[{"embeddable":true,"href":"https:\/\/blogs.fu-berlin.de\/migration\/wp-json\/wp\/v2\/users\/6306"}],"replies":[{"embeddable":true,"href":"https:\/\/blogs.fu-berlin.de\/migration\/wp-json\/wp\/v2\/comments?post=730"}],"version-history":[{"count":1,"href":"https:\/\/blogs.fu-berlin.de\/migration\/wp-json\/wp\/v2\/posts\/730\/revisions"}],"predecessor-version":[{"id":732,"href":"https:\/\/blogs.fu-berlin.de\/migration\/wp-json\/wp\/v2\/posts\/730\/revisions\/732"}],"wp:attachment":[{"href":"https:\/\/blogs.fu-berlin.de\/migration\/wp-json\/wp\/v2\/media?parent=730"}],"wp:term":[{"taxonomy":"category","embeddable":true,"href":"https:\/\/blogs.fu-berlin.de\/migration\/wp-json\/wp\/v2\/categories?post=730"},{"taxonomy":"post_tag","embeddable":true,"href":"https:\/\/blogs.fu-berlin.de\/migration\/wp-json\/wp\/v2\/tags?post=730"}],"curies":[{"name":"wp","href":"https:\/\/api.w.org\/{rel}","templated":true}]}}