{"id":737,"date":"2021-05-30T18:41:20","date_gmt":"2021-05-30T16:41:20","guid":{"rendered":"https:\/\/blogs.fu-berlin.de\/migration\/?p=737"},"modified":"2021-05-30T18:41:20","modified_gmt":"2021-05-30T16:41:20","slug":"centro-integral-de-la-mujer-marcelina-meneses","status":"publish","type":"post","link":"https:\/\/blogs.fu-berlin.de\/migration\/2021\/05\/30\/centro-integral-de-la-mujer-marcelina-meneses\/","title":{"rendered":"Centro Integral de la mujer Marcelina Meneses"},"content":{"rendered":"\n<p>Marcelina Meneses fue una mujer boliviana que en el a\u00f1o 1996 hab\u00eda inmigrado a Argentina en b\u00fasqueda de mejores oportunidades. En el a\u00f1o 2001, llevando a su hijo de 10 meses al hospital Fiorito de Avellaneda para un control, fue arrojada junto con su peque\u00f1o del tren en marcha, asesin\u00e1ndolos de inmediato. Fueron asesinados por ser migrantxs. El caso sigue impune.<\/p>\n\n\n\n<p>En la que fue su casa, en el barrio de Quilmes, hoy funciona el \u201cCentro Integral de la mujer Marcelina Meneses\u201d cuyo es promover la defensa de derechos, la atenci\u00f3n y el acompa\u00f1amiento de las mujeres migrantes y sus familias, dentro su contexto territorial. Asimismo, brindan talleres y cursos abiertos a la comunidad: desde clases de guitarra y quechua hasta cursos sobre derechos humanos e interculturalidad. Tambi\u00e9n brindan asesoramiento jur\u00eddico, psicopedag\u00f3gico y asistencia social con profesionales capacitados en dichas \u00e1reas.&nbsp;<\/p>\n\n\n\n<p>En 2012 se sancion\u00f3 la Ley N\u00b0 4409\/12 de la Ciudad de Buenos Aires, declarando el 10 de enero, d\u00eda en que asesinaron a Marcelina y su hijo, como D\u00eda de las Mujeres Migrantes.<\/p>\n\n\n\n<figure class=\"wp-block-embed-wordpress wp-block-embed is-type-wp-embed is-provider-centro-marcelina-meneses\"><div class=\"wp-block-embed__wrapper\">\nhttps:\/\/www.centromarcelina.com.ar\/areas-de-trabajo\/\n<\/div><\/figure>\n\n\n<figure class=\"wp-block-embed-youtube wp-block-embed is-type-video is-provider-youtube wp-embed-aspect-4-3 wp-has-aspect-ratio\"><div class=\"lyte-wrapper\" style=\"width:640px;max-width:100%;margin:5px;\"><div class=\"lyMe\" id=\"WYL_2Y-lGG7BIwA\"><div id=\"lyte_2Y-lGG7BIwA\" data-src=\"https:\/\/blogs.fu-berlin.de\/migration\/wp-content\/plugins\/wp-youtube-lyte\/lyteCache.php?origThumbUrl=%2F%2Fi.ytimg.com%2Fvi%2F2Y-lGG7BIwA%2Fhqdefault.jpg\" class=\"pL\"><div class=\"tC\"><div class=\"tT\"><\/div><\/div><div class=\"play\"><\/div><div class=\"ctrl\"><div class=\"Lctrl\"><\/div><div class=\"Rctrl\"><\/div><\/div><\/div><noscript><a href=\"https:\/\/youtu.be\/2Y-lGG7BIwA\" rel=\"nofollow\"><img loading=\"lazy\" decoding=\"async\" src=\"https:\/\/blogs.fu-berlin.de\/migration\/wp-content\/plugins\/wp-youtube-lyte\/lyteCache.php?origThumbUrl=https%3A%2F%2Fi.ytimg.com%2Fvi%2F2Y-lGG7BIwA%2F0.jpg\" alt=\"YouTube-Video-Thumbnail\" width=\"640\" height=\"340\" \/><br \/>Dieses Video auf YouTube ansehen<\/a><\/noscript><\/div><\/div><div class=\"lL\" style=\"max-width:100%;width:640px;margin:5px;\"><br\/><span class=\"lyte_disclaimer\">ACHTUNG: Daten nach YouTube werden erst beim Abspielen des Videos \u00fcbertragen.<\/span><\/div><figcaption><\/figcaption><\/figure>","protected":false},"excerpt":{"rendered":"<p>Marcelina Meneses fue una mujer boliviana que en el a\u00f1o 1996 hab\u00eda inmigrado a Argentina en b\u00fasqueda de mejores oportunidades. En el a\u00f1o 2001, llevando a su hijo de 10 meses al hospital Fiorito de Avellaneda para un control, fue arrojada junto con su peque\u00f1o del tren en marcha, asesin\u00e1ndolos de inmediato. Fueron asesinados por [&hellip;]<\/p>\n","protected":false},"author":6325,"featured_media":0,"comment_status":"open","ping_status":"open","sticky":false,"template":"","format":"standard","meta":{"footnotes":""},"categories":[9],"tags":[],"class_list":["post-737","post","type-post","status-publish","format-standard","hentry","category-allgemein"],"_links":{"self":[{"href":"https:\/\/blogs.fu-berlin.de\/migration\/wp-json\/wp\/v2\/posts\/737","targetHints":{"allow":["GET"]}}],"collection":[{"href":"https:\/\/blogs.fu-berlin.de\/migration\/wp-json\/wp\/v2\/posts"}],"about":[{"href":"https:\/\/blogs.fu-berlin.de\/migration\/wp-json\/wp\/v2\/types\/post"}],"author":[{"embeddable":true,"href":"https:\/\/blogs.fu-berlin.de\/migration\/wp-json\/wp\/v2\/users\/6325"}],"replies":[{"embeddable":true,"href":"https:\/\/blogs.fu-berlin.de\/migration\/wp-json\/wp\/v2\/comments?post=737"}],"version-history":[{"count":1,"href":"https:\/\/blogs.fu-berlin.de\/migration\/wp-json\/wp\/v2\/posts\/737\/revisions"}],"predecessor-version":[{"id":738,"href":"https:\/\/blogs.fu-berlin.de\/migration\/wp-json\/wp\/v2\/posts\/737\/revisions\/738"}],"wp:attachment":[{"href":"https:\/\/blogs.fu-berlin.de\/migration\/wp-json\/wp\/v2\/media?parent=737"}],"wp:term":[{"taxonomy":"category","embeddable":true,"href":"https:\/\/blogs.fu-berlin.de\/migration\/wp-json\/wp\/v2\/categories?post=737"},{"taxonomy":"post_tag","embeddable":true,"href":"https:\/\/blogs.fu-berlin.de\/migration\/wp-json\/wp\/v2\/tags?post=737"}],"curies":[{"name":"wp","href":"https:\/\/api.w.org\/{rel}","templated":true}]}}