{"id":751,"date":"2021-05-30T22:37:10","date_gmt":"2021-05-30T20:37:10","guid":{"rendered":"https:\/\/blogs.fu-berlin.de\/migration\/?p=751"},"modified":"2021-05-30T22:37:10","modified_gmt":"2021-05-30T20:37:10","slug":"la-vida-de-nos-reportagen-aus-dem-alltag-in-venezuela","status":"publish","type":"post","link":"https:\/\/blogs.fu-berlin.de\/migration\/2021\/05\/30\/la-vida-de-nos-reportagen-aus-dem-alltag-in-venezuela\/","title":{"rendered":"La vida de nos \u2013 Reportagen aus dem Alltag in Venezuela"},"content":{"rendered":"\n<p>Die Website <em><a href=\"https:\/\/www.lavidadenos.com\">La vida de nos<\/a><\/em> ist eine Plattform f\u00fcr gesammelte Geschichten aus dem Alltag in Venezuela. Seit 2016 betreibt eine Gruppe venezolanischer Schriftsteller und Journalistinnen das Reportageportal. Die Organisation <em>La vida de nos<\/em> l\u00e4sst \u201eunbekannte\u201c Menschen ihre pers\u00f6nlichen Geschichten erz\u00e4hlen: <em>Historias de todos, contadas por cada uno. <\/em>Durch die Kunst des Erz\u00e4hlens werden Erinnerung gewahrt, die dabei helfen, das heutige Venezuela zu verstehen. Es geht darum Geschichten zu teilen, die die Leserinnen und Leser verbinden und bewegen. In journalistischen Beitr\u00e4gen sowie literarischen Erz\u00e4hlungen, erz\u00e4hlen Venezolanerinnen und Venezolaner von Hunger, Gewalterfahrung, Flucht und R\u00fcckkehr \u2013 aber auch von Hilfsbereitschaft und solidarischem Handeln. Die in Zusammenarbeit mit der kolumbianischen NGO <em>Dejusticia<\/em> entstandene Serie <em><a href=\"https:\/\/www.lavidadenos.com\/losconfinados\/\">Los Confinados<\/a><\/em> thematisiert die venezolanische Migration Richtung Kolumbien und zeigt eindringlich was Migration in einer Pandemie bedeutet.<\/p>\n","protected":false},"excerpt":{"rendered":"<p>Die Website La vida de nos ist eine Plattform f\u00fcr gesammelte Geschichten aus dem Alltag in Venezuela. Seit 2016 betreibt eine Gruppe venezolanischer Schriftsteller und Journalistinnen das Reportageportal. Die Organisation La vida de nos l\u00e4sst \u201eunbekannte\u201c Menschen ihre pers\u00f6nlichen Geschichten erz\u00e4hlen: Historias de todos, contadas por cada uno. Durch die Kunst des Erz\u00e4hlens werden Erinnerung [&hellip;]<\/p>\n","protected":false},"author":6302,"featured_media":0,"comment_status":"open","ping_status":"open","sticky":false,"template":"","format":"standard","meta":{"footnotes":""},"categories":[9],"tags":[90462],"class_list":["post-751","post","type-post","status-publish","format-standard","hentry","category-allgemein","tag-migracion"],"_links":{"self":[{"href":"https:\/\/blogs.fu-berlin.de\/migration\/wp-json\/wp\/v2\/posts\/751","targetHints":{"allow":["GET"]}}],"collection":[{"href":"https:\/\/blogs.fu-berlin.de\/migration\/wp-json\/wp\/v2\/posts"}],"about":[{"href":"https:\/\/blogs.fu-berlin.de\/migration\/wp-json\/wp\/v2\/types\/post"}],"author":[{"embeddable":true,"href":"https:\/\/blogs.fu-berlin.de\/migration\/wp-json\/wp\/v2\/users\/6302"}],"replies":[{"embeddable":true,"href":"https:\/\/blogs.fu-berlin.de\/migration\/wp-json\/wp\/v2\/comments?post=751"}],"version-history":[{"count":2,"href":"https:\/\/blogs.fu-berlin.de\/migration\/wp-json\/wp\/v2\/posts\/751\/revisions"}],"predecessor-version":[{"id":753,"href":"https:\/\/blogs.fu-berlin.de\/migration\/wp-json\/wp\/v2\/posts\/751\/revisions\/753"}],"wp:attachment":[{"href":"https:\/\/blogs.fu-berlin.de\/migration\/wp-json\/wp\/v2\/media?parent=751"}],"wp:term":[{"taxonomy":"category","embeddable":true,"href":"https:\/\/blogs.fu-berlin.de\/migration\/wp-json\/wp\/v2\/categories?post=751"},{"taxonomy":"post_tag","embeddable":true,"href":"https:\/\/blogs.fu-berlin.de\/migration\/wp-json\/wp\/v2\/tags?post=751"}],"curies":[{"name":"wp","href":"https:\/\/api.w.org\/{rel}","templated":true}]}}