{"id":756,"date":"2021-05-31T02:40:24","date_gmt":"2021-05-31T00:40:24","guid":{"rendered":"https:\/\/blogs.fu-berlin.de\/migration\/?p=756"},"modified":"2021-07-30T18:21:07","modified_gmt":"2021-07-30T16:21:07","slug":"migracion-laboral-movilidad-en-el-mundo-del-trabajo-ante-la-pandemia-de-la-covid-19-en-america-latina-y-el-caribe-2021","status":"publish","type":"post","link":"https:\/\/blogs.fu-berlin.de\/migration\/2021\/05\/31\/migracion-laboral-movilidad-en-el-mundo-del-trabajo-ante-la-pandemia-de-la-covid-19-en-america-latina-y-el-caribe-2021\/","title":{"rendered":"Migraci\u00f3n laboral, movilidad en el mundo del trabajo ante la pandemia de la COVID-19 en Am\u00e9rica Latina y el Caribe (2021)"},"content":{"rendered":"\n<p>Die Arbeitslosigkeit ist, neben vielen weiteren Gr\u00fcnden, ein zentraler Aspekt wieso Menschen ihre Heimat verlassen und im Ausland Arbeit suchen. Die schon schwierige Situation von Migrant*innen wird durch die aktuell herrschende weltweite Pandemie jedoch weiter verschlechtert. \u00a0Beispiele, die die Situation versch\u00e4rften sind die zahlreichen Grenzschlie\u00dfungen im Jahr 2020, die eingef\u00fchrten Quarant\u00e4neregelungen sowie das Runterfahren der Wirtschaft.<\/p>\n\n\n\n<p>\u00dcber die aktuelle Arbeitssituation von Migrant*innen aus Lateinamerika in der Pandemie berichtet die Organizaci\u00f3n Internacional del Trabajo (OIT) mit dem erst im April 2021 ver\u00f6ffentlichten Bericht <em><a href=\"https:\/\/www.ilo.org\/wcmsp5\/groups\/public\/---americas\/---ro-lima\/documents\/publication\/wcms_778606.pdf\">Migraci\u00f3n laboral, movilidad en el mundo del trabajo ante la pandemia de la COVID-19 en Am\u00e9rica Latina y el Caribe<\/a><\/em>.<\/p>\n\n\n\n<p>Aufgerufen sowie heruntergeladen kann dieser auch auf der folgenden Webseite: <em><a href=\"https:\/\/www.ilo.org\/americas\/publicaciones\/WCMS_778606\/lang--es\/index.htm\">https:\/\/www.ilo.org\/americas\/publicaciones\/WCMS_778606\/lang&#8211;es\/index.htm<\/a><\/em><\/p>\n","protected":false},"excerpt":{"rendered":"<p>Die Arbeitslosigkeit ist, neben vielen weiteren Gr\u00fcnden, ein zentraler Aspekt wieso Menschen ihre Heimat verlassen und im Ausland Arbeit suchen. Die schon schwierige Situation von Migrant*innen wird durch die aktuell herrschende weltweite Pandemie jedoch weiter verschlechtert. \u00a0Beispiele, die die Situation versch\u00e4rften sind die zahlreichen Grenzschlie\u00dfungen im Jahr 2020, die eingef\u00fchrten Quarant\u00e4neregelungen sowie das Runterfahren der [&hellip;]<\/p>\n","protected":false},"author":6316,"featured_media":0,"comment_status":"open","ping_status":"open","sticky":false,"template":"","format":"standard","meta":{"footnotes":""},"categories":[91493,9],"tags":[237832],"class_list":["post-756","post","type-post","status-publish","format-standard","hentry","category-91493","category-allgemein","tag-pandemie"],"_links":{"self":[{"href":"https:\/\/blogs.fu-berlin.de\/migration\/wp-json\/wp\/v2\/posts\/756","targetHints":{"allow":["GET"]}}],"collection":[{"href":"https:\/\/blogs.fu-berlin.de\/migration\/wp-json\/wp\/v2\/posts"}],"about":[{"href":"https:\/\/blogs.fu-berlin.de\/migration\/wp-json\/wp\/v2\/types\/post"}],"author":[{"embeddable":true,"href":"https:\/\/blogs.fu-berlin.de\/migration\/wp-json\/wp\/v2\/users\/6316"}],"replies":[{"embeddable":true,"href":"https:\/\/blogs.fu-berlin.de\/migration\/wp-json\/wp\/v2\/comments?post=756"}],"version-history":[{"count":1,"href":"https:\/\/blogs.fu-berlin.de\/migration\/wp-json\/wp\/v2\/posts\/756\/revisions"}],"predecessor-version":[{"id":757,"href":"https:\/\/blogs.fu-berlin.de\/migration\/wp-json\/wp\/v2\/posts\/756\/revisions\/757"}],"wp:attachment":[{"href":"https:\/\/blogs.fu-berlin.de\/migration\/wp-json\/wp\/v2\/media?parent=756"}],"wp:term":[{"taxonomy":"category","embeddable":true,"href":"https:\/\/blogs.fu-berlin.de\/migration\/wp-json\/wp\/v2\/categories?post=756"},{"taxonomy":"post_tag","embeddable":true,"href":"https:\/\/blogs.fu-berlin.de\/migration\/wp-json\/wp\/v2\/tags?post=756"}],"curies":[{"name":"wp","href":"https:\/\/api.w.org\/{rel}","templated":true}]}}