{"id":761,"date":"2021-05-31T11:24:12","date_gmt":"2021-05-31T09:24:12","guid":{"rendered":"https:\/\/blogs.fu-berlin.de\/migration\/?p=761"},"modified":"2021-08-11T16:55:10","modified_gmt":"2021-08-11T14:55:10","slug":"filmempfehlung-asalto-al-sueno","status":"publish","type":"post","link":"https:\/\/blogs.fu-berlin.de\/migration\/2021\/05\/31\/filmempfehlung-asalto-al-sueno\/","title":{"rendered":"Filmempfehlung: &#8222;Asalto al Sue\u00f1o&#8220;"},"content":{"rendered":"\n<p>Der Dokumentarfilm &#8222;Asalto al Sue\u00f1o&#8220; (2007) vom berliner Regisseur <a rel=\"noreferrer noopener\" href=\"http:\/\/iskacine.com\/?debut_losfilms=3#pagination_losfilms\" target=\"_blank\">Uli Stelzner<\/a> beleuchtet die Situation mittelamerikanischer Migrant*innen an der mexikanischen S\u00fcdgrenze auf ihrem Weg in die USA. <\/p>\n\n\n\n<p>Nur mit einer Digitalkamera ausgestattet, begleitet der Regisseur Migrant*innen zwischen Tec\u00fan \u00daman in Guatemala und Tapachula in S\u00fcdmexiko, wo viele den Frachtzug <a href=\"https:\/\/blogs.fu-berlin.de\/migration\/2021\/05\/30\/la-bestia-el-tren-de-la-muerte\/\" target=\"_blank\" rel=\"noreferrer noopener\">&#8222;La Bestia&#8220;<\/a> besteigen.<\/p>\n\n\n\n<p>Momentaufnahmen und Interviews vor und hinter der Grenze, an den Bahngleisen, in einer Migrant*innen Unterkunft und in einem Gef\u00e4ngnis f\u00fcgen sich zusammen zu einem eindrucksvollen Mosaik von Verzweiflung, Gewalt und Entt\u00e4uschung, aber auch von Hoffnung und Kameradschaft, die Menschen auf diesem Weg begleitet. <\/p>\n\n\n\n<p>Den Dokumentarfilm kann man auf Spanisch mit Englischen Untertiteln hier ansehen: <a href=\"https:\/\/www.youtube.com\/watch?v=RwGzOg9ZrN8\" target=\"_blank\" rel=\"noreferrer noopener\">https:\/\/www.youtube.com\/watch?v=RwGzOg9ZrN8 <\/a><\/p>\n\n\n\n<p><\/p>\n","protected":false},"excerpt":{"rendered":"<p>Der Dokumentarfilm &#8222;Asalto al Sue\u00f1o&#8220; (2007) vom berliner Regisseur Uli Stelzner beleuchtet die Situation mittelamerikanischer Migrant*innen an der mexikanischen S\u00fcdgrenze auf ihrem Weg in die USA. Nur mit einer Digitalkamera ausgestattet, begleitet der Regisseur Migrant*innen zwischen Tec\u00fan \u00daman in Guatemala und Tapachula in S\u00fcdmexiko, wo viele den Frachtzug &#8222;La Bestia&#8220; besteigen. Momentaufnahmen und Interviews vor [&hellip;]<\/p>\n","protected":false},"author":6310,"featured_media":0,"comment_status":"open","ping_status":"open","sticky":false,"template":"","format":"standard","meta":{"footnotes":""},"categories":[91493,848,90436,90479,90441,91476],"tags":[],"class_list":["post-761","post","type-post","status-publish","format-standard","hentry","category-91493","category-dokumentarfilm","category-flucht","category-migration-nach-und-in-den-amerikas","category-migrationsgeschichten","category-zentralamerika"],"_links":{"self":[{"href":"https:\/\/blogs.fu-berlin.de\/migration\/wp-json\/wp\/v2\/posts\/761","targetHints":{"allow":["GET"]}}],"collection":[{"href":"https:\/\/blogs.fu-berlin.de\/migration\/wp-json\/wp\/v2\/posts"}],"about":[{"href":"https:\/\/blogs.fu-berlin.de\/migration\/wp-json\/wp\/v2\/types\/post"}],"author":[{"embeddable":true,"href":"https:\/\/blogs.fu-berlin.de\/migration\/wp-json\/wp\/v2\/users\/6310"}],"replies":[{"embeddable":true,"href":"https:\/\/blogs.fu-berlin.de\/migration\/wp-json\/wp\/v2\/comments?post=761"}],"version-history":[{"count":2,"href":"https:\/\/blogs.fu-berlin.de\/migration\/wp-json\/wp\/v2\/posts\/761\/revisions"}],"predecessor-version":[{"id":765,"href":"https:\/\/blogs.fu-berlin.de\/migration\/wp-json\/wp\/v2\/posts\/761\/revisions\/765"}],"wp:attachment":[{"href":"https:\/\/blogs.fu-berlin.de\/migration\/wp-json\/wp\/v2\/media?parent=761"}],"wp:term":[{"taxonomy":"category","embeddable":true,"href":"https:\/\/blogs.fu-berlin.de\/migration\/wp-json\/wp\/v2\/categories?post=761"},{"taxonomy":"post_tag","embeddable":true,"href":"https:\/\/blogs.fu-berlin.de\/migration\/wp-json\/wp\/v2\/tags?post=761"}],"curies":[{"name":"wp","href":"https:\/\/api.w.org\/{rel}","templated":true}]}}