{"id":770,"date":"2021-05-31T13:02:32","date_gmt":"2021-05-31T11:02:32","guid":{"rendered":"https:\/\/blogs.fu-berlin.de\/migration\/?p=770"},"modified":"2021-07-05T12:35:58","modified_gmt":"2021-07-05T10:35:58","slug":"comentario-sobre-documentario-amexica","status":"publish","type":"post","link":"https:\/\/blogs.fu-berlin.de\/migration\/2021\/05\/31\/comentario-sobre-documentario-amexica\/","title":{"rendered":"Coment\u00e1rio sobre Document\u00e1rio &#8222;Amexica&#8220;"},"content":{"rendered":"\n<p>O document\u00e1rio &#8222;Amexica&#8220; retrata a crise migrat\u00f3ria na fronteira M\u00e9xico\/Estados Unidos de diferentes perspectivas. O document\u00e1rio inclui hist\u00f3rias de migrante em situa\u00e7\u00e3o informal nos Estados Unidos que lutam por direitos de migrantes e refugiados em solo Americano como tamb\u00e9m de detentos em campos de migra\u00e7\u00e3o perto da fronteira. Parte do filme \u00e9 gravado dentro do campo de migrantes e mostra as p\u00e9ssimas condi\u00e7\u00f5es com que os detentos s\u00e3o tratados. O document\u00e1rio da voz a v\u00e1rios atores que tem pouca visibilidade nessa crise como os &#8222;Coyotes&#8220; que trabalharam com o tr\u00e1fico ilegal de pessoas atrav\u00e9s da fronteira. Uma mulher que trabalhava como coyote apresenta um depoimento forte de como os migrantes eram enganados e explorados, aumentando ainda mais a situa\u00e7\u00e3o de vulnerabilidade. Entrevistas com cidad\u00e3o americanos, que se op\u00f5em a migra\u00e7\u00e3o, tamb\u00e9m s\u00e3o apresentadas. Nessas entrevistas, Americanos justificam sua oposi\u00e7\u00e3o a chegada de migrantes e suas atitudes para impedir essa chegada. Algumas dessas atitudes pode at\u00e9 ser comparadas com a forma\u00e7\u00e3o de uma mil\u00edcia armada para impedir a chegada de migrantes Mexicanos. <\/p>\n","protected":false},"excerpt":{"rendered":"<p>O document\u00e1rio &#8222;Amexica&#8220; retrata a crise migrat\u00f3ria na fronteira M\u00e9xico\/Estados Unidos de diferentes perspectivas. O document\u00e1rio inclui hist\u00f3rias de migrante em situa\u00e7\u00e3o informal nos Estados Unidos que lutam por direitos de migrantes e refugiados em solo Americano como tamb\u00e9m de detentos em campos de migra\u00e7\u00e3o perto da fronteira. Parte do filme \u00e9 gravado dentro do [&hellip;]<\/p>\n","protected":false},"author":6304,"featured_media":0,"comment_status":"open","ping_status":"open","sticky":false,"template":"","format":"standard","meta":{"footnotes":""},"categories":[91493,9,848,12195,90436,90479],"tags":[],"class_list":["post-770","post","type-post","status-publish","format-standard","hentry","category-91493","category-allgemein","category-dokumentarfilm","category-filmkritik","category-flucht","category-migration-nach-und-in-den-amerikas"],"_links":{"self":[{"href":"https:\/\/blogs.fu-berlin.de\/migration\/wp-json\/wp\/v2\/posts\/770","targetHints":{"allow":["GET"]}}],"collection":[{"href":"https:\/\/blogs.fu-berlin.de\/migration\/wp-json\/wp\/v2\/posts"}],"about":[{"href":"https:\/\/blogs.fu-berlin.de\/migration\/wp-json\/wp\/v2\/types\/post"}],"author":[{"embeddable":true,"href":"https:\/\/blogs.fu-berlin.de\/migration\/wp-json\/wp\/v2\/users\/6304"}],"replies":[{"embeddable":true,"href":"https:\/\/blogs.fu-berlin.de\/migration\/wp-json\/wp\/v2\/comments?post=770"}],"version-history":[{"count":1,"href":"https:\/\/blogs.fu-berlin.de\/migration\/wp-json\/wp\/v2\/posts\/770\/revisions"}],"predecessor-version":[{"id":771,"href":"https:\/\/blogs.fu-berlin.de\/migration\/wp-json\/wp\/v2\/posts\/770\/revisions\/771"}],"wp:attachment":[{"href":"https:\/\/blogs.fu-berlin.de\/migration\/wp-json\/wp\/v2\/media?parent=770"}],"wp:term":[{"taxonomy":"category","embeddable":true,"href":"https:\/\/blogs.fu-berlin.de\/migration\/wp-json\/wp\/v2\/categories?post=770"},{"taxonomy":"post_tag","embeddable":true,"href":"https:\/\/blogs.fu-berlin.de\/migration\/wp-json\/wp\/v2\/tags?post=770"}],"curies":[{"name":"wp","href":"https:\/\/api.w.org\/{rel}","templated":true}]}}