{"id":772,"date":"2021-05-31T13:25:00","date_gmt":"2021-05-31T11:25:00","guid":{"rendered":"https:\/\/blogs.fu-berlin.de\/migration\/?p=772"},"modified":"2021-05-31T13:25:00","modified_gmt":"2021-05-31T11:25:00","slug":"chile-y-la-actual-situacion-migratoria","status":"publish","type":"post","link":"https:\/\/blogs.fu-berlin.de\/migration\/2021\/05\/31\/chile-y-la-actual-situacion-migratoria\/","title":{"rendered":"Chile y la actual situaci\u00f3n migratoria"},"content":{"rendered":"\n<p>Durante los primeros meses del 2021, la frontera norte del pa\u00eds sufri\u00f3 un importante colapso a prop\u00f3sito del gran n\u00famero de personas migrantes de ingresaron al pa\u00eds por pasos no habilitados. Eso hizo que Colchane, una peque\u00f1a localidad en la frontera norte del pa\u00eds doblara su poblaci\u00f3n habitual por la llegada de m\u00e1s de mil personas migrantes. El pueblo tiene condiciones ambientales extremas y dif\u00edcil acceso, adem\u00e1s de falta de infraestructura y la crisis del covid, gener\u00f3 una grave situaci\u00f3n en la zona.&nbsp;<\/p>\n\n\n\n<p>La respuesta del gobierno de Pi\u00f1era fue expulsar inmediatamente a un elevado n\u00famero de personas migrantes que se encontraban en la localidad y que hab\u00edan entrado al pa\u00eds de forma irregular por pasos no habilitados. Esto ha creado no solo la resistencia de las propias personas migrantes, sino tambi\u00e9n de la oposici\u00f3n y de poder judicial, debido a la arbitrariedad de la expulsi\u00f3n y la falta de protocolos, as\u00ed como de debido proceso para su ejecuci\u00f3n.&nbsp;<\/p>\n\n\n\n<p>A todo esto, hay que sumarle la nueva ley de migraciones que promulg\u00f3 Chile en abril del presente a\u00f1o. Mencionada ley busca, en palabras de gobierno, \u201cordenar la casa\u201d poniendo m\u00e1s barreras de entrada a las personas que deseen migrar. La nueva ley plantea la solicitud de visas en los pa\u00edses de or\u00edgenes, imposibilitando la regularizaci\u00f3n migratoria una vez en el pa\u00eds. Sin embargo, tales pol\u00edticas no disminuyen el n\u00famero de personas que ingresan al pa\u00eds, sino mas bien las deja en mayores situaciones de vulnerabilidad.&nbsp;<\/p>\n\n\n\n<p>Para m\u00e1s informaci\u00f3n sobre la situaci\u00f3n en el norte de Chile, les propongo los siguientes links:<\/p>\n\n\n\n<ul class=\"wp-block-list\"><li><a href=\"https:\/\/www.diarioconstitucional.cl\/articulos\/problemas-de-debido-proceso-en-la-expulsion-administrativa-por-ingreso-clandestino-de-inmigrantes\/\">https:\/\/www.diarioconstitucional.cl\/articulos\/problemas-de-debido-proceso-en-la-expulsion-administrativa-por-ingreso-clandestino-de-inmigrantes\/<\/a><\/li><li><a href=\"https:\/\/www.bbc.com\/mundo\/noticias-america-latina-55950140\">https:\/\/www.bbc.com\/mundo\/noticias-america-latina-55950140<\/a><\/li><li><a href=\"https:\/\/www.ciperchile.cl\/2021\/04\/27\/nueva-ley-de-migraciones-por-que-precariza-el-trabajo-y-la-residencia-de-los-migrantes-y-puede-promover-mas-ingresos-clandestinos\/\">https:\/\/www.ciperchile.cl\/2021\/04\/27\/nueva-ley-de-migraciones-por-que-precariza-el-trabajo-y-la-residencia-de-los-migrantes-y-puede-promover-mas-ingresos-clandestinos\/<\/a><\/li><\/ul>\n","protected":false},"excerpt":{"rendered":"<p>Durante los primeros meses del 2021, la frontera norte del pa\u00eds sufri\u00f3 un importante colapso a prop\u00f3sito del gran n\u00famero de personas migrantes de ingresaron al pa\u00eds por pasos no habilitados. Eso hizo que Colchane, una peque\u00f1a localidad en la frontera norte del pa\u00eds doblara su poblaci\u00f3n habitual por la llegada de m\u00e1s de mil [&hellip;]<\/p>\n","protected":false},"author":6314,"featured_media":0,"comment_status":"open","ping_status":"open","sticky":false,"template":"","format":"standard","meta":{"footnotes":""},"categories":[9],"tags":[],"class_list":["post-772","post","type-post","status-publish","format-standard","hentry","category-allgemein"],"_links":{"self":[{"href":"https:\/\/blogs.fu-berlin.de\/migration\/wp-json\/wp\/v2\/posts\/772","targetHints":{"allow":["GET"]}}],"collection":[{"href":"https:\/\/blogs.fu-berlin.de\/migration\/wp-json\/wp\/v2\/posts"}],"about":[{"href":"https:\/\/blogs.fu-berlin.de\/migration\/wp-json\/wp\/v2\/types\/post"}],"author":[{"embeddable":true,"href":"https:\/\/blogs.fu-berlin.de\/migration\/wp-json\/wp\/v2\/users\/6314"}],"replies":[{"embeddable":true,"href":"https:\/\/blogs.fu-berlin.de\/migration\/wp-json\/wp\/v2\/comments?post=772"}],"version-history":[{"count":2,"href":"https:\/\/blogs.fu-berlin.de\/migration\/wp-json\/wp\/v2\/posts\/772\/revisions"}],"predecessor-version":[{"id":774,"href":"https:\/\/blogs.fu-berlin.de\/migration\/wp-json\/wp\/v2\/posts\/772\/revisions\/774"}],"wp:attachment":[{"href":"https:\/\/blogs.fu-berlin.de\/migration\/wp-json\/wp\/v2\/media?parent=772"}],"wp:term":[{"taxonomy":"category","embeddable":true,"href":"https:\/\/blogs.fu-berlin.de\/migration\/wp-json\/wp\/v2\/categories?post=772"},{"taxonomy":"post_tag","embeddable":true,"href":"https:\/\/blogs.fu-berlin.de\/migration\/wp-json\/wp\/v2\/tags?post=772"}],"curies":[{"name":"wp","href":"https:\/\/api.w.org\/{rel}","templated":true}]}}