{"id":795,"date":"2021-06-03T11:42:33","date_gmt":"2021-06-03T09:42:33","guid":{"rendered":"https:\/\/blogs.fu-berlin.de\/migration\/?p=795"},"modified":"2021-08-04T10:36:35","modified_gmt":"2021-08-04T08:36:35","slug":"atlas-der-migration","status":"publish","type":"post","link":"https:\/\/blogs.fu-berlin.de\/migration\/2021\/06\/03\/atlas-der-migration\/","title":{"rendered":"Atlas der Migration"},"content":{"rendered":"\n<p><\/p>\n\n\n\n<p><a href=\"https:\/\/www.rosalux.de\/fileadmin\/rls_uploads\/pdfs\/sonst_publikationen\/atlasdermigration2019_III_web_201207.pdf\">\u201eDer Atlas der Migration\u201c<\/a> ist eine j\u00e4hrliche Publikation der Rosa Luxemburg Stiftung und erschien zuletzt im Jahr 2020.\u00a0<\/p>\n\n\n\n<p><br>Die Intention der Herausgeber*innen ist es den Blick auf Migration und ihre Akteur*innen zu ver\u00e4ndern.\u00a0<br>In vielen Teilen der Welt wird Migration als Bedrohung f\u00fcr die Gesellschaften in den Ziell\u00e4ndern gesehen, doch tats\u00e4chlich k\u00f6nnen wir davon profitieren. Durch einen differenzierten Umgang mit und der Anerkennung von Fakten wird deutlich, dass Migration unsere Gesellschaft im demokratischem Sinne pluralisiert und zu einer Gesellschaft wandelt, in welcher die Bewegungsfreiheit und der Schutz von Menschen als Menschenrechte gelten.<\/p>\n\n\n\n<p><\/p>\n\n\n\n<p>Auf 50 Seiten beleuchten verschiedene Autor*innen die aktuelle gesellschaftliche Lage sowie die historischen Hintergr\u00fcnde f\u00fcr Migration.\u00a0<br>Zur Veranschaulichung werden Beispiele aus aller Welt herangezogen. Neben Einwanderungsgesetzen der verschiedenen L\u00e4ndern, werden auch die vorherrschenden Arten von Migration, die Schwierigkeiten und Gewalt der fl\u00fcchtende Menschen auf ihren Routen ausgesetzt sind und die Situationen in den Ziell\u00e4ndern zwischen gro\u00dfen solidarischen Bewegungen und Rechtspopulismus analysiert.<\/p>\n\n\n\n<p><\/p>\n\n\n\n<p>Anhand zahlreicher Karten und Grafiken werden die Informationen und Daten visuell veranschaulicht.\u00a0<\/p>\n","protected":false},"excerpt":{"rendered":"<p>\u201eDer Atlas der Migration\u201c ist eine j\u00e4hrliche Publikation der Rosa Luxemburg Stiftung und erschien zuletzt im Jahr 2020.\u00a0 Die Intention der Herausgeber*innen ist es den Blick auf Migration und ihre Akteur*innen zu ver\u00e4ndern.\u00a0In vielen Teilen der Welt wird Migration als Bedrohung f\u00fcr die Gesellschaften in den Ziell\u00e4ndern gesehen, doch tats\u00e4chlich k\u00f6nnen wir davon profitieren. Durch [&hellip;]<\/p>\n","protected":false},"author":6311,"featured_media":0,"comment_status":"open","ping_status":"open","sticky":false,"template":"","format":"standard","meta":{"footnotes":""},"categories":[91408,63],"tags":[91523,451],"class_list":["post-795","post","type-post","status-publish","format-standard","hentry","category-medien-und-literatur","category-links","tag-infomaterial","tag-literatur"],"_links":{"self":[{"href":"https:\/\/blogs.fu-berlin.de\/migration\/wp-json\/wp\/v2\/posts\/795","targetHints":{"allow":["GET"]}}],"collection":[{"href":"https:\/\/blogs.fu-berlin.de\/migration\/wp-json\/wp\/v2\/posts"}],"about":[{"href":"https:\/\/blogs.fu-berlin.de\/migration\/wp-json\/wp\/v2\/types\/post"}],"author":[{"embeddable":true,"href":"https:\/\/blogs.fu-berlin.de\/migration\/wp-json\/wp\/v2\/users\/6311"}],"replies":[{"embeddable":true,"href":"https:\/\/blogs.fu-berlin.de\/migration\/wp-json\/wp\/v2\/comments?post=795"}],"version-history":[{"count":2,"href":"https:\/\/blogs.fu-berlin.de\/migration\/wp-json\/wp\/v2\/posts\/795\/revisions"}],"predecessor-version":[{"id":797,"href":"https:\/\/blogs.fu-berlin.de\/migration\/wp-json\/wp\/v2\/posts\/795\/revisions\/797"}],"wp:attachment":[{"href":"https:\/\/blogs.fu-berlin.de\/migration\/wp-json\/wp\/v2\/media?parent=795"}],"wp:term":[{"taxonomy":"category","embeddable":true,"href":"https:\/\/blogs.fu-berlin.de\/migration\/wp-json\/wp\/v2\/categories?post=795"},{"taxonomy":"post_tag","embeddable":true,"href":"https:\/\/blogs.fu-berlin.de\/migration\/wp-json\/wp\/v2\/tags?post=795"}],"curies":[{"name":"wp","href":"https:\/\/api.w.org\/{rel}","templated":true}]}}