{"id":986,"date":"2021-07-28T23:08:10","date_gmt":"2021-07-28T21:08:10","guid":{"rendered":"https:\/\/blogs.fu-berlin.de\/migration\/?p=986"},"modified":"2021-08-03T11:49:15","modified_gmt":"2021-08-03T09:49:15","slug":"migrar-en-cuerpos-feminizados","status":"publish","type":"post","link":"https:\/\/blogs.fu-berlin.de\/migration\/2021\/07\/28\/migrar-en-cuerpos-feminizados\/","title":{"rendered":"Migrar en cuerpos feminizados"},"content":{"rendered":"\n<p class=\"has-text-align-left\"><strong>Mujeres y disidencias en el paso de la frontera entre Venezuela y Colombia<\/strong><\/p>\n\n\n\n<div style=\"height:20px\" aria-hidden=\"true\" class=\"wp-block-spacer\"><\/div>\n\n\n\n<p class=\"has-text-align-right\"><\/p>\n\n\n\n<p>El transito contempor\u00e1neo entre Colombia y Venezuela ha estado marcado por diferentes patrones de migraci\u00f3n que han variado por condiciones econ\u00f3micas y pol\u00edticas de ambos pa\u00edses. Aun as\u00ed, Colombia y Venezuela comparten una frontera terrestre de 2.219 kil\u00f3metros <a href=\"https:\/\/www.cancilleria.gov.co\/frontera-terrestre-colombia-venezuela\">1<\/a> y en mucho de ese territorio se encuentran tierras ancestrales, en donde tanto grupos \u00e9tnicos, como otras comunidades han mantenido movimientos constantes, que han ido m\u00e1s all\u00e1 de los fen\u00f3menos migratorios. Factores como el boom del petr\u00f3leo en los a\u00f1os 40s, la ca\u00edda de su precio a partir del a\u00f1o 2014, o la constante de la crisis del conflicto armado en Colombia, alza el movimiento y el cruce de las fronteras de cuidadanxs entre Colombia y Venezuela. Sin embargo, entre los gobiernos de ambos pa\u00edses las relaciones han estado marcadas por disputas que conllevan a acciones en las fronteras terrestres.&nbsp;<\/p>\n\n\n\n<p>De esta manera, en el a\u00f1o 2015 fue declarado el cierre al paso de veh\u00edculos entre Colombia y Venezuela por orden del Gobierno de Nicol\u00e1s Maduro <a href=\"https:\/\/www.portafolio.co\/economia\/asi-se-concentra-la-poblacion-migrante-venezolana-en-colombia-548680\">2<\/a>, argumentando el alza del contrabando a manos de grupos criminales de Colombia. A\u00f1os m\u00e1s tarde, en el 2018, en Venezuela se agudiz\u00f3 la problem\u00e1tica de la hiperinflaci\u00f3n, que dej\u00f3 grandes problemas econ\u00f3micos. Esta situaci\u00f3n llev\u00f3 a que muchxs ciudadanxs Venezolanxs migraran, en diferentes condiciones y adem\u00e1s, otras personas que hab\u00edan migrado a\u00f1os atr\u00e1s a Venezuela, decidieron retornar a sus pa\u00edses de origen. En este contexto, se empez\u00f3 a ver grandes movimientos de personas, que caminando, sal\u00edan de Venezuela hacia Colombia, que ser\u00eda pa\u00eds de transito o su pa\u00eds de origen. Sin embargo, en el a\u00f1o 2019 se suspenden las relaciones entre ambos pa\u00edses, tras una decisi\u00f3n del Gobierno Venezolano, que trajo como consecuencia el cierre de la circulaci\u00f3n de personas entre las fronteras de estos pa\u00edses. Dada la pandemia por el virus de Covid-19, el Gobierno Colombiano orden\u00f3 el cierre de los pasos fronterizos y fluviales en marzo del a\u00f1o 2019 y decidi\u00f3 su apertura nuevamente, de manera unilateral <a href=\"https:\/\/www.france24.com\/es\/am\u00e9rica-latina\/20210602-colombia-reapertura-unilateral-fronteras-venezuela\">3<\/a>, en Junio del a\u00f1o 2021.<\/p>\n\n\n\n<p>En este complejo de decisiones Estatales sobre las fronteras terrestres, han quedado muchas personas que vieron su proceso de migraci\u00f3n dificultado y en muchos casos, ilegalizado. Y al estar el flujo terrestre marcado por cuestiones econ\u00f3micas, debido a que la migraci\u00f3n para muchas otras personas que ten\u00edan mayor poder adquisitivo se sigui\u00f3 dando por v\u00edas \u00e1reas, estas decisiones afectaron a quienes s\u00f3lo ve\u00edan en el caminar kil\u00f3metros, la posibilidad de su transito sin garant\u00edas de seguridad en este proceso. De esta manera, se vieron adem\u00e1s afectadas poblaciones que transitaban hist\u00f3ricamente entre estas dos naciones y a quienes declararon su paso como ilegal.<\/p>\n\n\n\n<p>Por otro lado, una de las grandes problem\u00e1ticas que existe en muchos de los pasos fronterizos entre Colombia y Venezuela, es la disputa por el dominio del territorio. Esta b\u00fasqueda de control ha estado marcada y protagonizada tanto por los Estados de ambas naciones, como por grupos armados ilegales. Por parte de los Estados, la presencia se torna en la b\u00fasqueda por su soberan\u00eda, que les legitima actos violentos sobre los cuerpos de las personas que habitan en el territorio fronterizo. Esta disputa la han dado tambi\u00e9n las guerrillas, tanto en enfrentamiento con el Estado como entre otros grupos armados ilegales y que tienen como fin el control territorial, para el establecimiento de negocios il\u00edcitos. En este contexto han sabido establecerse violencias sobre los cuerpos que buscan el transito entre pa\u00edses o aquellos que habitan los territorios que est\u00e1n en disputa.<\/p>\n\n\n\n<blockquote class=\"wp-block-quote has-text-align-right is-layout-flow wp-block-quote-is-layout-flow\"><p><em>&nbsp;\u201cEsto no es una frontera, esto es un rio\u201d&nbsp;<\/em><a href=\"https:\/\/www.spreaker.com\/user\/urosarioradio\/crisis-en-las-riberas-del-arauca-vibrado\">4<\/a><\/p><cite>Ver Notas<\/cite><\/blockquote>\n\n\n\n<p>En esta din\u00e1mica, han estado comunidades que han visto a su territorio ser disputado por el control y con esto, a sus cuerpos. En Arauquita, municipio de la regi\u00f3n de Arauca en Colombia, tienen al cruzar el rio el municipio de La Victoria de la regi\u00f3n de Apure en Venezuela. Estas poblaciones, de dos pa\u00edses diferentes, est\u00e1n atravesadas por el rio Arauca, que marca la frontera, pero que no divide a sus habitantes.<\/p>\n\n\n\n<blockquote class=\"wp-block-quote has-text-align-right is-style-default is-layout-flow wp-block-quote-is-layout-flow\"><p><em>\u201cLa frontera es porosa, cada d\u00eda la cruzan con naturalidad. La mayor\u00eda ha vivido en los dos lugares y tiene familiares aqu\u00ed y all\u00e1. A menudo cuentan con las dos nacionalidades. El contrabando a peque\u00f1a escala de productos de primera necesidad mantiene viva su econom\u00eda. Una d\u00e9cada atr\u00e1s, los productos se llevaban de Venezuela a Colombia. Ahora es al rev\u00e9s.\u201d<\/em><\/p><cite>(Quesada, 2021)<\/cite><\/blockquote>\n\n\n\n<p>El municipio de Arauquita cuenta con al rededor de 40.000 habitantes y en los meses de marzo a abril, del a\u00f1o 2021, llegaron m\u00e1s de 4.000 personas provenientes de Venezuela que hu\u00edan de los enfrentamientos entre guerrillas y el ejercito Venezolano en la zona de La Victoria (Vergara, 2021). Estos enfrentamientos se dan tras la orden de perseguir en Venezuela a las disidencias de la guerrilla colombiana de las FARC, que buscan el control del territorio fronterizo. Estos ataques por parte del ejercito Venezolano se han dado con bombardeos, arrestos arbitrarios y torturas a la poblaci\u00f3n, bajo la justificaci\u00f3n de atacar a las guerrillas (Quesada, 2021).&nbsp;<\/p>\n\n\n\n<p>A estas l\u00f3gicas de orden b\u00e9lico, se han sumado el movimiento de personas que buscan pasar de un territorio a otro, y que ante el cierre de las fronteras han buscado el paso por lugares no oficiales que las deja en medio de enfrentamientos cruzados y a quienes por su condici\u00f3n de huida, les imponen crudas violencias. Estas personas, deben superar tanto los ataques por parte del ejercito Venezolano, por su b\u00fasqueda de salir del pa\u00eds, como los ataques que reciben de parte del ejercito de Colombiano, al ponerlas en sospecha su condici\u00f3n de ciudadanx \u201clegal\u201d (Vergara 2021).&nbsp;<\/p>\n\n\n\n<p>En este escenario b\u00e9lico donde la finalidad \u00faltima es el control territorial, son en los cuerpos donde se manifiesta los ejercicios de soberan\u00eda. La autora Segato (2016) afirma que; <em>\u201cel cuerpo inscrito como territorio y su afinidad con el biopoder es la forma \u00faltima de control y completa la comprensi\u00f3n de la nueva territorialidad y sus demandas por lealtad. [&#8230;] el poder act\u00faa en este estadio directamente sobre el cuerpo\u201d <\/em>(p. 69). Torn\u00e1ndose esta forma de guerra, en una competencia entre los Estados y los agentes no Estatales por el control de la poblaci\u00f3n (Segato, 2016 p. 66). Esto se da mediante estrategias de terror que imponen con el miedo, su ejercicio del poder. Y en esta lucha por el control del territorio, son las personas sometidas al desplazamiento, a violencias, amenazas y dem\u00e1s acciones que duelen a sus cuerpos. Sin embargo, no todos los cuerpos sufren las mismas violencias. Sobre los cuerpos feminizados, que son migrantxs, empobrecidxs y\/o&nbsp; que habitan el territorio disputado, se establecen acciones de m\u00faltiples violencias sexuales y represiones, sobre su identidad y sexualidad.<\/p>\n\n\n\n<p>La fundaci\u00f3n de Pares Colombia <a href=\"https:\/\/pares.com.co\/2021\/07\/12\/retratos-del-abandono-en-la-frontera-colombo-venezolana-una-reflexion-sobre-la-poblacion-y-el-territorio\/\">5<\/a> ha desarrollado un proyecto en la frontera Colombo-Venezolana y ha podido recoger testimonios de mujeres y disidencias que han sufrido violencias en este paso. Aqu\u00ed muchas mujeres han sido sometidas a violaciones, agresiones sexuales, tocamientos, desnudez forzada, por parte de actores armados. Adem\u00e1s, mujeres trans han sido violentadas sexualmente, discriminadas, burladas e humilladas mediante actos violentos por su identidad <a href=\"https:\/\/www.instagram.com\/tv\/COa-2cPJg-Y\/?igshid=yhwp35tkenon\">6<\/a>. A esta superposici\u00f3n de violencias que sufren estos cuerpos, se le suma que dado el quiebre de relaciones entre Estados, la posibilidad de denuncia y b\u00fasqueda de justicia y visibilizaci\u00f3n de la situaci\u00f3n, es casi nula.&nbsp;<\/p>\n\n\n\n<p>En estas formas de guerra que obedecen al <em>mandato de masculinidad<\/em> (Segato, 2016 p. 81) se hace evidente un sistema jer\u00e1rquico en el cual el poder se establece <em>\u201ce impregnan el ambiente social de misoginia: odio y desprecio por el cuerpo femenino y por los atributos asociados a la feminidad.\u201d <\/em>(Segato, 2016 p. 3). De esta manera, se expone a mujeres y a disidencias a un cumulo de violencias sobre sus cuerpos que en el largo del proceso de su migraci\u00f3n se ir\u00e1n sumando. Esto comprendiendo que los cuerpos feminizados, son dado el sistema patriarcal, vulnerables a sufrir  formas de explotaci\u00f3n sexual y violencia de g\u00e9nero por su condici\u00f3n de mujeres, migrantes, empobrecidas e ilegalizadas. En un informe realizado por la Oficina de las Naciones Unidas para los Derechos Humanos <a href=\"https:\/\/www.ohchr.org\/SP\/NewsEvents\/Pages\/DisplayNews.aspx?NewsID=24788&amp;LangID=S\">7<\/a> se estableci\u00f3 c\u00f3mo son las mujeres migrantas quienes m\u00e1s est\u00e1n sufriendo las tasas de desnutrici\u00f3n. Adem\u00e1s, evidenci\u00f3 este informe del a\u00f1o 2019, c\u00f3mo adolescentes y ni\u00f1as, en condici\u00f3n de migrantas, han estado altamente expuestas a la trata, a la explotaci\u00f3n sexual y otras formas de violencia de g\u00e9nero, tanto durante su viaje migratorio, como en el destino.<\/p>\n\n\n\n<p>Para el caso de las mujeres trans, no existe a hoy suficiente estad\u00edstica que permita comprender la condici\u00f3n de su migraci\u00f3n, las violencias que se han superpuesto en su tr\u00e1nsito y las razones que las han llevado a movilizarse. Esto debido a que las informaciones y estad\u00edsticas siguen respondiendo a sistemas binarios, que muchas veces les impone el sexo biol\u00f3gicamente y no les permite su identidad de g\u00e9nero. Dificultando as\u00ed, la evidencia para la creaci\u00f3n de pol\u00edticas p\u00fablicas y categor\u00edas de protecci\u00f3n especial para muchos de los casos de estas migraciones.  Iniciativas como &#8222;Diversidad sin fronteras&#8220; busca, ante esta situaci\u00f3n, contar las implicaciones y las violencias que viven al ser refugiadxs las personas LGBTIQ+. a partir de la Red Nacional de personas migrantes y refugiadas LGBTIQ+ que opera en Latinoam\u00e9rica y especialmente en Chile y donde han llegado muchas mujeres trans desde Venezuela.  <a href=\"http:\/\/fasic.cl\/wp\/tag\/red-nacional-de-personas-migrantes-y-refugiadas-lgbtiq\/\">8<\/a>.<\/p>\n\n\n\n<p>En este contexto de ordenes b\u00e9licos, de instauraci\u00f3n de poderes de terror, de crisis humanitaria, aumentan las razones y se complejiza a su vez la posibilidad de migrar y buscar refugio. Es necesario entonces, analizar la situaci\u00f3n desde un enfoque de g\u00e9nero e interseccional que permita comprender c\u00f3mo las violencias reposan y se agravan sobre los cuerpos feminizados, empobrecidos e ilegalizados. <\/p>\n\n\n\n<div style=\"height:50px\" aria-hidden=\"true\" class=\"wp-block-spacer\"><\/div>\n\n\n\n<p><strong>Carolina T\u00e1mara-Castro <\/strong><\/p>\n\n\n\n<div style=\"height:48px\" aria-hidden=\"true\" class=\"wp-block-spacer\"><\/div>\n\n\n\n<hr class=\"wp-block-separator\" \/>\n\n\n\n<p><strong>Notas:<\/strong>&nbsp;<\/p>\n\n\n\n<p>4: \u201cEsto no es una frontera, esto es un r\u00edo\u201d Podcast de la Universidad del Rosario en Colombia, del Observatorio de Venezuela de la Facultad de Estudios Internacionales, Pol\u00edticos y Urbanos, donde se analiza la crisis humanitaria desencadenada por los enfrentamientos armados en el estado de Apure en Venezuela y la resultante movilidad humana en direcci\u00f3n al departamento de Arauca en Colombia. <a href=\"https:\/\/www.spreaker.com\/user\/urosarioradio\/crisis-en-las-riberas-del-arauca-vibrado\">https:\/\/www.spreaker.com\/user\/urosarioradio\/crisis-en-las-riberas-del-arauca-vibrado<\/a>&nbsp;<\/p>\n\n\n\n<hr class=\"wp-block-separator\" \/>\n\n\n\n<p><strong>Bibliograf\u00eda&nbsp;<\/strong><\/p>\n\n\n\n<p>Fernandez, M. (Agosto 09, 2019). 14 ejemplos de c\u00f3mo la crisis de Venezuela golpea m\u00e1s a las mujeres\u201d en <a href=\"https:\/\/elpais.com\/elpais\/2019\/08\/07\/planeta_futuro\/1565169579_350421.html\">https:\/\/elpais.com\/elpais\/2019\/08\/07\/planeta_futuro\/1565169579_350421.html<\/a>&nbsp;<\/p>\n\n\n\n<p>Fundaredes (2021) Informe contexto fronterizo. Informe n\u00famero 6. Junio 2021. En <a href=\"https:\/\/fundaredes.org\/informemensual\/006-InformeMensual-Junio-2021.pdf\">https:\/\/fundaredes.org\/informemensual\/006-InformeMensual-Junio-2021.pdf<\/a>&nbsp; &nbsp;<\/p>\n\n\n\n<p>Quesada, J. (Mayo 02, 2021). \u201cAtrapados en el fuego cruzado de la frontera entre Colombia y Venezuela\u201d. En <a href=\"https:\/\/elpais.com\/internacional\/2021-05-02\/atrapados-en-el-fuego-cruzado-de-la-frontera-entre-colombia-y-venezuela.html\">https:\/\/elpais.com\/internacional\/2021-05-02\/atrapados-en-el-fuego-cruzado-de-la-frontera-entre-colombia-y-venezuela.html<\/a>&nbsp;<\/p>\n\n\n\n<p>Singer, F. (Marzo 29, 2021). \u201cEl conflicto entre el Ej\u00e9rcito venezolano y grupos armados se recrudece en la frontera con Colombia\u201d. En ttps:\/\/elpais.com\/america\/colombia\/2021-03-29\/el-conflicto-entre-el-ejercito-venezolano-y-grupos-armados-se-recrudece-en-la-frontera-con-colombia.html <\/p>\n\n\n\n<p>Vergara, F. (Marzo 27, 2021). \u201cArauquita, refugio temporal de miles de venezolanos\u201d. En <a href=\"https:\/\/elpais.com\/elpais\/2021\/03\/27\/album\/1616809653_359260.html#foto_gal_1\">https:\/\/elpais.com\/elpais\/2021\/03\/27\/album\/1616809653_359260.html#foto_gal_1<\/a>&nbsp;<\/p>\n\n\n\n<p><\/p>\n","protected":false},"excerpt":{"rendered":"<p>Mujeres y disidencias en el paso de la frontera entre Venezuela y Colombia El transito contempor\u00e1neo entre Colombia y Venezuela ha estado marcado por diferentes patrones de migraci\u00f3n que han variado por condiciones econ\u00f3micas y pol\u00edticas de ambos pa\u00edses. Aun as\u00ed, Colombia y Venezuela comparten una frontera terrestre de 2.219 kil\u00f3metros 1 y en mucho [&hellip;]<\/p>\n","protected":false},"author":5328,"featured_media":0,"comment_status":"open","ping_status":"open","sticky":false,"template":"","format":"standard","meta":{"footnotes":""},"categories":[91493,9,90479],"tags":[7958,91521,91522,91484],"class_list":["post-986","post","type-post","status-publish","format-standard","hentry","category-91493","category-allgemein","category-migration-nach-und-in-den-amerikas","tag-colombia","tag-cuerpo","tag-territorio","tag-venezuela"],"_links":{"self":[{"href":"https:\/\/blogs.fu-berlin.de\/migration\/wp-json\/wp\/v2\/posts\/986","targetHints":{"allow":["GET"]}}],"collection":[{"href":"https:\/\/blogs.fu-berlin.de\/migration\/wp-json\/wp\/v2\/posts"}],"about":[{"href":"https:\/\/blogs.fu-berlin.de\/migration\/wp-json\/wp\/v2\/types\/post"}],"author":[{"embeddable":true,"href":"https:\/\/blogs.fu-berlin.de\/migration\/wp-json\/wp\/v2\/users\/5328"}],"replies":[{"embeddable":true,"href":"https:\/\/blogs.fu-berlin.de\/migration\/wp-json\/wp\/v2\/comments?post=986"}],"version-history":[{"count":5,"href":"https:\/\/blogs.fu-berlin.de\/migration\/wp-json\/wp\/v2\/posts\/986\/revisions"}],"predecessor-version":[{"id":1131,"href":"https:\/\/blogs.fu-berlin.de\/migration\/wp-json\/wp\/v2\/posts\/986\/revisions\/1131"}],"wp:attachment":[{"href":"https:\/\/blogs.fu-berlin.de\/migration\/wp-json\/wp\/v2\/media?parent=986"}],"wp:term":[{"taxonomy":"category","embeddable":true,"href":"https:\/\/blogs.fu-berlin.de\/migration\/wp-json\/wp\/v2\/categories?post=986"},{"taxonomy":"post_tag","embeddable":true,"href":"https:\/\/blogs.fu-berlin.de\/migration\/wp-json\/wp\/v2\/tags?post=986"}],"curies":[{"name":"wp","href":"https:\/\/api.w.org\/{rel}","templated":true}]}}