{"id":12,"date":"2020-03-29T21:46:40","date_gmt":"2020-03-29T19:46:40","guid":{"rendered":"https:\/\/blogs.fu-berlin.de\/mummelthei\/?p=12"},"modified":"2020-03-29T21:46:40","modified_gmt":"2020-03-29T19:46:40","slug":"erkunden-und-ausprobieren","status":"publish","type":"post","link":"https:\/\/blogs.fu-berlin.de\/mummelthei\/2020\/03\/29\/erkunden-und-ausprobieren\/","title":{"rendered":"Erkunden und ausprobieren"},"content":{"rendered":"<p>Die Notwendigkeit, den gesamten Unterricht des kommenden Sommersemesters 2020 in den digitalen Raum zu verlegen, kam f\u00fcr Studierende wie Lehrende \u00fcberraschend. Ist es \u00fcberhaupt m\u00f6glich, Methoden- und Inhaltswissen einer Philologie wie der Arabistik g\u00e4nzlich online zu vermitteln und sich anzueignen?<\/p>\n<p>Ich bin der Meinung: Ja!<\/p>\n<figure id=\"attachment_33\" aria-describedby=\"caption-attachment-33\" style=\"width: 300px\" class=\"wp-caption alignright\"><img loading=\"lazy\" decoding=\"async\" class=\"size-medium wp-image-33\" src=\"https:\/\/blogs.fu-berlin.de\/mummelthei\/files\/2020\/03\/PICT00992-2-300x200.jpg\" alt=\"\" width=\"300\" height=\"200\" srcset=\"https:\/\/blogs.fu-berlin.de\/mummelthei\/files\/2020\/03\/PICT00992-2-300x200.jpg 300w, https:\/\/blogs.fu-berlin.de\/mummelthei\/files\/2020\/03\/PICT00992-2-768x512.jpg 768w, https:\/\/blogs.fu-berlin.de\/mummelthei\/files\/2020\/03\/PICT00992-2-1024x683.jpg 1024w, https:\/\/blogs.fu-berlin.de\/mummelthei\/files\/2020\/03\/PICT00992-2-1200x800.jpg 1200w\" sizes=\"auto, (max-width: 300px) 85vw, 300px\" \/><figcaption id=\"caption-attachment-33\" class=\"wp-caption-text\">Holzlaube, aufgenommen mit einer Pentax ME Super und einem Ilford Delta 3200. Quelle: Victoria Mummelthei.<\/figcaption><\/figure>\n<p>Ein Fach wie Arabistik in seiner disziplin\u00e4ren Breite zwischen Literatur-, Sprach- und Kulturwissenschaft und dar\u00fcber hinaus kann sehr wohl im digitalen Raum fernab von Bibliotheksgeb\u00e4uden und Lehrr\u00e4umen studiert und gelehrt werden.<\/p>\n<p>Wie das gehen kann, davon berichte ich in diesem Blog.<\/p>\n<p>Die Idee dazu kam mir gestern Abend, da ich eifrig damit besch\u00e4ftigt war, meine Kurse im Sommersemester 2020 so zu strukturieren, dass Lern- und Qualifikationsziele im Zusammenspiel zwischen asynchronen und synchronen digitalen Lehr- und Lernformen erreicht werden k\u00f6nnen.<\/p>\n<p>In den folgenden ersten Blogbeitr\u00e4gen werde ich sehr konkret die Ideen f\u00fcr meine (arabistischen) Kurse darlegen; im Verlauf des Semesters sollen dann Erfahrungsberichte zeigen, was wie gut oder schlecht oder gar nicht funktioniert, was sich bew\u00e4hrt hat und was angepasst werden musste, welche konkreten Tools (z. B. im Blackboard aber auch Videokonferenzm\u00f6glichkeiten wie Adobe Connect) sich als n\u00fctzlich und verl\u00e4sslich erwiesen haben und welche nicht,\u00a0wovon die Studierenden begeistert waren und wovon nicht, und so weiter.<\/p>\n<p>Mit solchen Blogbeitr\u00e4gen m\u00f6chte in diesen Zeiten dynamischer Entwicklung transparent machen, welche Gedanken ich mir in Sachen Lehrplanung und Ausf\u00fchrung der Lehre in diesem &#8222;Kreativsemester&#8220; mache. In dieser Hinsicht werden die Beitr\u00e4ge zumeist aus Spontaneit\u00e4t heraus entstehen und verfolgen einen explorativen Ansatz. Denn das ist es wohl, was das kommende Sommersemester f\u00fcr mich und meine Lehre pr\u00e4gen wird:\u00a0erkunden und ausprobieren, und zwar zusammen mit den Studierenden!<\/p>\n<hr \/>\n<h3>Wer bin ich?<\/h3>\n<figure id=\"attachment_7\" aria-describedby=\"caption-attachment-7\" style=\"width: 298px\" class=\"wp-caption alignnone\"><img loading=\"lazy\" decoding=\"async\" class=\" wp-image-7\" src=\"https:\/\/blogs.fu-berlin.de\/mummelthei\/files\/2020\/03\/1B080FDA-4934-49A2-BE08-45DCD11EDA7F-1024x1024.jpeg\" alt=\"\" width=\"298\" height=\"298\" \/><figcaption id=\"caption-attachment-7\" class=\"wp-caption-text\">Quelle: Victoria Mummelthei<\/figcaption><\/figure>\n<p>Mein Name ist <a href=\"https:\/\/www.geschkult.fu-berlin.de\/e\/semiarab\/arabistik\/Seminar\/Mitarbeiterinnen-und-Mitarbeiter\/Wissenschaftliche-Mitarbeiterinnen-und-Mitarbeiter\/Mummelthei\/index.html\">Victoria Mummelthei<\/a>. Ich bin seit 2015 wissenschaftliche Mitarbeiterin am Seminar f\u00fcr Semitistik und Arabistik. In dieser Position geh\u00f6rt zu meinen Aufgaben nicht nur das Unterrichten in Bachelor- und Masterstudieng\u00e4ngen der Arabistik, sondern auch die Pflege der Internetseite und das Betreiben der Facebook-Seite der Arabistik; einige Studierende kennen mich au\u00dferdem als stellvertretende Studiengangsbeauftragte f\u00fcr den Masterstudieng Arabistik.<\/p>\n<p>Ich unterrichte Kurse f\u00fcr Bachelor- und Masterstudierende aller Semester, darunter vor allem Kurse zur modernen arabischen Literatur als Teil der globaler Literatur und im Spiegel moderner literatur-, sprach- und kulturwissenschaftlicher Theorien \u2013 und manchmal auch k\u00fchne Kombinationen wie &#8222;Koran und Literaturtheorie&#8220;, ein Kurs, von dem ich, sofern ich die Gelegenheit finde, gern noch einmal berichte im Rahmen dieses Blogs.<\/p>\n<p>Obwohl ich mir bereits in fr\u00fcheren Semestern Gedanken \u00fcber eine intensivere Nutzung der Online-Lernplattform Blackboard f\u00fcr meine Literaturkurse gemacht habe, war es f\u00fcr mich nie eine Option, einen Kurs g\u00e4nzlich digital und ohne Pr\u00e4senzstunden in Lehrr\u00e4umen durchzuf\u00fchren. Insofern wird das kommende Sommersemester eine Herausforderung.<\/p>\n<p>Ich hoffe, mich mit den M\u00f6glichkeiten von Blackboard sowie den angeschlossenen webbasierten Kommunikationssystemen wie Adobe Connect gut genug auszukennen, um den Studierenden das Erreichen von Lernzielen zu erm\u00f6glichen. Dabei steht f\u00fcr mich zweierlei im Mittelpunkt:<\/p>\n<p>Austausch und Feedback.<\/p>\n<p>Beides bildet f\u00fcr mich die Grundlage daf\u00fcr, dass die Vermittlung meiner Kursinhalte in g\u00e4nzlich digitaler Form gelingt, dass sich Studierende \u2013 wenn auch aus der Ferne \u2013 aktiv mit den Kursinhalten besch\u00e4ftigen und am Ende zu Lernerfolgen gelangen, die Voraussetzung f\u00fcr ihr weiteres Studium oder ihren Studienabschluss bilden.<\/p>\n","protected":false},"excerpt":{"rendered":"<p>Die Notwendigkeit, den gesamten Unterricht des kommenden Sommersemesters 2020 in den digitalen Raum zu verlegen, kam f\u00fcr Studierende wie Lehrende \u00fcberraschend. Ist es \u00fcberhaupt m\u00f6glich, Methoden- und Inhaltswissen einer Philologie wie der Arabistik g\u00e4nzlich online zu vermitteln und sich anzueignen? Ich bin der Meinung: Ja! Ein Fach wie Arabistik in seiner disziplin\u00e4ren Breite zwischen Literatur-, &hellip; <a href=\"https:\/\/blogs.fu-berlin.de\/mummelthei\/2020\/03\/29\/erkunden-und-ausprobieren\/\" class=\"more-link\"><span class=\"screen-reader-text\">\u201eErkunden und ausprobieren\u201c<\/span> weiterlesen<\/a><\/p>\n","protected":false},"author":2235,"featured_media":0,"comment_status":"open","ping_status":"open","sticky":false,"template":"","format":"standard","meta":{"footnotes":""},"categories":[9],"tags":[318945,89,318190,318638,318322,319164],"class_list":["post-12","post","type-post","status-publish","format-standard","hentry","category-allgemein","tag-digitale-lehre","tag-e-learning","tag-kreativsemester","tag-online-lehren","tag-online-lernen","tag-virtueller-campus-berlin"],"_links":{"self":[{"href":"https:\/\/blogs.fu-berlin.de\/mummelthei\/wp-json\/wp\/v2\/posts\/12","targetHints":{"allow":["GET"]}}],"collection":[{"href":"https:\/\/blogs.fu-berlin.de\/mummelthei\/wp-json\/wp\/v2\/posts"}],"about":[{"href":"https:\/\/blogs.fu-berlin.de\/mummelthei\/wp-json\/wp\/v2\/types\/post"}],"author":[{"embeddable":true,"href":"https:\/\/blogs.fu-berlin.de\/mummelthei\/wp-json\/wp\/v2\/users\/2235"}],"replies":[{"embeddable":true,"href":"https:\/\/blogs.fu-berlin.de\/mummelthei\/wp-json\/wp\/v2\/comments?post=12"}],"version-history":[{"count":15,"href":"https:\/\/blogs.fu-berlin.de\/mummelthei\/wp-json\/wp\/v2\/posts\/12\/revisions"}],"predecessor-version":[{"id":36,"href":"https:\/\/blogs.fu-berlin.de\/mummelthei\/wp-json\/wp\/v2\/posts\/12\/revisions\/36"}],"wp:attachment":[{"href":"https:\/\/blogs.fu-berlin.de\/mummelthei\/wp-json\/wp\/v2\/media?parent=12"}],"wp:term":[{"taxonomy":"category","embeddable":true,"href":"https:\/\/blogs.fu-berlin.de\/mummelthei\/wp-json\/wp\/v2\/categories?post=12"},{"taxonomy":"post_tag","embeddable":true,"href":"https:\/\/blogs.fu-berlin.de\/mummelthei\/wp-json\/wp\/v2\/tags?post=12"}],"curies":[{"name":"wp","href":"https:\/\/api.w.org\/{rel}","templated":true}]}}