{"id":175,"date":"2020-11-07T17:08:14","date_gmt":"2020-11-07T16:08:14","guid":{"rendered":"https:\/\/blogs.fu-berlin.de\/mummelthei\/?p=175"},"modified":"2020-11-10T08:59:18","modified_gmt":"2020-11-10T07:59:18","slug":"pausen-in-online-session-und-interaktive-praesentationen","status":"publish","type":"post","link":"https:\/\/blogs.fu-berlin.de\/mummelthei\/2020\/11\/07\/pausen-in-online-session-und-interaktive-praesentationen\/","title":{"rendered":"Pausen in Online-Session und interaktive Pr\u00e4sentationen"},"content":{"rendered":"\n<h2 class=\"wp-block-heading\">R\u00fcckblick auf die erste Online-Sitzung einer Lernwerkstatt im Rahmen von EinS@FU<\/h2>\n\n\n\n<p>Mein letzter Beitrag liegt schon einige Monate zur\u00fcck; das neue Semester hat bereits begonnen und aus dem Sommersemester bekannte Herausforderungen der digitalen Lehre begegnen mir nun in anderem und teilweise neuem Gewand.<\/p>\n\n\n\n<p>Neben einem Lekt\u00fcrekurs zu Dichtung aus Syrien um 2011 im dritten Studienjahr des Bachelorstudienganges Geschichte und Kultur des Vorderen Orients, Schwerpunkt Arabistik, unterrichte ich in diesem Wintersemester 2020\/21 auch eine Lernwerkstatt mit dem Titel &#8222;Araber und der Orient in Hollywood&#8220; im Rahmen des Einf\u00fchrungs- und Orientierungsstudiums EinS@FU. <\/p>\n\n\n\n<p>In diesem Beitrag schaue ich zun\u00e4chst nur kurz zur\u00fcck auf die erste Sitzung, die wiederum im virtuellen Raum stattfand, und auf eine erhellende Erfahrung in Sachen Pausen und das Arbeiten mit Teilgruppen in Online-Sessions. <\/p>\n\n\n\n<p>In den kommenden Beitr\u00e4gen werde ich vor allem \u00fcber die Idee des problembasierten Lernens (pbL), an der ich mich in dieser Lernwerkstatt zusammen mit den Studierenden versuche, sinnieren \u2013 laut Studien- und Pr\u00fcfungsordnung soll bei der Lehrveranstaltungsform &#8222;Lernwerkstatt&#8220; zun\u00e4chst ein Problem im Vordergrund, f\u00fcr das die Studierenden weitgehend selbstst\u00e4ndig eine L\u00f6sung finden sollen. Hier lernen sie, ein Thema oder eine Frage zu analysieren, geeignete Informationsquellen zu finden und zu nutzen und schlie\u00dflich L\u00f6sungen zu vergleichen, auszuw\u00e4hlen und umzusetzen. <\/p>\n\n\n\n<blockquote class=\"wp-block-quote is-layout-flow wp-block-quote-is-layout-flow\"><p>Die Lehrveranstaltungsform &#8222;Lernwerkstatt&#8220; schreit fast schon nach problembasiertem Lernen (pbL).<\/p><cite>VM<\/cite><\/blockquote>\n\n\n\n<p>Aber hierzu in einem anderen Beitrag mehr.<\/p>\n\n\n\n<h2 class=\"wp-block-heading\">EinS@FU \u2013 was ist das?<\/h2>\n\n\n\n<p>Zun\u00e4chst kurz zu diesem Einf\u00fchrungs- und Orientierungsstudium, wof\u00fcr ich gern von der Website des Studienganges zitiere:<\/p>\n\n\n\n<blockquote class=\"wp-block-quote is-layout-flow wp-block-quote-is-layout-flow\"><p>Das Einf\u00fchrungs- und Orientierungsstudium EinS@FU richtet sich an Studienanf\u00e4nger*innen, die einen \u00dcberblick \u00fcber m\u00f6gliche Studienf\u00e4cher gewinnen wollen, sich f\u00fcr mehr als nur ein Studienfach interessieren oder herausfinden m\u00f6chten, ob ein bestimmtes Studienfach zu ihnen passt. <\/p><p>Im Rahmen von EinS@FU ist es m\u00f6glich, Seminare aus mehr als&nbsp;<a href=\"https:\/\/www.fu-berlin.de\/sites\/eins\/Studienfaeche-2\/index.html\">40 Studieng\u00e4ngen<\/a>&nbsp;der Freien Universit\u00e4t Berlin zu besuchen. Zus\u00e4tzlich werden die Studierenden bei EinS@FU mit einem speziell auf ihre Bed\u00fcrfnisse zugeschnittenen&nbsp;<a href=\"https:\/\/www.fu-berlin.de\/sites\/eins\/Aufbau2\/index.html\">Lehrangebot<\/a>&nbsp;und einem umfangreichen&nbsp;<a href=\"https:\/\/www.fu-berlin.de\/sites\/eins\/Mentoring\/index.html\">Mentoringprogramm<\/a>begleitet. Im Lauf des einj\u00e4hrigen Studiums setzen sich die Studierenden von EinS@FU mit ihren eigenen Vorstellungen, F\u00e4higkeiten und Zielen auseinander, um am Ende eine informierte und motivierte Entscheidung f\u00fcr ein Studienfach zu treffen.<\/p><cite><a href=\"https:\/\/www.fu-berlin.de\/sites\/eins\/index.html\">Website<\/a> von EinS@FU<\/cite><\/blockquote>\n\n\n\n<p>Anders als bei den Lehrveranstaltungen, die ich sonst in den Bachelor- und Masterstudieng\u00e4ngen der Arabistik unterrichte, treffe ich in der Lernwerkstatt also auf Studierende, die parallel zu meiner Veranstaltung noch in zahlreiche andere F\u00e4cher und Fachkulturen reinschnuppern. Es geht f\u00fcr mich also nicht darum, die Grundlagen der Arabistik zu vermitteln oder eine Einf\u00fchrung in die arabische Literatur zu geben; die Lernwerkstatt geh\u00f6rt zusammen mit einer Ringvorlesung zum Modul &#8222;Fachliche Orientierung Geistes- und Kulturwissenschaften&#8220;, das Kernthemen der an EinS@FU beteiligten geistes- und kulturwissenschaftlichen F\u00e4cher, z. B. unter \u00dcberschriften wie \u201eIdentit\u00e4t\u201c, \u201eText\u201c, \u201eSchrift\u201c, \u201eSprache\u201c, \u201eMaterialit\u00e4t\u201c, \u201eWelt\u201c behandelt. Nach Absolvierung des Modul sind sich die Studierenden die Relevanz der Fragestellungen und Methoden geistes- und kulturwissenschaftlicher F\u00e4cher bewusst und sie k\u00f6nnen mit einer Aufgabenstellung aus einem der beteiligten F\u00e4cher umgehen und dazu Informationen zur L\u00f6sung ermitteln und diese L\u00f6sung auch methodisch umsetzen \u2013 sowohl allein als auch im Team. <\/p>\n\n\n\n<p>Soweit die Theorie \ud83d\ude09<\/p>\n\n\n\n<h2 class=\"wp-block-heading\">&#8222;Araber und Orient in Hollywood&#8220; als Lernwerkstatt<\/h2>\n\n\n\n<p>Mitlesende werden sich vielleicht erinnern, dass ich bereits im Sommersemester 2020 ein Seminar mit dem Titel &#8222;Araber und Orient in Hollywood&#8220; unterrichtete. Die Erfahrungen aus diesem fast g\u00e4nzlich asynchron verwirklichten Seminar haben zur Weiterentwicklung des Themenkomplexes und dessen Adaption f\u00fcr eine Lernwerkstatt beigetragen. Der Kommentar zur Lernwerkstatt &#8222;Araber und Orient in Hollywood&#8220; lautet wie folgt:<\/p>\n\n\n\n<blockquote class=\"wp-block-quote is-layout-flow wp-block-quote-is-layout-flow\"><p><strong>Araber und der Orient kommen seit Anbeginn der Filmgeschichte in diversen Formen in US-amerikanischen und europ\u00e4ischen Filmen und Serien vor, seien es der Dschinn aus Tausendundeiner Nacht in Disney\u2019s \u201eAladdin\u201c (1992, 2019), die historische Figur Faisal I. in \u201eLawrence von Arabien\u201c (1962), die \u201aLibyer\u2018 in \u201eZur\u00fcck in die Zukunft\u201c (1985), Abu Dhabi in \u201eSex and the City 2\u201c (2010), das Kairo der \u00e4gyptischen Revolution in der Serie \u201eThe Night Manager\u201c (2016) oder der Fall des Bethnal-Green-Trios in \u201eKalifat\u201c (2020). Was und wer wird in Filmen und Serien als \u201aarabisch\u2018 oder \u201aorientalisch\u2018 wahrgenommen und mittels welcher visuellen oder auditiven Elemente wird diese Wahrnehmung erzeugt? Schwarzumrandete Augen, Turbane, B\u00e4rte, Schleier, Haremshosen, exotische Akzente, fliegende Teppiche, Gebetsrufe, W\u00fcsten, Oasen, Minarette, Kamele, Pferde, Bombeng\u00fcrtel? Was ist \u00fcberhaupt \u201aarabisch\u2018 oder \u201aorientalisch\u2018? Wo ist \u201ader Orient\u2018 und was dieser mit \u201adem Islam\u2018 zu tun? Diesen und anderen Fragen gehen wir in der Lernwerkstatt nach. Wir lernen das Medium \u201aFilm\u2018 nicht nur als Quelle der Geschichts- und Kulturwissenschaften sondern allgemein als Form des kulturellen Diskurses kennen; dabei erarbeiten wir uns Begriffe, um Repr\u00e4sentationen (und Nicht-Repr\u00e4sentation) von \u201aArabern\u2018, \u201aArabisch\u2018 und \u201aOrient\u2018 zu beschreiben und zu hinterfragen; wir diskutieren Filme und Serien, wie wir sie geradezu allt\u00e4glich konsumieren, als Medium f\u00fcr die Kommunikation von Identit\u00e4ten, Ideologien, Traditionen, Mythologien, politischer Agenda, Emotionen, und Interessen.<\/strong><\/p><cite><a href=\"https:\/\/www.fu-berlin.de\/vv\/de\/lv\/623344?query=mummelthei&amp;sm=580670\">Kommentar<\/a> im Vorlesungsverzeichnis.<\/cite><\/blockquote>\n\n\n\n<p>Die Themen sind also \u00e4hnlich wie im Semester zuvor; die Arten des Lehrens und Lernens aber sind andere.<\/p>\n\n\n\n<figure class=\"wp-block-image size-large\"><img loading=\"lazy\" decoding=\"async\" width=\"1024\" height=\"575\" src=\"https:\/\/blogs.fu-berlin.de\/mummelthei\/files\/2020\/11\/Screenshot-2020-11-07-at-15.58.57-1024x575.png\" alt=\"\" class=\"wp-image-176\" srcset=\"https:\/\/blogs.fu-berlin.de\/mummelthei\/files\/2020\/11\/Screenshot-2020-11-07-at-15.58.57-1024x575.png 1024w, https:\/\/blogs.fu-berlin.de\/mummelthei\/files\/2020\/11\/Screenshot-2020-11-07-at-15.58.57-300x168.png 300w, https:\/\/blogs.fu-berlin.de\/mummelthei\/files\/2020\/11\/Screenshot-2020-11-07-at-15.58.57-768x431.png 768w, https:\/\/blogs.fu-berlin.de\/mummelthei\/files\/2020\/11\/Screenshot-2020-11-07-at-15.58.57.png 1136w\" sizes=\"auto, (max-width: 709px) 85vw, (max-width: 909px) 67vw, (max-width: 1362px) 62vw, 840px\" \/><figcaption>Pr\u00e4sentation erstellt mit <a href=\"http:\/\/pitch.com\">Pitch<\/a><\/figcaption><\/figure>\n\n\n\n<h2 class=\"wp-block-heading\">Vorstellungsrunde im virtuellen Raum \u2013 alternative Fragen<\/h2>\n\n\n\n<p>Nat\u00fcrlich wollte ich in der ersten Sitzung meine Studierende zun\u00e4chst kennenlernen. Meiner Erfahrung nach k\u00f6nnen Vorstellungsrunden aber ziemlich dr\u00f6ge sein, wenn man einfach nur nach dem Namen fragt, warum sich die Studierenden nun f\u00fcr ein Fach oder einen Kurs entschieden haben. Ich entschied mich also, den \u00fcblichen Fragenkanon etwas aufzufrischen und bat die Studierenden, sich nicht nur mit ihren Namen vorzustellen, sondern fragte sie auch, wie ich sie anreden darf, welchen Film oder welche Serie sie zuletzt gesehen haben und was sie gerade nervt.<\/p>\n\n\n\n<figure class=\"wp-block-image size-large\"><img loading=\"lazy\" decoding=\"async\" width=\"1024\" height=\"575\" src=\"https:\/\/blogs.fu-berlin.de\/mummelthei\/files\/2020\/11\/Screenshot-2020-11-07-at-16.00.04-1024x575.png\" alt=\"\" class=\"wp-image-177\" srcset=\"https:\/\/blogs.fu-berlin.de\/mummelthei\/files\/2020\/11\/Screenshot-2020-11-07-at-16.00.04-1024x575.png 1024w, https:\/\/blogs.fu-berlin.de\/mummelthei\/files\/2020\/11\/Screenshot-2020-11-07-at-16.00.04-300x168.png 300w, https:\/\/blogs.fu-berlin.de\/mummelthei\/files\/2020\/11\/Screenshot-2020-11-07-at-16.00.04-768x431.png 768w, https:\/\/blogs.fu-berlin.de\/mummelthei\/files\/2020\/11\/Screenshot-2020-11-07-at-16.00.04.png 1138w\" sizes=\"auto, (max-width: 709px) 85vw, (max-width: 909px) 67vw, (max-width: 1362px) 62vw, 840px\" \/><figcaption><em>Pr\u00e4sentation erstellt mit <\/em><a href=\"http:\/\/pitch.com\">Pitch<\/a><\/figcaption><\/figure>\n\n\n\n<p>Meiner Wahrnehmung nach erzielten diese Fragen durchaus Wirkung, denn so stellten wir alle miteinander fest, dass uns das Blackboard gerade ziemlich nervt (es wurde anscheinend just am ersten Tag der Vorlesungszeit auf ein neues responsives Design umgestellt &#8230;)<\/p>\n\n\n\n<p>Selbst bei einer vergleichsweise kleinen Teilnehmendenzahl von 15 dauert so eine Vorstellungsrunde nat\u00fcrlich ihre Zeit und nachdem ich eine eigentlich kurze aber meinem Gef\u00fchl nach doch zu lange Einf\u00fchrung in die Struktur der Lernwerkstatt und den Aufbau des Blackboardkurses gab, schien mir eine Pause angemessen. <\/p>\n\n\n\n<figure class=\"wp-block-image size-large\"><img loading=\"lazy\" decoding=\"async\" width=\"1024\" height=\"575\" src=\"https:\/\/blogs.fu-berlin.de\/mummelthei\/files\/2020\/11\/Screenshot-2020-11-07-at-16.08.39-1024x575.png\" alt=\"\" class=\"wp-image-178\" srcset=\"https:\/\/blogs.fu-berlin.de\/mummelthei\/files\/2020\/11\/Screenshot-2020-11-07-at-16.08.39-1024x575.png 1024w, https:\/\/blogs.fu-berlin.de\/mummelthei\/files\/2020\/11\/Screenshot-2020-11-07-at-16.08.39-300x168.png 300w, https:\/\/blogs.fu-berlin.de\/mummelthei\/files\/2020\/11\/Screenshot-2020-11-07-at-16.08.39-768x431.png 768w, https:\/\/blogs.fu-berlin.de\/mummelthei\/files\/2020\/11\/Screenshot-2020-11-07-at-16.08.39.png 1137w\" sizes=\"auto, (max-width: 709px) 85vw, (max-width: 909px) 67vw, (max-width: 1362px) 62vw, 840px\" \/><figcaption><em>Pr\u00e4sentation erstellt mit <\/em><a href=\"http:\/\/pitch.com\">Pitch<\/a><\/figcaption><\/figure>\n\n\n\n<h2 class=\"wp-block-heading\">Breakoutsessions f\u00fcr Pausen<\/h2>\n\n\n\n<p>Eine gute Gelegenheit, in Cisco WebEx Meetings die neue Funktion der Breakout-Sessions zu testen. Und so teilte ich die Studierenden flott in mehrere kleine Gruppen ein, erkl\u00e4rte, was wie in diesen Breakout-Sessions von technischer Seite her passiert und dass wir uns in ein paar Minuten wieder im Hauptraum sehen. <\/p>\n\n\n\n<p>Nach fast 45 Minuten Vorstellunsrunde und Einf\u00fchrung in den Blackboardkurs empfand ich selbst diese Pause als wohltuend, aber ich werde in der kommenden Sitzung bei den Studierenden erfragen, wie sie diese Pause empfanden. Als Lehrperson bin ich bei Live-Sessions meist angespannt \u2013 durchaus im konstruktiven Sinne. Aber diese Anspannung \u00fcber mehr als 45 Minuten oder eine Stunde zu halten f\u00fchrt meiner Erfahrung nach zu Erm\u00fcdung \u2013 nicht nur bei mir, sondern auch bei den Teilnehmenden. Lehre und Lernen im virtuellen Raum sollte meiner Meinung nach ebensowenig monoton sein wie Lehre und Lernen auf dem Campus. Warum also nicht zwischendurch eine Pause einlegen und diese bewusst als Z\u00e4sur nutzen, um zu einem neuen Thema \u00fcberzugehen?<\/p>\n\n\n\n<p>Im Falle der ersten Sitzung dieser Lernwerkstatt ging es um den \u00dcbergang zwischen Organisatorischem und Inhaltlichem. Ich hatte mir \u00fcberlegt, nicht mit einem Frontalvortrag in diese Lernwerkstatt einzusteigen, sondern erst einmal zu erfragen, was den Studierenden so bei Stichw\u00f6rtern wie &#8222;Orient&#8220; und &#8222;Araber&#8220; einf\u00e4llt und welche Filme oder Serien sie kennen, die im Orient spielen oder in denen Araber vorkommen. <\/p>\n\n\n\n<figure class=\"wp-block-image size-large\"><img loading=\"lazy\" decoding=\"async\" width=\"1024\" height=\"574\" src=\"https:\/\/blogs.fu-berlin.de\/mummelthei\/files\/2020\/11\/Screenshot-2020-11-07-at-16.19.29-1024x574.png\" alt=\"\" class=\"wp-image-179\" srcset=\"https:\/\/blogs.fu-berlin.de\/mummelthei\/files\/2020\/11\/Screenshot-2020-11-07-at-16.19.29-1024x574.png 1024w, https:\/\/blogs.fu-berlin.de\/mummelthei\/files\/2020\/11\/Screenshot-2020-11-07-at-16.19.29-300x168.png 300w, https:\/\/blogs.fu-berlin.de\/mummelthei\/files\/2020\/11\/Screenshot-2020-11-07-at-16.19.29-768x431.png 768w, https:\/\/blogs.fu-berlin.de\/mummelthei\/files\/2020\/11\/Screenshot-2020-11-07-at-16.19.29.png 1136w\" sizes=\"auto, (max-width: 709px) 85vw, (max-width: 909px) 67vw, (max-width: 1362px) 62vw, 840px\" \/><figcaption><em>Pr\u00e4sentation erstellt mit <\/em><a href=\"http:\/\/pitch.com\">Pitch<\/a><\/figcaption><\/figure>\n\n\n\n<p>Hierzu fiel mir ein Tool ein, dass ich im vergangenen Sommersemester im Kurs &#8222;Studierende online motivieren und begleiten&#8220; des SUPPORT f\u00fcr die Lehre kennenlernte: Mentimeter \u2013 eine M\u00f6glichkeit, interaktive Pr\u00e4sentationen zum Beispiel mit Wortwolken oder Polls. <\/p>\n\n\n\n<figure class=\"wp-block-gallery columns-2 is-cropped wp-block-gallery-1 is-layout-flex wp-block-gallery-is-layout-flex\"><ul class=\"blocks-gallery-grid\"><li class=\"blocks-gallery-item\"><figure><img loading=\"lazy\" decoding=\"async\" width=\"1024\" height=\"608\" src=\"https:\/\/blogs.fu-berlin.de\/mummelthei\/files\/2020\/11\/1-stimmen-sie-dieser-aussage-zu-ich-kenne-mich-bereits-gut-mit-einsfu-aus-1-1-1024x608.jpg\" alt=\"\" data-id=\"181\" data-full-url=\"https:\/\/blogs.fu-berlin.de\/mummelthei\/files\/2020\/11\/1-stimmen-sie-dieser-aussage-zu-ich-kenne-mich-bereits-gut-mit-einsfu-aus-1-1-scaled.jpg\" data-link=\"https:\/\/blogs.fu-berlin.de\/mummelthei\/?attachment_id=181\" class=\"wp-image-181\" srcset=\"https:\/\/blogs.fu-berlin.de\/mummelthei\/files\/2020\/11\/1-stimmen-sie-dieser-aussage-zu-ich-kenne-mich-bereits-gut-mit-einsfu-aus-1-1-1024x608.jpg 1024w, https:\/\/blogs.fu-berlin.de\/mummelthei\/files\/2020\/11\/1-stimmen-sie-dieser-aussage-zu-ich-kenne-mich-bereits-gut-mit-einsfu-aus-1-1-300x178.jpg 300w, https:\/\/blogs.fu-berlin.de\/mummelthei\/files\/2020\/11\/1-stimmen-sie-dieser-aussage-zu-ich-kenne-mich-bereits-gut-mit-einsfu-aus-1-1-768x456.jpg 768w, https:\/\/blogs.fu-berlin.de\/mummelthei\/files\/2020\/11\/1-stimmen-sie-dieser-aussage-zu-ich-kenne-mich-bereits-gut-mit-einsfu-aus-1-1-1536x912.jpg 1536w, https:\/\/blogs.fu-berlin.de\/mummelthei\/files\/2020\/11\/1-stimmen-sie-dieser-aussage-zu-ich-kenne-mich-bereits-gut-mit-einsfu-aus-1-1-2048x1216.jpg 2048w, https:\/\/blogs.fu-berlin.de\/mummelthei\/files\/2020\/11\/1-stimmen-sie-dieser-aussage-zu-ich-kenne-mich-bereits-gut-mit-einsfu-aus-1-1-1200x713.jpg 1200w\" sizes=\"auto, (max-width: 709px) 85vw, (max-width: 909px) 67vw, (max-width: 1362px) 62vw, 840px\" \/><\/figure><\/li><li class=\"blocks-gallery-item\"><figure><img loading=\"lazy\" decoding=\"async\" width=\"1024\" height=\"608\" src=\"https:\/\/blogs.fu-berlin.de\/mummelthei\/files\/2020\/11\/2-ich-habe-die-studien-und-prufungsordnung-von-einsfu-gelesen--1024x608.jpg\" alt=\"\" data-id=\"182\" data-full-url=\"https:\/\/blogs.fu-berlin.de\/mummelthei\/files\/2020\/11\/2-ich-habe-die-studien-und-prufungsordnung-von-einsfu-gelesen--scaled.jpg\" data-link=\"https:\/\/blogs.fu-berlin.de\/mummelthei\/?attachment_id=182\" class=\"wp-image-182\" srcset=\"https:\/\/blogs.fu-berlin.de\/mummelthei\/files\/2020\/11\/2-ich-habe-die-studien-und-prufungsordnung-von-einsfu-gelesen--1024x608.jpg 1024w, https:\/\/blogs.fu-berlin.de\/mummelthei\/files\/2020\/11\/2-ich-habe-die-studien-und-prufungsordnung-von-einsfu-gelesen--300x178.jpg 300w, https:\/\/blogs.fu-berlin.de\/mummelthei\/files\/2020\/11\/2-ich-habe-die-studien-und-prufungsordnung-von-einsfu-gelesen--768x456.jpg 768w, https:\/\/blogs.fu-berlin.de\/mummelthei\/files\/2020\/11\/2-ich-habe-die-studien-und-prufungsordnung-von-einsfu-gelesen--1536x912.jpg 1536w, https:\/\/blogs.fu-berlin.de\/mummelthei\/files\/2020\/11\/2-ich-habe-die-studien-und-prufungsordnung-von-einsfu-gelesen--2048x1216.jpg 2048w, https:\/\/blogs.fu-berlin.de\/mummelthei\/files\/2020\/11\/2-ich-habe-die-studien-und-prufungsordnung-von-einsfu-gelesen--1200x713.jpg 1200w\" sizes=\"auto, (max-width: 709px) 85vw, (max-width: 909px) 67vw, (max-width: 1362px) 62vw, 840px\" \/><\/figure><\/li><\/ul><figcaption class=\"blocks-gallery-caption\"><em>Erstellt mit <\/em><a href=\"https:\/\/www.mentimeter.com\">Mentimeter<\/a><\/figcaption><\/figure>\n\n\n\n<h2 class=\"wp-block-heading\">Aktivierung von Teilnehmenden durch interaktive Pr\u00e4sentationen mit Mentimeter<\/h2>\n\n\n\n<p>Ich werde auf die Arbeit mit <a href=\"https:\/\/www.mentimeter.com\">Mentimeter<\/a> noch eingehen, nachdem ich mir in der kommenden Sitzung R\u00fcckmeldung von Studierenden geholt habe. Mir schien es aber eine gute Gelegenheit, nach der Vorstellungsrunde und Besprechung von Organisatorischem ein wenig in die Inhalte der Lernwerkstatt einzuf\u00fchren. Im Folgenden schlicht die Ergebnisse der drei Fragen:<\/p>\n\n\n\n<figure class=\"wp-block-gallery columns-2 is-cropped wp-block-gallery-2 is-layout-flex wp-block-gallery-is-layout-flex\"><ul class=\"blocks-gallery-grid\"><li class=\"blocks-gallery-item\"><figure><img loading=\"lazy\" decoding=\"async\" width=\"1024\" height=\"608\" src=\"https:\/\/blogs.fu-berlin.de\/mummelthei\/files\/2020\/11\/1-was-verbinden-sie-mit-dem-orient-1024x608.jpg\" alt=\"\" data-id=\"183\" data-full-url=\"https:\/\/blogs.fu-berlin.de\/mummelthei\/files\/2020\/11\/1-was-verbinden-sie-mit-dem-orient-scaled.jpg\" data-link=\"https:\/\/blogs.fu-berlin.de\/mummelthei\/?attachment_id=183\" class=\"wp-image-183\" srcset=\"https:\/\/blogs.fu-berlin.de\/mummelthei\/files\/2020\/11\/1-was-verbinden-sie-mit-dem-orient-1024x608.jpg 1024w, https:\/\/blogs.fu-berlin.de\/mummelthei\/files\/2020\/11\/1-was-verbinden-sie-mit-dem-orient-300x178.jpg 300w, https:\/\/blogs.fu-berlin.de\/mummelthei\/files\/2020\/11\/1-was-verbinden-sie-mit-dem-orient-768x456.jpg 768w, https:\/\/blogs.fu-berlin.de\/mummelthei\/files\/2020\/11\/1-was-verbinden-sie-mit-dem-orient-1536x912.jpg 1536w, https:\/\/blogs.fu-berlin.de\/mummelthei\/files\/2020\/11\/1-was-verbinden-sie-mit-dem-orient-2048x1216.jpg 2048w, https:\/\/blogs.fu-berlin.de\/mummelthei\/files\/2020\/11\/1-was-verbinden-sie-mit-dem-orient-1200x713.jpg 1200w\" sizes=\"auto, (max-width: 709px) 85vw, (max-width: 909px) 67vw, (max-width: 1362px) 62vw, 840px\" \/><\/figure><\/li><li class=\"blocks-gallery-item\"><figure><img loading=\"lazy\" decoding=\"async\" width=\"1024\" height=\"608\" src=\"https:\/\/blogs.fu-berlin.de\/mummelthei\/files\/2020\/11\/1-welche-araber-kennen-sie-1024x608.jpg\" alt=\"\" data-id=\"184\" data-full-url=\"https:\/\/blogs.fu-berlin.de\/mummelthei\/files\/2020\/11\/1-welche-araber-kennen-sie-scaled.jpg\" data-link=\"https:\/\/blogs.fu-berlin.de\/mummelthei\/?attachment_id=184\" class=\"wp-image-184\" srcset=\"https:\/\/blogs.fu-berlin.de\/mummelthei\/files\/2020\/11\/1-welche-araber-kennen-sie-1024x608.jpg 1024w, https:\/\/blogs.fu-berlin.de\/mummelthei\/files\/2020\/11\/1-welche-araber-kennen-sie-300x178.jpg 300w, https:\/\/blogs.fu-berlin.de\/mummelthei\/files\/2020\/11\/1-welche-araber-kennen-sie-768x456.jpg 768w, https:\/\/blogs.fu-berlin.de\/mummelthei\/files\/2020\/11\/1-welche-araber-kennen-sie-1536x912.jpg 1536w, https:\/\/blogs.fu-berlin.de\/mummelthei\/files\/2020\/11\/1-welche-araber-kennen-sie-2048x1216.jpg 2048w, https:\/\/blogs.fu-berlin.de\/mummelthei\/files\/2020\/11\/1-welche-araber-kennen-sie-1200x713.jpg 1200w\" sizes=\"auto, (max-width: 709px) 85vw, (max-width: 909px) 67vw, (max-width: 1362px) 62vw, 840px\" \/><\/figure><\/li><li class=\"blocks-gallery-item\"><figure><img loading=\"lazy\" decoding=\"async\" width=\"1024\" height=\"608\" src=\"https:\/\/blogs.fu-berlin.de\/mummelthei\/files\/2020\/11\/1-welche-filme-kennen-sie-die-im-orient-spielen-oder-in-denen-araber-vorkommen-1-1024x608.jpg\" alt=\"\" data-id=\"185\" data-full-url=\"https:\/\/blogs.fu-berlin.de\/mummelthei\/files\/2020\/11\/1-welche-filme-kennen-sie-die-im-orient-spielen-oder-in-denen-araber-vorkommen-1-scaled.jpg\" data-link=\"https:\/\/blogs.fu-berlin.de\/mummelthei\/?attachment_id=185\" class=\"wp-image-185\" srcset=\"https:\/\/blogs.fu-berlin.de\/mummelthei\/files\/2020\/11\/1-welche-filme-kennen-sie-die-im-orient-spielen-oder-in-denen-araber-vorkommen-1-1024x608.jpg 1024w, https:\/\/blogs.fu-berlin.de\/mummelthei\/files\/2020\/11\/1-welche-filme-kennen-sie-die-im-orient-spielen-oder-in-denen-araber-vorkommen-1-300x178.jpg 300w, https:\/\/blogs.fu-berlin.de\/mummelthei\/files\/2020\/11\/1-welche-filme-kennen-sie-die-im-orient-spielen-oder-in-denen-araber-vorkommen-1-768x456.jpg 768w, https:\/\/blogs.fu-berlin.de\/mummelthei\/files\/2020\/11\/1-welche-filme-kennen-sie-die-im-orient-spielen-oder-in-denen-araber-vorkommen-1-1536x912.jpg 1536w, https:\/\/blogs.fu-berlin.de\/mummelthei\/files\/2020\/11\/1-welche-filme-kennen-sie-die-im-orient-spielen-oder-in-denen-araber-vorkommen-1-2048x1216.jpg 2048w, https:\/\/blogs.fu-berlin.de\/mummelthei\/files\/2020\/11\/1-welche-filme-kennen-sie-die-im-orient-spielen-oder-in-denen-araber-vorkommen-1-1200x713.jpg 1200w\" sizes=\"auto, (max-width: 709px) 85vw, (max-width: 909px) 67vw, (max-width: 1362px) 62vw, 840px\" \/><\/figure><\/li><li class=\"blocks-gallery-item\"><figure><img loading=\"lazy\" decoding=\"async\" width=\"1024\" height=\"608\" src=\"https:\/\/blogs.fu-berlin.de\/mummelthei\/files\/2020\/11\/1-welche-filme-kennen-sie-die-im-orient-spielen-oder-in-denen-araber-vorkommen-2-1024x608.jpg\" alt=\"\" data-id=\"186\" data-full-url=\"https:\/\/blogs.fu-berlin.de\/mummelthei\/files\/2020\/11\/1-welche-filme-kennen-sie-die-im-orient-spielen-oder-in-denen-araber-vorkommen-2-scaled.jpg\" data-link=\"https:\/\/blogs.fu-berlin.de\/mummelthei\/?attachment_id=186\" class=\"wp-image-186\" srcset=\"https:\/\/blogs.fu-berlin.de\/mummelthei\/files\/2020\/11\/1-welche-filme-kennen-sie-die-im-orient-spielen-oder-in-denen-araber-vorkommen-2-1024x608.jpg 1024w, https:\/\/blogs.fu-berlin.de\/mummelthei\/files\/2020\/11\/1-welche-filme-kennen-sie-die-im-orient-spielen-oder-in-denen-araber-vorkommen-2-300x178.jpg 300w, https:\/\/blogs.fu-berlin.de\/mummelthei\/files\/2020\/11\/1-welche-filme-kennen-sie-die-im-orient-spielen-oder-in-denen-araber-vorkommen-2-768x456.jpg 768w, https:\/\/blogs.fu-berlin.de\/mummelthei\/files\/2020\/11\/1-welche-filme-kennen-sie-die-im-orient-spielen-oder-in-denen-araber-vorkommen-2-1536x912.jpg 1536w, https:\/\/blogs.fu-berlin.de\/mummelthei\/files\/2020\/11\/1-welche-filme-kennen-sie-die-im-orient-spielen-oder-in-denen-araber-vorkommen-2-2048x1216.jpg 2048w, https:\/\/blogs.fu-berlin.de\/mummelthei\/files\/2020\/11\/1-welche-filme-kennen-sie-die-im-orient-spielen-oder-in-denen-araber-vorkommen-2-1200x713.jpg 1200w\" sizes=\"auto, (max-width: 709px) 85vw, (max-width: 909px) 67vw, (max-width: 1362px) 62vw, 840px\" \/><\/figure><\/li><li class=\"blocks-gallery-item\"><figure><img loading=\"lazy\" decoding=\"async\" width=\"1024\" height=\"608\" src=\"https:\/\/blogs.fu-berlin.de\/mummelthei\/files\/2020\/11\/1-welche-filme-kennen-sie-die-im-orient-spielen-oder-in-denen-araber-vorkommen-3-1024x608.jpg\" alt=\"\" data-id=\"187\" data-full-url=\"https:\/\/blogs.fu-berlin.de\/mummelthei\/files\/2020\/11\/1-welche-filme-kennen-sie-die-im-orient-spielen-oder-in-denen-araber-vorkommen-3-scaled.jpg\" data-link=\"https:\/\/blogs.fu-berlin.de\/mummelthei\/?attachment_id=187\" class=\"wp-image-187\" srcset=\"https:\/\/blogs.fu-berlin.de\/mummelthei\/files\/2020\/11\/1-welche-filme-kennen-sie-die-im-orient-spielen-oder-in-denen-araber-vorkommen-3-1024x608.jpg 1024w, https:\/\/blogs.fu-berlin.de\/mummelthei\/files\/2020\/11\/1-welche-filme-kennen-sie-die-im-orient-spielen-oder-in-denen-araber-vorkommen-3-300x178.jpg 300w, https:\/\/blogs.fu-berlin.de\/mummelthei\/files\/2020\/11\/1-welche-filme-kennen-sie-die-im-orient-spielen-oder-in-denen-araber-vorkommen-3-768x456.jpg 768w, https:\/\/blogs.fu-berlin.de\/mummelthei\/files\/2020\/11\/1-welche-filme-kennen-sie-die-im-orient-spielen-oder-in-denen-araber-vorkommen-3-1536x912.jpg 1536w, https:\/\/blogs.fu-berlin.de\/mummelthei\/files\/2020\/11\/1-welche-filme-kennen-sie-die-im-orient-spielen-oder-in-denen-araber-vorkommen-3-2048x1216.jpg 2048w, https:\/\/blogs.fu-berlin.de\/mummelthei\/files\/2020\/11\/1-welche-filme-kennen-sie-die-im-orient-spielen-oder-in-denen-araber-vorkommen-3-1200x713.jpg 1200w\" sizes=\"auto, (max-width: 709px) 85vw, (max-width: 909px) 67vw, (max-width: 1362px) 62vw, 840px\" \/><\/figure><\/li><\/ul><figcaption class=\"blocks-gallery-caption\"><em>Erstellt mit <\/em><a href=\"https:\/\/www.mentimeter.com\">Mentimeter<\/a><\/figcaption><\/figure>\n\n\n\n<p>Besonders die interkativen Wortwolken finde ich ziemlich spannend und denke, dass dieser auch zur weiteren Anregung von Diskussionen genutzt werden k\u00f6nnen.<\/p>\n\n\n\n<h2 class=\"wp-block-heading\">Die n\u00e4chste Sitzung<\/h2>\n\n\n\n<p>Die kommende Sitzung wird zun\u00e4chst eine \u00dcberleitung zum Thema &#8222;Orient und Araber \u2013 wo, was und wer?&#8220; bilden, bevor wir Ende November in die Gruppenarbeit im Sinne des problembasierten Lernens einsteigen. Ich habe mir \u00fcberlegt, die Sitzung diskussionslastig aufzubauen \u2013 und zwar in Teilgruppen. Ich erhoffe mir von der Arbeit in Breakoutsessions, dass sich die Studierenden im virtuellen Raum kennenlernen und miteinander kollaborieren lernen \u2013 etwas, was in Pr\u00e4senz auf dem Campus in einem Lehrraum m\u00f6glicherweise einfacher (vielleicht weil einfach &#8222;gew\u00f6hnlich&#8220;?) zu bewerkstelligen w\u00e4re. In kommunikationswissenschaftlicher Terminologie k\u00f6nnte die Form dieser Diskussionsgruppen als  &#8222;World-Caf\u00e9&#8220; bezeichnet werden (allerdings abgewandelt in der Hinsicht, dass es keine Tischgastgeber geben wird). Folgende Fragen sollen in der ersten Runde diskutiert werden:<\/p>\n\n\n\n<ul class=\"wp-block-list\"><li>Was ist &#8222;der Orient&#8220;?<\/li><li>Wo ist &#8222;der Orient&#8220;?<\/li><li>Wer ist &#8222;Orientale&#8220;?<\/li><li>Was ist &#8222;orientalisch&#8220;?<\/li><li>Wer ist &#8222;Araber&#8220;?<\/li><li>Wer ist &#8222;Muslim&#8220;?<\/li><li>Wo sind die Schnittmengen?<\/li><li>Und warum habe ich diese Begriffe in Anf\u00fchrungszeichen gesetzt?<\/li><\/ul>\n\n\n\n<p>Anschlie\u00dfend werden wir die Diskussionspunkte in gro\u00dfer Runde kurz umrei\u00dfen.<\/p>\n\n\n\n<p>Nach einer Pause von 5 bis 10 Minuten \u2013 sofern die Studierenden damit einverstanden sind \u2013 schauen sich die Studierenden wiederum in Teilgruppen (in anderer Konstellation) jeweils drei kurze Clips aus Filmen und Serien an und sollen \u00fcberlegen, was diese mit dem Thema der Lernwerkstatt zu tun haben k\u00f6nnten: Kommen hier &#8222;Orientalen&#8220; vor? Wird etwas \u00fcber &#8222;den Orient&#8220; gesagt? Wie wird &#8222;der Orient&#8220; dargestellt? Und so weiter. Es handelt sich um<\/p>\n\n\n\n<ul class=\"wp-block-list\"><li>eine Szene aus&nbsp;<em>The Thief of<\/em>&nbsp;<em>Baghdad&nbsp;<\/em>(1940), in der der b\u00f6se Zauberer Jaffar (gespielt von Conrad Veidt) einen Zauber aus\u00fcbt;<\/li><li>den Trailer zu&nbsp;<em>Prince of Persia&nbsp;<\/em>(2010);<\/li><li>Szenen aus&nbsp;<em>The Big Bang Theory<\/em>, Staffel 2, Episode 11, und Staffel 9, Episoden 3 und 14.<\/li><\/ul>\n\n\n\n<figure class=\"wp-block-image size-large\"><img loading=\"lazy\" decoding=\"async\" width=\"512\" height=\"288\" src=\"https:\/\/blogs.fu-berlin.de\/mummelthei\/files\/2020\/11\/unnamed.jpg\" alt=\"\" class=\"wp-image-188\" srcset=\"https:\/\/blogs.fu-berlin.de\/mummelthei\/files\/2020\/11\/unnamed.jpg 512w, https:\/\/blogs.fu-berlin.de\/mummelthei\/files\/2020\/11\/unnamed-300x169.jpg 300w\" sizes=\"auto, (max-width: 512px) 85vw, 512px\" \/><figcaption>Conrad Veidt als Jaffar in The Thief of Baghdad (1940)<\/figcaption><\/figure>\n\n\n\n<figure class=\"wp-block-image size-medium\"><img loading=\"lazy\" decoding=\"async\" width=\"203\" height=\"300\" src=\"https:\/\/blogs.fu-berlin.de\/mummelthei\/files\/2020\/11\/MV5BMTMwNDg0NzcyMV5BMl5BanBnXkFtZTcwNjg4MjQyMw@@._V1_-203x300.jpg\" alt=\"\" class=\"wp-image-189\" srcset=\"https:\/\/blogs.fu-berlin.de\/mummelthei\/files\/2020\/11\/MV5BMTMwNDg0NzcyMV5BMl5BanBnXkFtZTcwNjg4MjQyMw@@._V1_-203x300.jpg 203w, https:\/\/blogs.fu-berlin.de\/mummelthei\/files\/2020\/11\/MV5BMTMwNDg0NzcyMV5BMl5BanBnXkFtZTcwNjg4MjQyMw@@._V1_-693x1024.jpg 693w, https:\/\/blogs.fu-berlin.de\/mummelthei\/files\/2020\/11\/MV5BMTMwNDg0NzcyMV5BMl5BanBnXkFtZTcwNjg4MjQyMw@@._V1_-768x1136.jpg 768w, https:\/\/blogs.fu-berlin.de\/mummelthei\/files\/2020\/11\/MV5BMTMwNDg0NzcyMV5BMl5BanBnXkFtZTcwNjg4MjQyMw@@._V1_-1039x1536.jpg 1039w, https:\/\/blogs.fu-berlin.de\/mummelthei\/files\/2020\/11\/MV5BMTMwNDg0NzcyMV5BMl5BanBnXkFtZTcwNjg4MjQyMw@@._V1_-1200x1774.jpg 1200w, https:\/\/blogs.fu-berlin.de\/mummelthei\/files\/2020\/11\/MV5BMTMwNDg0NzcyMV5BMl5BanBnXkFtZTcwNjg4MjQyMw@@._V1_.jpg 1385w\" sizes=\"auto, (max-width: 203px) 85vw, 203px\" \/><figcaption><a href=\"https:\/\/m.media-amazon.com\/images\/M\/MV5BMTMwNDg0NzcyMV5BMl5BanBnXkFtZTcwNjg4MjQyMw@@._V1_.jpg\">Filmplakat<\/a> von Prince of Persia \u2013 The Sands of Time (2011)<\/figcaption><\/figure>\n\n\n\n<blockquote class=\"wp-block-quote is-layout-flow wp-block-quote-is-layout-flow\"><p>What it is is a cacophonous assault of eucalyptus, bayberry, cinnamon and vanilla. It&#8217;s as if my head were trapped in the pajamas of a sultan.<\/p><cite>Sheldon Cooper, The Big Bang Theory, Staffel 2, Episode 11<\/cite><\/blockquote>\n\n\n\n<p>Was an diesen Szenen ist diskussionsw\u00fcrdig im Kontext unserer Lernwerkstatt? Wie gehen die Studierenden damit um? Brauchen sie weitere Informationen, um diese Szenen besser einordnen zu k\u00f6nnen? Wenn ja, welche und wo k\u00f6nnten sie diese Informationen finden?<\/p>\n\n\n\n<p>Wir diskutieren diese Punkte dann erneut kurz in der ganzen Gruppe.&nbsp;<\/p>\n\n\n\n<p>Diese Sitzung bietet insgesamt einen Vorgeschmack auf die kommenden Sitzungen, in denen wir uns auf Grundlage des problembasierten Lernens Darstellungen aus Filmen und Serien n\u00e4hern werden, die auf den ersten Blick vielleicht gar nicht so viel mit unserem Lernwerkstattsthema zu tun haben \ud83d\ude09<\/p>\n","protected":false},"excerpt":{"rendered":"<p>R\u00fcckblick auf die erste Online-Sitzung einer Lernwerkstatt im Rahmen von EinS@FU Mein letzter Beitrag liegt schon einige Monate zur\u00fcck; das neue Semester hat bereits begonnen und aus dem Sommersemester bekannte Herausforderungen der digitalen Lehre begegnen mir nun in anderem und teilweise neuem Gewand. Neben einem Lekt\u00fcrekurs zu Dichtung aus Syrien um 2011 im dritten Studienjahr &hellip; <a href=\"https:\/\/blogs.fu-berlin.de\/mummelthei\/2020\/11\/07\/pausen-in-online-session-und-interaktive-praesentationen\/\" class=\"more-link\"><span class=\"screen-reader-text\">\u201ePausen in Online-Session und interaktive Pr\u00e4sentationen\u201c<\/span> weiterlesen<\/a><\/p>\n","protected":false},"author":2235,"featured_media":192,"comment_status":"open","ping_status":"open","sticky":false,"template":"","format":"standard","meta":{"footnotes":""},"categories":[351423,351424,351430],"tags":[351425,339112,9603,351431,333752,318945,324499,351423,351426,318190,351424,318638,318322,351432,322669,319164],"class_list":["post-175","post","type-post","status-publish","format-standard","has-post-thumbnail","hentry","category-einsfu","category-lernwerkstatt","category-problembasiertes-lernen-pbl","tag-araber-und-orient-in-hollywood","tag-bachelorstudiengang","tag-blended-learning","tag-breakoutsession","tag-cisco-webex-meetings","tag-digitale-lehre","tag-digitales-semester","tag-einsfu","tag-geist-kultur","tag-kreativsemester","tag-lernwerkstatt","tag-online-lehren","tag-online-lernen","tag-synchrones-lehren","tag-synchrones-lernen","tag-virtueller-campus-berlin"],"_links":{"self":[{"href":"https:\/\/blogs.fu-berlin.de\/mummelthei\/wp-json\/wp\/v2\/posts\/175","targetHints":{"allow":["GET"]}}],"collection":[{"href":"https:\/\/blogs.fu-berlin.de\/mummelthei\/wp-json\/wp\/v2\/posts"}],"about":[{"href":"https:\/\/blogs.fu-berlin.de\/mummelthei\/wp-json\/wp\/v2\/types\/post"}],"author":[{"embeddable":true,"href":"https:\/\/blogs.fu-berlin.de\/mummelthei\/wp-json\/wp\/v2\/users\/2235"}],"replies":[{"embeddable":true,"href":"https:\/\/blogs.fu-berlin.de\/mummelthei\/wp-json\/wp\/v2\/comments?post=175"}],"version-history":[{"count":4,"href":"https:\/\/blogs.fu-berlin.de\/mummelthei\/wp-json\/wp\/v2\/posts\/175\/revisions"}],"predecessor-version":[{"id":207,"href":"https:\/\/blogs.fu-berlin.de\/mummelthei\/wp-json\/wp\/v2\/posts\/175\/revisions\/207"}],"wp:featuredmedia":[{"embeddable":true,"href":"https:\/\/blogs.fu-berlin.de\/mummelthei\/wp-json\/wp\/v2\/media\/192"}],"wp:attachment":[{"href":"https:\/\/blogs.fu-berlin.de\/mummelthei\/wp-json\/wp\/v2\/media?parent=175"}],"wp:term":[{"taxonomy":"category","embeddable":true,"href":"https:\/\/blogs.fu-berlin.de\/mummelthei\/wp-json\/wp\/v2\/categories?post=175"},{"taxonomy":"post_tag","embeddable":true,"href":"https:\/\/blogs.fu-berlin.de\/mummelthei\/wp-json\/wp\/v2\/tags?post=175"}],"curies":[{"name":"wp","href":"https:\/\/api.w.org\/{rel}","templated":true}]}}