{"id":195,"date":"2020-11-09T19:23:29","date_gmt":"2020-11-09T18:23:29","guid":{"rendered":"https:\/\/blogs.fu-berlin.de\/mummelthei\/?p=195"},"modified":"2020-11-10T08:58:25","modified_gmt":"2020-11-10T07:58:25","slug":"ein-deutliches-ja-zu-pausen-waehrend-synchroner-online-sessions","status":"publish","type":"post","link":"https:\/\/blogs.fu-berlin.de\/mummelthei\/2020\/11\/09\/ein-deutliches-ja-zu-pausen-waehrend-synchroner-online-sessions\/","title":{"rendered":"Ein deutliches Ja zu Pausen w\u00e4hrend synchroner Online-Sessions"},"content":{"rendered":"\n<p>Im letzten Beitrag k\u00fcndigte ich ja an, dass ich R\u00fcckmeldung dazu geben werde, was die Studierenden in meiner EinS@FU-Lernwerkstatt davon halten, wenn wir nach ca. 45 Minuten eine virtuelle Pause einlegen \u2013 um sich Kaffee, Tee oder einen Snack zu holen.<\/p>\n\n\n\n<p>In der heutigen Sitzung gab es eine \u00fcberw\u00e4ltigen Zustimmung hinsichtlich kurzer Pausen von 5 bis 7 Minuten. Also werde ich dies definitiv beibehalten f\u00fcr die kommenden Sitzungen, wenn diese absehbar l\u00e4nger als 60 Minuten dauern.<\/p>\n\n\n\n<figure class=\"wp-block-image size-large\"><img loading=\"lazy\" decoding=\"async\" width=\"1024\" height=\"579\" src=\"https:\/\/blogs.fu-berlin.de\/mummelthei\/files\/2020\/11\/Screenshot-2020-11-09-at-19.22.19-1024x579.png\" alt=\"\" class=\"wp-image-196\" srcset=\"https:\/\/blogs.fu-berlin.de\/mummelthei\/files\/2020\/11\/Screenshot-2020-11-09-at-19.22.19-1024x579.png 1024w, https:\/\/blogs.fu-berlin.de\/mummelthei\/files\/2020\/11\/Screenshot-2020-11-09-at-19.22.19-300x170.png 300w, https:\/\/blogs.fu-berlin.de\/mummelthei\/files\/2020\/11\/Screenshot-2020-11-09-at-19.22.19-768x434.png 768w, https:\/\/blogs.fu-berlin.de\/mummelthei\/files\/2020\/11\/Screenshot-2020-11-09-at-19.22.19.png 1138w\" sizes=\"auto, (max-width: 709px) 85vw, (max-width: 909px) 67vw, (max-width: 1362px) 62vw, 840px\" \/><figcaption>Pr\u00e4sentation erstellt mit <a href=\"http:\/\/www.pitch.com\">Pitch<\/a><\/figcaption><\/figure>\n\n\n\n<p> <\/p>\n","protected":false},"excerpt":{"rendered":"<p>Im letzten Beitrag k\u00fcndigte ich ja an, dass ich R\u00fcckmeldung dazu geben werde, was die Studierenden in meiner EinS@FU-Lernwerkstatt davon halten, wenn wir nach ca. 45 Minuten eine virtuelle Pause einlegen \u2013 um sich Kaffee, Tee oder einen Snack zu holen. In der heutigen Sitzung gab es eine \u00fcberw\u00e4ltigen Zustimmung hinsichtlich kurzer Pausen von 5 &hellip; <a href=\"https:\/\/blogs.fu-berlin.de\/mummelthei\/2020\/11\/09\/ein-deutliches-ja-zu-pausen-waehrend-synchroner-online-sessions\/\" class=\"more-link\"><span class=\"screen-reader-text\">\u201eEin deutliches Ja zu Pausen w\u00e4hrend synchroner Online-Sessions\u201c<\/span> weiterlesen<\/a><\/p>\n","protected":false},"author":2235,"featured_media":0,"comment_status":"open","ping_status":"open","sticky":false,"template":"","format":"aside","meta":{"footnotes":""},"categories":[351423,351424,351430],"tags":[351425,339112,9603,351431,333752,318945,324499,351423,351426,318190,351424,318638,318322,2096,351432,322669,319164],"class_list":["post-195","post","type-post","status-publish","format-aside","hentry","category-einsfu","category-lernwerkstatt","category-problembasiertes-lernen-pbl","tag-araber-und-orient-in-hollywood","tag-bachelorstudiengang","tag-blended-learning","tag-breakoutsession","tag-cisco-webex-meetings","tag-digitale-lehre","tag-digitales-semester","tag-einsfu","tag-geist-kultur","tag-kreativsemester","tag-lernwerkstatt","tag-online-lehren","tag-online-lernen","tag-pause","tag-synchrones-lehren","tag-synchrones-lernen","tag-virtueller-campus-berlin","post_format-post-format-aside"],"_links":{"self":[{"href":"https:\/\/blogs.fu-berlin.de\/mummelthei\/wp-json\/wp\/v2\/posts\/195","targetHints":{"allow":["GET"]}}],"collection":[{"href":"https:\/\/blogs.fu-berlin.de\/mummelthei\/wp-json\/wp\/v2\/posts"}],"about":[{"href":"https:\/\/blogs.fu-berlin.de\/mummelthei\/wp-json\/wp\/v2\/types\/post"}],"author":[{"embeddable":true,"href":"https:\/\/blogs.fu-berlin.de\/mummelthei\/wp-json\/wp\/v2\/users\/2235"}],"replies":[{"embeddable":true,"href":"https:\/\/blogs.fu-berlin.de\/mummelthei\/wp-json\/wp\/v2\/comments?post=195"}],"version-history":[{"count":1,"href":"https:\/\/blogs.fu-berlin.de\/mummelthei\/wp-json\/wp\/v2\/posts\/195\/revisions"}],"predecessor-version":[{"id":197,"href":"https:\/\/blogs.fu-berlin.de\/mummelthei\/wp-json\/wp\/v2\/posts\/195\/revisions\/197"}],"wp:attachment":[{"href":"https:\/\/blogs.fu-berlin.de\/mummelthei\/wp-json\/wp\/v2\/media?parent=195"}],"wp:term":[{"taxonomy":"category","embeddable":true,"href":"https:\/\/blogs.fu-berlin.de\/mummelthei\/wp-json\/wp\/v2\/categories?post=195"},{"taxonomy":"post_tag","embeddable":true,"href":"https:\/\/blogs.fu-berlin.de\/mummelthei\/wp-json\/wp\/v2\/tags?post=195"}],"curies":[{"name":"wp","href":"https:\/\/api.w.org\/{rel}","templated":true}]}}