{"id":198,"date":"2020-11-09T20:04:12","date_gmt":"2020-11-09T19:04:12","guid":{"rendered":"https:\/\/blogs.fu-berlin.de\/mummelthei\/?p=198"},"modified":"2020-11-10T08:59:09","modified_gmt":"2020-11-10T07:59:09","slug":"world-cafe-artige-diskussionsrunden-zur-einstimmung","status":"publish","type":"post","link":"https:\/\/blogs.fu-berlin.de\/mummelthei\/2020\/11\/09\/world-cafe-artige-diskussionsrunden-zur-einstimmung\/","title":{"rendered":"World-Caf\u00e9-artige Diskussionsrunden zur Einstimmung"},"content":{"rendered":"\n<p>In der zweiten Sitzung der EinS@FU-Lernwerkstatt &#8222;Araber und Orient in Hollywood&#8220; wollte ich mich mit den Studierenden auf einige der Begrifflichkeiten und Fragestellungen, die uns in der Lehrveranstaltung immer wieder begegnen werden, einstimmen. <\/p>\n\n\n\n<ul class=\"wp-block-list\"><li>Was ist &#8222;der Orient&#8220;? <\/li><li>Wo ist &#8222;der Orient&#8220;? <\/li><li>Wer ist &#8222;Orientale&#8220;?&nbsp;<\/li><li>Was ist &#8222;orientalisch&#8220;? <\/li><li>Wer ist &#8222;Araber&#8220;? <\/li><li>Wer ist &#8222;Muslim&#8220;?<\/li><li>Wo sind die Schnittmengen?<\/li><li>Und warum habe ich diese Begriffe in Anf\u00fchrungszeichen gesetzt?<\/li><\/ul>\n\n\n\n<p>Dazu hatte ich mir \u00fcberlegt, die Studierenden per Breakout-Sessions in Cisco WebEx Meetings in zuf\u00e4llige Teilgruppen einzuteilen und sie ca. 20 Minuten lang \u00fcber diese Fragen und Begriffe diskutieren zu lassen. <\/p>\n\n\n\n<blockquote class=\"wp-block-quote is-layout-flow wp-block-quote-is-layout-flow\"><p>Im Prinzip entsprach das Diskussionsformat durchaus der Kommunikationsform eines &#8222;World-Caf\u00e9s&#8220; \u2013 nur ohne Tischgastgeber.<\/p><cite>VM<\/cite><\/blockquote>\n\n\n\n<p>Nach 20 Minuten sollten wir uns wieder im Hauptraum einfinden und w\u00fcrden die Fragen in gro\u00dfer Runde kurz besprechen. Ich \u00fcberlie\u00df es den Studierenden, untereinander in den Gruppen jeweils auszumachen, wer wie die Diskussionspunkte mitnotiert und wie diese dann in der Hauptdiskussion vorgestellt werden (ob es etwa eine Person allein macht und sich mehrere abwechseln). <\/p>\n\n\n\n<figure class=\"wp-block-image size-large\"><img loading=\"lazy\" decoding=\"async\" width=\"1024\" height=\"574\" src=\"https:\/\/blogs.fu-berlin.de\/mummelthei\/files\/2020\/11\/Screenshot-2020-11-09-at-19.32.47-1024x574.png\" alt=\"\" class=\"wp-image-199\" srcset=\"https:\/\/blogs.fu-berlin.de\/mummelthei\/files\/2020\/11\/Screenshot-2020-11-09-at-19.32.47-1024x574.png 1024w, https:\/\/blogs.fu-berlin.de\/mummelthei\/files\/2020\/11\/Screenshot-2020-11-09-at-19.32.47-300x168.png 300w, https:\/\/blogs.fu-berlin.de\/mummelthei\/files\/2020\/11\/Screenshot-2020-11-09-at-19.32.47-768x431.png 768w, https:\/\/blogs.fu-berlin.de\/mummelthei\/files\/2020\/11\/Screenshot-2020-11-09-at-19.32.47.png 1139w\" sizes=\"auto, (max-width: 709px) 85vw, (max-width: 909px) 67vw, (max-width: 1362px) 62vw, 840px\" \/><figcaption>Pr\u00e4sentation erstellt mit <a href=\"http:\/\/www.pitch.com\">Pitch<\/a><\/figcaption><\/figure>\n\n\n\n<p>Dies funktionierte tats\u00e4chlich ausgesprochen gut. Die Beitr\u00e4ge waren schl\u00fcssig und reichhaltig, teilweise sogar schon mit Quellen fundiert. <\/p>\n\n\n\n<p>Allerdings stellte ich fest, dass ich mein n\u00e4chsten Mal definitiv mehr als 10 Minuten Zeit f\u00fcr die Diskussion in gro\u00dfer Runde lassen w\u00fcrde, da sich, wenn die Studierenden die Beitr\u00e4ge der anderen Gruppen h\u00f6ren, durchaus noch neue Ideen und Gedanken ergeben. Die Diskussion in Teilgruppen, in die ich mich als Gastgeber des Meetings nur geschaltet h\u00e4tte, wenn die Studierenden die Hilferuf-Funktion genutzt h\u00e4tten, schien mir gut als Katalysator f\u00fcr weiter ausschweifende oder tiefer gehende Diskussionen dann in der gro\u00dfen Gruppe zu funktionieren. Wir hatten gar nicht so viel Zeit, alle Begriffe und Punkte anzusprechen, die die Studierenden aufwarfen. <\/p>\n\n\n\n<figure class=\"wp-block-image size-large\"><img loading=\"lazy\" decoding=\"async\" width=\"1024\" height=\"574\" src=\"https:\/\/blogs.fu-berlin.de\/mummelthei\/files\/2020\/11\/Screenshot-2020-11-09-at-19.42.24-1024x574.png\" alt=\"\" class=\"wp-image-200\" srcset=\"https:\/\/blogs.fu-berlin.de\/mummelthei\/files\/2020\/11\/Screenshot-2020-11-09-at-19.42.24-1024x574.png 1024w, https:\/\/blogs.fu-berlin.de\/mummelthei\/files\/2020\/11\/Screenshot-2020-11-09-at-19.42.24-300x168.png 300w, https:\/\/blogs.fu-berlin.de\/mummelthei\/files\/2020\/11\/Screenshot-2020-11-09-at-19.42.24-768x431.png 768w, https:\/\/blogs.fu-berlin.de\/mummelthei\/files\/2020\/11\/Screenshot-2020-11-09-at-19.42.24.png 1139w\" sizes=\"auto, (max-width: 709px) 85vw, (max-width: 909px) 67vw, (max-width: 1362px) 62vw, 840px\" \/><figcaption><em>Pr\u00e4sentation erstellt mit <\/em><a href=\"http:\/\/www.pitch.com\">Pitch<\/a><\/figcaption><\/figure>\n\n\n\n<p>Die Idee war, die Studierenden f\u00fcr das Problematisieren von Begriffen wie &#8222;Orient&#8220;, &#8222;Naher Osten&#8220;, &#8222;Nordafrika&#8220;, &#8222;arabische Welt&#8220;, &#8222;arabischsprachige Welt&#8220;, &#8222;Middle East&#8220;, &#8222;Orientale&#8220;, &#8222;Araber&#8220;, &#8222;exotisch&#8220;, &#8222;orientalisch&#8220;, &#8222;islamisch&#8220;, und so weiter, zu sensibilisieren. Aus meiner Perspektive ist dies gelungen, auch wenn ich noch einen Weg finden muss, die Ergebnisse der Diskussion sichtbarer zu machen. Zwar habe ich mir reichlich Notizen gemacht und werde versuchen, die Diskussionspunkte aufzubereiten und in Blackboard zur Verf\u00fcgung zu stellen; aber ich werde mir \u00fcberlegen, ob ich die Studierenden nicht mit dem Whiteboard in Cisco WebEx Meetings experimentieren lasse oder ob es sinnvoll sein kann, ein Wiki oder einen Faden im Diskussionsforum zu er\u00f6ffnen oder schlicht ein Dokument in Word online oder ein Etherpad er\u00f6ffnen zu lassen. <\/p>\n\n\n\n<p>Die Pause kurz nach 15 Uhr (wir hatten 14 Uhr begonnen) tat dann auch gut \u2013 sie k\u00f6nnte vermutlich sogar etwas l\u00e4nger gehen.<\/p>\n\n\n\n<h2 class=\"wp-block-heading\">Erste Kurzclips<\/h2>\n\n\n\n<p>In der zweiten Diskussionsrunde sollten sich die Studierenden dann in Teilgruppen einen von drei Kurzclips anschauen und dazu wiederum diskutieren. Es handelte sich um:<\/p>\n\n\n\n<ul class=\"wp-block-list\"><li>eine Szene aus&nbsp;<em>The Thief of<\/em>&nbsp;<em>Baghdad&nbsp;<\/em>(1940), in der der b\u00f6se Zauberer Jaffar (gespielt von Conrad Veidt) einen Zauber aus\u00fcbt;<\/li><li>den Trailer zu&nbsp;<em>Prince of Persia&nbsp;<\/em>(2010);<\/li><li>Szenen aus&nbsp;<em>The Big Bang Theory<\/em>, Staffel 2, Episode 11, und Staffel 9, Episoden 3 und 14.<\/li><\/ul>\n\n\n\n<figure class=\"wp-block-image size-large\"><img loading=\"lazy\" decoding=\"async\" width=\"512\" height=\"288\" src=\"https:\/\/blogs.fu-berlin.de\/mummelthei\/files\/2020\/11\/unnamed.jpg\" alt=\"\" class=\"wp-image-188\" srcset=\"https:\/\/blogs.fu-berlin.de\/mummelthei\/files\/2020\/11\/unnamed.jpg 512w, https:\/\/blogs.fu-berlin.de\/mummelthei\/files\/2020\/11\/unnamed-300x169.jpg 300w\" sizes=\"auto, (max-width: 512px) 85vw, 512px\" \/><figcaption>Conrad Veidt als Jaffar in The Thief of Baghdad (1940)<\/figcaption><\/figure>\n\n\n\n<figure class=\"wp-block-image size-medium\"><img loading=\"lazy\" decoding=\"async\" width=\"203\" height=\"300\" src=\"https:\/\/blogs.fu-berlin.de\/mummelthei\/files\/2020\/11\/MV5BMTMwNDg0NzcyMV5BMl5BanBnXkFtZTcwNjg4MjQyMw@@._V1_-203x300.jpg\" alt=\"\" class=\"wp-image-189\" srcset=\"https:\/\/blogs.fu-berlin.de\/mummelthei\/files\/2020\/11\/MV5BMTMwNDg0NzcyMV5BMl5BanBnXkFtZTcwNjg4MjQyMw@@._V1_-203x300.jpg 203w, https:\/\/blogs.fu-berlin.de\/mummelthei\/files\/2020\/11\/MV5BMTMwNDg0NzcyMV5BMl5BanBnXkFtZTcwNjg4MjQyMw@@._V1_-693x1024.jpg 693w, https:\/\/blogs.fu-berlin.de\/mummelthei\/files\/2020\/11\/MV5BMTMwNDg0NzcyMV5BMl5BanBnXkFtZTcwNjg4MjQyMw@@._V1_-768x1136.jpg 768w, https:\/\/blogs.fu-berlin.de\/mummelthei\/files\/2020\/11\/MV5BMTMwNDg0NzcyMV5BMl5BanBnXkFtZTcwNjg4MjQyMw@@._V1_-1039x1536.jpg 1039w, https:\/\/blogs.fu-berlin.de\/mummelthei\/files\/2020\/11\/MV5BMTMwNDg0NzcyMV5BMl5BanBnXkFtZTcwNjg4MjQyMw@@._V1_-1200x1774.jpg 1200w, https:\/\/blogs.fu-berlin.de\/mummelthei\/files\/2020\/11\/MV5BMTMwNDg0NzcyMV5BMl5BanBnXkFtZTcwNjg4MjQyMw@@._V1_.jpg 1385w\" sizes=\"auto, (max-width: 203px) 85vw, 203px\" \/><figcaption><a href=\"https:\/\/m.media-amazon.com\/images\/M\/MV5BMTMwNDg0NzcyMV5BMl5BanBnXkFtZTcwNjg4MjQyMw@@._V1_.jpg\">Filmplakat<\/a> von Prince of Persia \u2013 The Sands of Time (2011)<\/figcaption><\/figure>\n\n\n\n<blockquote class=\"wp-block-quote is-layout-flow wp-block-quote-is-layout-flow\"><p>What it is is a cacophonous assault of eucalyptus, bayberry, cinnamon and vanilla. It&#8217;s as if my head were trapped in the pajamas of a sultan.<\/p><cite>Sheldon Cooper, The Big Bang Theory, Staffel 2, Episode 11<\/cite><\/blockquote>\n\n\n\n<p>Aufgrund der Zeitknappheit \u00fcberlie\u00df ich es wiederum den Studierenden, sich in den Teilgruppen jeweils zu entscheiden, welchen Clip sie sich anschauen und diskutieren. <\/p>\n\n\n\n<p>(Urspr\u00fcnglich hatte ich geplant, zu den Gruppen jeweils dazuzutreten und sie mit dem Schauen und Diskutieren des einen oder anderen Clips zu beauftragen. Eine Idee, die mir erst zu sp\u00e4t kam, war, dass ich \u00fcber die Broadcast-Funktion in den Teilgruppen diese auch einzeln ansprechen kann und auch so die Clips h\u00e4tte verteilen k\u00f6nnen. Nun ja, beim n\u00e4chsten Mal!)<\/p>\n\n\n\n<figure class=\"wp-block-image size-large\"><img loading=\"lazy\" decoding=\"async\" width=\"1024\" height=\"578\" src=\"https:\/\/blogs.fu-berlin.de\/mummelthei\/files\/2020\/11\/Screenshot-2020-11-09-at-19.52.49-1024x578.png\" alt=\"\" class=\"wp-image-201\" srcset=\"https:\/\/blogs.fu-berlin.de\/mummelthei\/files\/2020\/11\/Screenshot-2020-11-09-at-19.52.49-1024x578.png 1024w, https:\/\/blogs.fu-berlin.de\/mummelthei\/files\/2020\/11\/Screenshot-2020-11-09-at-19.52.49-300x169.png 300w, https:\/\/blogs.fu-berlin.de\/mummelthei\/files\/2020\/11\/Screenshot-2020-11-09-at-19.52.49-768x433.png 768w, https:\/\/blogs.fu-berlin.de\/mummelthei\/files\/2020\/11\/Screenshot-2020-11-09-at-19.52.49.png 1141w\" sizes=\"auto, (max-width: 709px) 85vw, (max-width: 909px) 67vw, (max-width: 1362px) 62vw, 840px\" \/><figcaption><em>Pr\u00e4sentation erstellt mit <\/em><a href=\"http:\/\/www.pitch.com\">Pitch<\/a><\/figcaption><\/figure>\n\n\n\n<p>Folgende Leitfragen waren gegeben:<\/p>\n\n\n\n<ul class=\"wp-block-list\"><li>Was an diesen Szenen ist diskussionsw\u00fcrdig im Kontext unserer Lernwerkstatt? <\/li><li>Wie geht Ihr damit um? <\/li><li>Braucht Ihr weitere Informationen, um diese Szenen besser einordnen zu k\u00f6nnen? <\/li><li>Wenn ja, welche und wo k\u00f6nntet Ihr diese Informationen finden?<\/li><\/ul>\n\n\n\n<p>Auch wenn die Zeit knapp war, kamen in den 5 Minuten, die uns f\u00fcr ein gemeinsames Besprechen dieser Clips blieben, exzellente Gedanken zur Sprache, etwa hinsichtlich der Besetzung in diesen Filmen (Stichwort &#8222;whitewashing&#8220;) oder bez\u00fcglich der Adaption von Klischees f\u00fcr Humor in einer Sitcom wie <em>The Big Bang Theory.<\/em> Interessant war nat\u00fcrlich, dass Conrad Veidt, der in <em>The Thief of Baghdad (1940) <\/em>den b\u00f6sen Zauberer Jaffar spielt, ja ein deutscher Schauspieler war, dessen &#8222;exotischer&#8220; Akzent im Englischen zur Zeit der Ver\u00f6ffentlichung des Filmes zweifelsohne eine gewisse Wirkung erzielt haben muss. Und bei <em>Prince of Persia (2011) <\/em>stellte sich die Frage, wie viel &#8222;Freiheit&#8220; man sich beim Casting f\u00fcr einen Film, der zwar eine g\u00e4nzlich fiktive Geschichte erz\u00e4hlt, aber trotzdem auf kulturelle Codes zur\u00fcckgreift, erlauben kann. <\/p>\n\n\n\n<p>Zwar konnten wir an dieser Stelle die Diskussion nicht vertiefen; aber sie bildete dennoch eine gute Einstimmung auf die kommenden Sitzungen, in denen es eben um Fragen der Darstellung und Wahrnehmung von Arabern und &#8222;dem Orient&#8220; in Filmen und Serien gehen wird. <\/p>\n\n\n\n<h2 class=\"wp-block-heading\">Einander in Diskussionen kennenlernen<\/h2>\n\n\n\n<p>Die Diskussion in Teilgruppen hat sich in dieser zweiten Sitzung f\u00fcr mich als sinnvoll erwiesen, wobei ich f\u00fcr ein abschlie\u00dfendes Urteil noch die R\u00fcckmeldung der Studierenden in der kommenden Sitzung abwarte. Ich denke, solche World-Caf\u00e9-artigen Diskussionsrunden \u2013 wenn auch ohne Tischgastgeber \u2013 k\u00f6nnen auch eine gute M\u00f6glichkeit bieten, dass die Studierenden, die sich aktuell eben nicht leibhaftig auf dem Campus kennenlernen k\u00f6nnen, einander mindestens in vertrauteren, kleinen Kreisen im virtuellen Raum begegnen k\u00f6nnen \u2013 gerade auch ohne dass ich als Lehrende mich in die Teilgruppenr\u00e4ume &#8222;dazuschleiche&#8220;. <\/p>\n\n\n\n<p>Ich werde es so handhaben, dass ich es explizit vorher ank\u00fcndige, sollte eine Teilgruppenarbeit meine zeitweilige Anwesenheit erfordern. An sich finde ich aber, dass man den Studierenden gerade im virtuellen Raum auch die Gelegenheit geben sollte, &#8222;unter sich&#8220; zu sein. <\/p>\n","protected":false},"excerpt":{"rendered":"<p>In der zweiten Sitzung der EinS@FU-Lernwerkstatt &#8222;Araber und Orient in Hollywood&#8220; wollte ich mich mit den Studierenden auf einige der Begrifflichkeiten und Fragestellungen, die uns in der Lehrveranstaltung immer wieder begegnen werden, einstimmen. Was ist &#8222;der Orient&#8220;? Wo ist &#8222;der Orient&#8220;? Wer ist &#8222;Orientale&#8220;?&nbsp; Was ist &#8222;orientalisch&#8220;? Wer ist &#8222;Araber&#8220;? Wer ist &#8222;Muslim&#8220;? Wo sind &hellip; <a href=\"https:\/\/blogs.fu-berlin.de\/mummelthei\/2020\/11\/09\/world-cafe-artige-diskussionsrunden-zur-einstimmung\/\" class=\"more-link\"><span class=\"screen-reader-text\">\u201eWorld-Caf\u00e9-artige Diskussionsrunden zur Einstimmung\u201c<\/span> weiterlesen<\/a><\/p>\n","protected":false},"author":2235,"featured_media":0,"comment_status":"open","ping_status":"open","sticky":false,"template":"","format":"standard","meta":{"footnotes":""},"categories":[351423,351424,351430],"tags":[351425,339112,9603,351431,333752,318945,324499,91461,351423,351426,318190,351424,318638,318322,351432,322669,319164,196552],"class_list":["post-198","post","type-post","status-publish","format-standard","hentry","category-einsfu","category-lernwerkstatt","category-problembasiertes-lernen-pbl","tag-araber-und-orient-in-hollywood","tag-bachelorstudiengang","tag-blended-learning","tag-breakoutsession","tag-cisco-webex-meetings","tag-digitale-lehre","tag-digitales-semester","tag-diskussionsrunde","tag-einsfu","tag-geist-kultur","tag-kreativsemester","tag-lernwerkstatt","tag-online-lehren","tag-online-lernen","tag-synchrones-lehren","tag-synchrones-lernen","tag-virtueller-campus-berlin","tag-world-cafe"],"_links":{"self":[{"href":"https:\/\/blogs.fu-berlin.de\/mummelthei\/wp-json\/wp\/v2\/posts\/198","targetHints":{"allow":["GET"]}}],"collection":[{"href":"https:\/\/blogs.fu-berlin.de\/mummelthei\/wp-json\/wp\/v2\/posts"}],"about":[{"href":"https:\/\/blogs.fu-berlin.de\/mummelthei\/wp-json\/wp\/v2\/types\/post"}],"author":[{"embeddable":true,"href":"https:\/\/blogs.fu-berlin.de\/mummelthei\/wp-json\/wp\/v2\/users\/2235"}],"replies":[{"embeddable":true,"href":"https:\/\/blogs.fu-berlin.de\/mummelthei\/wp-json\/wp\/v2\/comments?post=198"}],"version-history":[{"count":3,"href":"https:\/\/blogs.fu-berlin.de\/mummelthei\/wp-json\/wp\/v2\/posts\/198\/revisions"}],"predecessor-version":[{"id":206,"href":"https:\/\/blogs.fu-berlin.de\/mummelthei\/wp-json\/wp\/v2\/posts\/198\/revisions\/206"}],"wp:attachment":[{"href":"https:\/\/blogs.fu-berlin.de\/mummelthei\/wp-json\/wp\/v2\/media?parent=198"}],"wp:term":[{"taxonomy":"category","embeddable":true,"href":"https:\/\/blogs.fu-berlin.de\/mummelthei\/wp-json\/wp\/v2\/categories?post=198"},{"taxonomy":"post_tag","embeddable":true,"href":"https:\/\/blogs.fu-berlin.de\/mummelthei\/wp-json\/wp\/v2\/tags?post=198"}],"curies":[{"name":"wp","href":"https:\/\/api.w.org\/{rel}","templated":true}]}}