{"id":217,"date":"2020-11-29T16:53:06","date_gmt":"2020-11-29T15:53:06","guid":{"rendered":"https:\/\/blogs.fu-berlin.de\/mummelthei\/?p=217"},"modified":"2020-11-29T16:56:22","modified_gmt":"2020-11-29T15:56:22","slug":"problembasiertes-lernen-pbl-erste-erfahrungen","status":"publish","type":"post","link":"https:\/\/blogs.fu-berlin.de\/mummelthei\/2020\/11\/29\/problembasiertes-lernen-pbl-erste-erfahrungen\/","title":{"rendered":"Problembasiertes Lernen (PBL) \u2013 erste Erfahrungen"},"content":{"rendered":"\n<p>Laut <a href=\"https:\/\/www.fu-berlin.de\/sites\/eins\/Aufbau2\/spo\/ab132020.pdf\">Studien- und Pr\u00fcfungsordnung des Einf\u00fchrungs- und Orientierungsstudiums EinS@FU<\/a> soll bei der Lehrveranstaltungsform \u201eLernwerkstatt\u201c zun\u00e4chst ein Problem im Vordergrund, f\u00fcr das die Studierenden weitgehend selbstst\u00e4ndig eine L\u00f6sung finden sollen. Hier lernen sie, ein Thema oder eine Frage zu analysieren, geeignete Informationsquellen zu finden und zu nutzen und schlie\u00dflich L\u00f6sungen zu vergleichen, auszuw\u00e4hlen und umzusetzen.<\/p>\n\n\n\n<p>Meinem Verst\u00e4ndnis nach klingt diese Beschreibung der Lehr- und Lernform \u201eLernwerkstatt\u201c nach Problembasiertem Lernen (PBL). Beim PBL steht ein &#8222;Problem&#8220; im Vordergrund und die Studierenden erarbeiten sich selbstst\u00e4ndig eine L\u00f6sung \u2013 ohne bereits \u00fcber fachspezifisches Wissen zu verf\u00fcgen. <\/p>\n\n\n\n<blockquote class=\"wp-block-quote is-layout-flow wp-block-quote-is-layout-flow\"><p>\u201eThe&nbsp;<strong>learning<\/strong>&nbsp;results from the&nbsp;<strong>process<\/strong>&nbsp;of working towards the understanding of a resolution of a&nbsp;<strong>problem<\/strong>. The problem is encountered&nbsp;<strong>first<\/strong>&nbsp;in the learning process.\u201c<\/p><cite>H.S. Barrows, R. Tamblyn: Problem-Based Learning: An Approach to Medical Education. New York: Springer, 1980, 1.<\/cite><\/blockquote>\n\n\n\n<p>Die Studierenden entscheiden selbst, welches Wissen f\u00fcr die L\u00f6sung des Problems einschl\u00e4gig ist und welche Wege sie daf\u00fcr beschreiten k\u00f6nnen. Diese Lernmethode erfordert im hohen Ma\u00dfe produktives Denken.<\/p>\n\n\n\n<h3 class=\"wp-block-heading\">Was macht PBL aus?<\/h3>\n\n\n\n<figure class=\"wp-block-image size-large\"><img loading=\"lazy\" decoding=\"async\" width=\"1024\" height=\"571\" src=\"https:\/\/blogs.fu-berlin.de\/mummelthei\/files\/2020\/11\/Screenshot-2020-11-29-at-14.54.07-1024x571.png\" alt=\"\" class=\"wp-image-224\" srcset=\"https:\/\/blogs.fu-berlin.de\/mummelthei\/files\/2020\/11\/Screenshot-2020-11-29-at-14.54.07-1024x571.png 1024w, https:\/\/blogs.fu-berlin.de\/mummelthei\/files\/2020\/11\/Screenshot-2020-11-29-at-14.54.07-300x167.png 300w, https:\/\/blogs.fu-berlin.de\/mummelthei\/files\/2020\/11\/Screenshot-2020-11-29-at-14.54.07-768x429.png 768w, https:\/\/blogs.fu-berlin.de\/mummelthei\/files\/2020\/11\/Screenshot-2020-11-29-at-14.54.07.png 1050w\" sizes=\"auto, (max-width: 709px) 85vw, (max-width: 909px) 67vw, (max-width: 1362px) 62vw, 840px\" \/><figcaption><em>Pr\u00e4sentation erstellt mit&nbsp;<\/em><a href=\"http:\/\/pitch.com\">Pitch<\/a><\/figcaption><\/figure>\n\n\n\n<p>Barrows (1996) definiert sechs spezifische Charakteristika:<\/p>\n\n\n\n<blockquote class=\"wp-block-quote is-layout-flow wp-block-quote-is-layout-flow\"><p>1. Learning is student-centred.<\/p><p>2. Learning occurs in small student groups.<\/p><p>3. Teachers are facilitators or guides.<\/p><p>4. Problems form the original focus and stimulus for learning.<\/p><p>5. Problems are a vehicle for the development of clinical problem-solving skills.<\/p><p>6. New information is acquired through self-directed learning.<\/p><cite>Problem-based learning in medicine and beyond: A brief overview. In L. Wilkerson &amp; H. Gilselaers (eds.),&nbsp;<em>Bringing problem-based learning to higher education: Theory and practice<\/em>. San Franscisco, CA: Jossey-Bass Inc.<\/cite><\/blockquote>\n\n\n\n<p>Damit ist PBL eine dezidiert teilnehmerorientierte Methode; die Studierenden stehen im Mittelpunkt und handeln selbstverantwortlich w\u00e4hrend ich als Dozentin den Lernprozess begleite, aber nicht das Zentrum der Aufmerksamkeit bilde. Sich in die Rolle eines Beobachters und Tutors, der bei Gelegenheit mit Rat zur Seite steht, zu versetzen, ist eine Herausforderung \u2013 meiner Erfahrung als Studierende und als Lehrende nach ist eine Fixierung auf die Dozierenden (nicht nur in der Arabistik sondern vielleicht allgemein in der Lehre) eher an der Tagesordnung.<\/p>\n\n\n\n<figure class=\"wp-block-image size-large\"><img loading=\"lazy\" decoding=\"async\" width=\"851\" height=\"480\" src=\"https:\/\/blogs.fu-berlin.de\/mummelthei\/files\/2020\/11\/Screenshot-2020-11-29-at-12.52.07.png\" alt=\"\" class=\"wp-image-219\" srcset=\"https:\/\/blogs.fu-berlin.de\/mummelthei\/files\/2020\/11\/Screenshot-2020-11-29-at-12.52.07.png 851w, https:\/\/blogs.fu-berlin.de\/mummelthei\/files\/2020\/11\/Screenshot-2020-11-29-at-12.52.07-300x169.png 300w, https:\/\/blogs.fu-berlin.de\/mummelthei\/files\/2020\/11\/Screenshot-2020-11-29-at-12.52.07-768x433.png 768w\" sizes=\"auto, (max-width: 709px) 85vw, (max-width: 909px) 67vw, (max-width: 1362px) 62vw, 840px\" \/><figcaption>Dozentenorientierte Lehrveranstaltung<\/figcaption><\/figure>\n\n\n\n<figure class=\"wp-block-image size-large\"><img loading=\"lazy\" decoding=\"async\" width=\"849\" height=\"479\" src=\"https:\/\/blogs.fu-berlin.de\/mummelthei\/files\/2020\/11\/Screenshot-2020-11-29-at-13.25.08.png\" alt=\"\" class=\"wp-image-220\" srcset=\"https:\/\/blogs.fu-berlin.de\/mummelthei\/files\/2020\/11\/Screenshot-2020-11-29-at-13.25.08.png 849w, https:\/\/blogs.fu-berlin.de\/mummelthei\/files\/2020\/11\/Screenshot-2020-11-29-at-13.25.08-300x169.png 300w, https:\/\/blogs.fu-berlin.de\/mummelthei\/files\/2020\/11\/Screenshot-2020-11-29-at-13.25.08-768x433.png 768w\" sizes=\"auto, (max-width: 709px) 85vw, (max-width: 909px) 67vw, (max-width: 1362px) 62vw, 840px\" \/><figcaption>Kleingruppe \u2013 tutorzentriert<\/figcaption><\/figure>\n\n\n\n<figure class=\"wp-block-image size-large\"><img loading=\"lazy\" decoding=\"async\" width=\"851\" height=\"482\" src=\"https:\/\/blogs.fu-berlin.de\/mummelthei\/files\/2020\/11\/Screenshot-2020-11-29-at-13.33.51.png\" alt=\"\" class=\"wp-image-222\" srcset=\"https:\/\/blogs.fu-berlin.de\/mummelthei\/files\/2020\/11\/Screenshot-2020-11-29-at-13.33.51.png 851w, https:\/\/blogs.fu-berlin.de\/mummelthei\/files\/2020\/11\/Screenshot-2020-11-29-at-13.33.51-300x170.png 300w, https:\/\/blogs.fu-berlin.de\/mummelthei\/files\/2020\/11\/Screenshot-2020-11-29-at-13.33.51-768x435.png 768w\" sizes=\"auto, (max-width: 709px) 85vw, (max-width: 909px) 67vw, (max-width: 1362px) 62vw, 840px\" \/><figcaption>Problembasiertes Lernen \u2013 teilnehmerzentriert<\/figcaption><\/figure>\n\n\n\n<h3 class=\"wp-block-heading\">Lernziele<\/h3>\n\n\n\n<p>Mit problembasiertem Lernen verkn\u00fcpfen sich drei grundlegende Lernziele:<\/p>\n\n\n\n<ol class=\"wp-block-list\"><li>Studierende machen sich neues Wissen selbstst\u00e4dig zu eigen;<\/li><li>Studierende lernen <em>wie<\/em> man lernt und k\u00f6nnen diese Erkenntnisse sp\u00e4ter auf andere Lernszenarien \u00fcbertragen;<\/li><li>Studierende lernen, selbstst\u00e4ndig Probleme zu analysieren und L\u00f6sungen zu reflektieren.<\/li><\/ol>\n\n\n\n<blockquote class=\"wp-block-quote is-layout-flow wp-block-quote-is-layout-flow\"><p>Beim problembasierten Lernen geht es darum, Wissen nicht nur zu konsumieren sondern auch kritisch zu reflektieren.<\/p><cite>VM<\/cite><\/blockquote>\n\n\n\n<figure class=\"wp-block-image size-large\"><img loading=\"lazy\" decoding=\"async\" width=\"537\" height=\"270\" src=\"https:\/\/blogs.fu-berlin.de\/mummelthei\/files\/2020\/11\/Screenshot-2020-11-29-at-16.27.30.png\" alt=\"\" class=\"wp-image-233\" srcset=\"https:\/\/blogs.fu-berlin.de\/mummelthei\/files\/2020\/11\/Screenshot-2020-11-29-at-16.27.30.png 537w, https:\/\/blogs.fu-berlin.de\/mummelthei\/files\/2020\/11\/Screenshot-2020-11-29-at-16.27.30-300x151.png 300w\" sizes=\"auto, (max-width: 537px) 85vw, 537px\" \/><figcaption><a href=\"http:\/\/methodenpool.uni-koeln.de\/problembased\/darstellung.html\">Schl\u00fcsselqualifikationen<\/a> nach Weber, Agnes: Problem-Based Learning \u2013 Ansatz zur Verkn\u00fcpfung von Theorie und Praxis, in: Fachzeitschrift zu Theorie und Praxis der Aus- und Weiterbildung von Lehrerinnen und Lehrern: Beitr\u00e4ge zur Lehrerbildung 23 (1), 2004.<\/figcaption><\/figure>\n\n\n\n<h3 class=\"wp-block-heading\">Anpassung der Sieben-Sprung-Methode der Universit\u00e4t Maastricht <\/h3>\n\n\n\n<p>Bei der Gestaltung der einzelnen Sitzungen meiner Lernwerkstatt diente mit die Sieben-Sprung-Methode der Universit\u00e4t Maastricht als Grundlage, im Folgenden nach Weber, Agnes: Problem-Based Learning, Bern, 2007; mit Erg\u00e4nzungen durch Slemeyer, Andreas: Problemorientiertes Lernen f\u00fcr eine Einzelveranstaltung \u2013 ein Fallbeispiel aus dem Ingenieurbereich. Neues Handbuch Hochschullehre.Berlin, Stuttgart. 59. Erg\u00e4nzungslieferung, Mai 2013:<\/p>\n\n\n\n<figure class=\"wp-block-table\"><table><tbody><tr><th>Phase 1: Erstes Gruppentreffen<\/th><\/tr><tr><th>Sprung 1:<br>Begriffe kl\u00e4ren<\/th><td>Text sorgf\u00e4ltig lesen und alle unklaren Begriffe kl\u00e4ren. Dazu gegebenenfalls Fachb\u00fccher, Skripte oder elektronische Ressourcen verwenden.<\/td><\/tr><tr><th>Sprung 2:<br>Problem bestimmen<\/th><td>Die wichtigsten Kernthemen und Teilprobleme auflisten und ordnen.<\/td><\/tr><tr><th>Sprung 3:<br>Problem analysieren<\/th><td>Brainstorming, Einbringen von Vorwissen, Assoziationen. Bildung von Hypothesen. Alle Aussagen und Ideen protokollieren. Noch keine Diskussion!<\/td><\/tr><tr><th>Sprung 4:<br>Erkl\u00e4rungen ordnen<\/th><td>Diskutieren und Strukturieren der Hypothesen.<br>Auswahl treffen und Priorit\u00e4ten setzen.<\/td><\/tr><tr><th>Sprung 5:<br>Lernziele formulieren<\/th><td>Wissensl\u00fccken erfassen. Lernfragen formulieren.<br>Rechercheauftr\u00e4ge an die Gruppenmitglieder verteilen. Kommunikationswege und Termin f\u00fcr Sprung 7 vereinbaren.<\/td><\/tr><tr><th>Phase 2: Selbststudium<\/th><\/tr><tr><th>Sprung 6:<br><\/th><td>Individuelle Erarbeitung der Antworten zu allen Lernfragen (\u201eneues\u201c Wissen) mit Aufbereitung und Dokumentation unter Nennung der verwendeten Quellen.<\/td><\/tr><tr><th>Phase 3: Zweites Gruppentreffen<\/th><\/tr><tr><th>Sprung 7:<br>Informationen austauschen<\/th><td>Ergebnisse in eigenen Worten pr\u00e4sentieren. L\u00f6sungsvorschl\u00e4ge diskutieren, evtl. korrigieren. Fragen einbringen und kl\u00e4ren. Ergebnisbericht zusammenstellen und pr\u00e4sentieren.<\/td><\/tr><tr><th>(Sprung 8:)<br>Evaluation<\/th><td>Gruppenprozess offen analysieren. Effizienz des Lernverhaltens (auch des eigenen!) pr\u00fcfen. Ergebnisse in einem Protokoll festhalten.<\/td><\/tr><\/tbody><\/table><\/figure>\n\n\n\n<p>Auf dieser Grundlage entwickelte ich die Idee, mit den Studierenden in unterschiedlichen Kleingruppenzusammensetzungen (drei Gruppen \u00e0 5 Studierenden jeweils) zwei Runden problembasierten Lernens mit zwei unterschiedlichen Fallskizzen zu durchlaufen. (Zu den Fallskizzen sp\u00e4ter mehr.)<\/p>\n\n\n\n<figure class=\"wp-block-image size-large\"><img loading=\"lazy\" decoding=\"async\" width=\"1024\" height=\"580\" src=\"https:\/\/blogs.fu-berlin.de\/mummelthei\/files\/2020\/11\/Screenshot-2020-11-29-at-16.04.00-1024x580.png\" alt=\"\" class=\"wp-image-227\" srcset=\"https:\/\/blogs.fu-berlin.de\/mummelthei\/files\/2020\/11\/Screenshot-2020-11-29-at-16.04.00-1024x580.png 1024w, https:\/\/blogs.fu-berlin.de\/mummelthei\/files\/2020\/11\/Screenshot-2020-11-29-at-16.04.00-300x170.png 300w, https:\/\/blogs.fu-berlin.de\/mummelthei\/files\/2020\/11\/Screenshot-2020-11-29-at-16.04.00-768x435.png 768w, https:\/\/blogs.fu-berlin.de\/mummelthei\/files\/2020\/11\/Screenshot-2020-11-29-at-16.04.00.png 1047w\" sizes=\"auto, (max-width: 709px) 85vw, (max-width: 909px) 67vw, (max-width: 1362px) 62vw, 840px\" \/><figcaption><em>Pr\u00e4sentation erstellt mit&nbsp;<\/em><a href=\"http:\/\/pitch.com\">Pitch<\/a><\/figcaption><\/figure>\n\n\n\n<p>Dies hat nicht nur den Vorteil, dass die Studierenden \u00fcber das Semester in der Kleingruppenarbeit nicht immer mit denselben f\u00fcnf Studierenden in einer Gruppen sind, sondern bietet auch die M\u00f6glichkeit, beim zweiten Durchlauf gegebenenfalls \u00c4nderungen in den eigenen Prozessen in der Gruppen- und Individualarbeit zu vollziehen und so das eigenen Lernverhalten noch einmal zu evaluieren. <\/p>\n\n\n\n<p>Daher streckte ich die sieben Spr\u00fcnge \u2013 plus Evaluation, also eigentlich acht Spr\u00fcnge \u2013 auf drei Sitzungen und konzipierte die Sitzungen selbst jeweils mit einem Anteil Gruppenarbeit und einem Anteil des Austauschs im Plenum zwischen den drei Gruppen und mit mir:<\/p>\n\n\n\n<figure class=\"wp-block-image size-large\"><img loading=\"lazy\" decoding=\"async\" width=\"1024\" height=\"575\" src=\"https:\/\/blogs.fu-berlin.de\/mummelthei\/files\/2020\/11\/Screenshot-2020-11-29-at-14.55.04-1024x575.png\" alt=\"\" class=\"wp-image-225\" srcset=\"https:\/\/blogs.fu-berlin.de\/mummelthei\/files\/2020\/11\/Screenshot-2020-11-29-at-14.55.04-1024x575.png 1024w, https:\/\/blogs.fu-berlin.de\/mummelthei\/files\/2020\/11\/Screenshot-2020-11-29-at-14.55.04-300x168.png 300w, https:\/\/blogs.fu-berlin.de\/mummelthei\/files\/2020\/11\/Screenshot-2020-11-29-at-14.55.04-768x431.png 768w, https:\/\/blogs.fu-berlin.de\/mummelthei\/files\/2020\/11\/Screenshot-2020-11-29-at-14.55.04.png 1048w\" sizes=\"auto, (max-width: 709px) 85vw, (max-width: 909px) 67vw, (max-width: 1362px) 62vw, 840px\" \/><figcaption><em>Pr\u00e4sentation erstellt mit&nbsp;<\/em><a href=\"http:\/\/pitch.com\">Pitch<\/a><\/figcaption><\/figure>\n\n\n\n<p>In der ersten Session sollten also die Spr\u00fcnge 1 bis 5 des problembasierten Lernens get\u00e4tigt werden. Nach einer kurzen Einf\u00fchrung in PBL warf ich die Studierenden quasi ins kalte Wasser, indem ich sie zuf\u00e4llig Gruppen zuordnete, ihnen im Blackboard die Sieben-Sprung-Methode der Universit\u00e4t Maastricht als Handreichung zur Verf\u00fcgung stellte und sie anhand der ersten Fallskizze zun\u00e4chst 15 Minuten lang Begriffe sammeln und \u00fcber diese diskutieren lie\u00df. <\/p>\n\n\n\n<figure class=\"wp-block-image size-large\"><img loading=\"lazy\" decoding=\"async\" width=\"1024\" height=\"573\" src=\"https:\/\/blogs.fu-berlin.de\/mummelthei\/files\/2020\/11\/Screenshot-2020-11-29-at-16.12.21-1024x573.png\" alt=\"\" class=\"wp-image-229\" srcset=\"https:\/\/blogs.fu-berlin.de\/mummelthei\/files\/2020\/11\/Screenshot-2020-11-29-at-16.12.21-1024x573.png 1024w, https:\/\/blogs.fu-berlin.de\/mummelthei\/files\/2020\/11\/Screenshot-2020-11-29-at-16.12.21-300x168.png 300w, https:\/\/blogs.fu-berlin.de\/mummelthei\/files\/2020\/11\/Screenshot-2020-11-29-at-16.12.21-768x430.png 768w, https:\/\/blogs.fu-berlin.de\/mummelthei\/files\/2020\/11\/Screenshot-2020-11-29-at-16.12.21.png 1049w\" sizes=\"auto, (max-width: 709px) 85vw, (max-width: 909px) 67vw, (max-width: 1362px) 62vw, 840px\" \/><figcaption><em>Pr\u00e4sentation erstellt mit&nbsp;<\/em><a href=\"http:\/\/pitch.com\">Pitch<\/a><\/figcaption><\/figure>\n\n\n\n<h3 class=\"wp-block-heading\">Fallskizze: Arabisches in <em>Herr der Ringe<\/em>?<\/h3>\n\n\n\n<p>Die Fallskizze f\u00fcr diese erste und die folgenden beiden Sitzungen lautet wie folgt:<\/p>\n\n\n\n<figure class=\"wp-block-image size-large\"><img loading=\"lazy\" decoding=\"async\" width=\"1024\" height=\"575\" src=\"https:\/\/blogs.fu-berlin.de\/mummelthei\/files\/2020\/11\/Screenshot-2020-11-29-at-16.10.24-1024x575.png\" alt=\"\" class=\"wp-image-228\" srcset=\"https:\/\/blogs.fu-berlin.de\/mummelthei\/files\/2020\/11\/Screenshot-2020-11-29-at-16.10.24-1024x575.png 1024w, https:\/\/blogs.fu-berlin.de\/mummelthei\/files\/2020\/11\/Screenshot-2020-11-29-at-16.10.24-300x169.png 300w, https:\/\/blogs.fu-berlin.de\/mummelthei\/files\/2020\/11\/Screenshot-2020-11-29-at-16.10.24-768x431.png 768w, https:\/\/blogs.fu-berlin.de\/mummelthei\/files\/2020\/11\/Screenshot-2020-11-29-at-16.10.24.png 1045w\" sizes=\"auto, (max-width: 709px) 85vw, (max-width: 909px) 67vw, (max-width: 1362px) 62vw, 840px\" \/><figcaption><em>Pr\u00e4sentation erstellt mit&nbsp;<\/em><a href=\"http:\/\/pitch.com\">Pitch<\/a><\/figcaption><\/figure>\n\n\n\n<p>In der ersten Diskussionsrunde im Plenum warfen die Studierenden unter anderem folgende Begriffe ein, die sich teilweise auch schon aus der Betrachtung des Szenenausschnitts der Gro\u00dfaufnahme eines Ostling-Kriegers generierten: <\/p>\n\n\n\n<p><em>Ostlinge \u2013&nbsp;Osten \u2013 fremd \u2013&nbsp;schwarz \u2013 dunkel \u2013 grausam \u2013 b\u00f6se \u2013&nbsp;arabisch \u2013 Klischee \u2013 westlich \u2013 stereotypisch \u2013 Kost\u00fcm \u2013 W\u00fcste \u2013 Kajal \u2013 Verschleierung \u2013&nbsp;Farbe \u2013 geografische Lage \u2013 Mordor \u2013 Burka \u2013 literarische Vorlage \u2013 filmische Darstellung \u2013 Gruppe \u2013 Individuum \u2013 Armee \u2013 K\u00e4mpfer \u2013 Pharaonen \u2013 &#8230; <\/em><\/p>\n\n\n\n<p>Wie es auch mir selbst ging, als ich PBL zum ersten Mal in einem Workshop kennenlernte, gingen auch die Studierenden schon fr\u00fch in die Formulierung von Kernthemen und Problemstellungen \u00fcber. <\/p>\n\n\n\n<p>In der zweiten Kleingruppensession in dieser Sitzung sollten die Studierenden dann Hypothesen zu dieser Fallskizze bilden und erste Wissensl\u00fccken ausmachen und gegebenenfalls Rechercheaufgaben untereinander verteilen. <\/p>\n\n\n\n<figure class=\"wp-block-image size-large\"><img loading=\"lazy\" decoding=\"async\" width=\"1024\" height=\"576\" src=\"https:\/\/blogs.fu-berlin.de\/mummelthei\/files\/2020\/11\/Screenshot-2020-11-29-at-16.18.45-1024x576.png\" alt=\"\" class=\"wp-image-230\" srcset=\"https:\/\/blogs.fu-berlin.de\/mummelthei\/files\/2020\/11\/Screenshot-2020-11-29-at-16.18.45-1024x576.png 1024w, https:\/\/blogs.fu-berlin.de\/mummelthei\/files\/2020\/11\/Screenshot-2020-11-29-at-16.18.45-300x169.png 300w, https:\/\/blogs.fu-berlin.de\/mummelthei\/files\/2020\/11\/Screenshot-2020-11-29-at-16.18.45-768x432.png 768w, https:\/\/blogs.fu-berlin.de\/mummelthei\/files\/2020\/11\/Screenshot-2020-11-29-at-16.18.45.png 1050w\" sizes=\"auto, (max-width: 709px) 85vw, (max-width: 909px) 67vw, (max-width: 1362px) 62vw, 840px\" \/><figcaption><em>Pr\u00e4sentation erstellt mit&nbsp;<\/em><a href=\"http:\/\/pitch.com\">Pitch<\/a><\/figcaption><\/figure>\n\n\n\n<p>F\u00fcr die Gruppenarbeit hatte ich die Studierenden in Blackboard bereits entsprechend der Zuteilung in den Breakout-Sessions in Cisco WebEx Meetings bereits in Arbeitsgruppen eingeteilt, sodass sie auch die M\u00f6glichkeit hatten, ihre Gruppenarbeit zum Beispiel im Wiki zu dokumentieren.<\/p>\n\n\n\n<figure class=\"wp-block-image size-large\"><img loading=\"lazy\" decoding=\"async\" width=\"1024\" height=\"571\" src=\"https:\/\/blogs.fu-berlin.de\/mummelthei\/files\/2020\/11\/Screenshot-2020-11-29-at-16.24.56-1024x571.png\" alt=\"\" class=\"wp-image-232\" srcset=\"https:\/\/blogs.fu-berlin.de\/mummelthei\/files\/2020\/11\/Screenshot-2020-11-29-at-16.24.56-1024x571.png 1024w, https:\/\/blogs.fu-berlin.de\/mummelthei\/files\/2020\/11\/Screenshot-2020-11-29-at-16.24.56-300x167.png 300w, https:\/\/blogs.fu-berlin.de\/mummelthei\/files\/2020\/11\/Screenshot-2020-11-29-at-16.24.56-768x428.png 768w, https:\/\/blogs.fu-berlin.de\/mummelthei\/files\/2020\/11\/Screenshot-2020-11-29-at-16.24.56.png 1151w\" sizes=\"auto, (max-width: 709px) 85vw, (max-width: 909px) 67vw, (max-width: 1362px) 62vw, 840px\" \/><\/figure>\n\n\n\n<p>Die Ergebnisse dieser Gruppenarbeit besprechen wir erst in der kommenden Sitzung, sodass die Studierenden noch Zeit haben, sich auch au\u00dferhalb der Sitzung miteinander abzusprechen. <\/p>\n\n\n\n<figure class=\"wp-block-image size-large\"><img loading=\"lazy\" decoding=\"async\" width=\"1024\" height=\"573\" src=\"https:\/\/blogs.fu-berlin.de\/mummelthei\/files\/2020\/11\/Screenshot-2020-11-29-at-16.22.08-1024x573.png\" alt=\"\" class=\"wp-image-231\" srcset=\"https:\/\/blogs.fu-berlin.de\/mummelthei\/files\/2020\/11\/Screenshot-2020-11-29-at-16.22.08-1024x573.png 1024w, https:\/\/blogs.fu-berlin.de\/mummelthei\/files\/2020\/11\/Screenshot-2020-11-29-at-16.22.08-300x168.png 300w, https:\/\/blogs.fu-berlin.de\/mummelthei\/files\/2020\/11\/Screenshot-2020-11-29-at-16.22.08-768x430.png 768w, https:\/\/blogs.fu-berlin.de\/mummelthei\/files\/2020\/11\/Screenshot-2020-11-29-at-16.22.08.png 1052w\" sizes=\"auto, (max-width: 709px) 85vw, (max-width: 909px) 67vw, (max-width: 1362px) 62vw, 840px\" \/><figcaption><em>Pr\u00e4sentation erstellt mit&nbsp;<\/em><a href=\"http:\/\/pitch.com\">Pitch<\/a><\/figcaption><\/figure>\n\n\n\n<h3 class=\"wp-block-heading\">Erster Eindruck<\/h3>\n\n\n\n<p>Dadurch, dass problembasiertes Lernen von Studierenden ein hohes Ma\u00df an Eigenverantwortlichkeiten, Selbstst\u00e4ndigkeit und Selbstreflektion verlangt, scheint sich bei den Studierenden zun\u00e4chst eine gewisse Unsicherheit und Verwirrung ergeben zu haben. Mein Eindruck aus der Diskussion im Plenum und der Dokumentation im \u00f6ffentlichen Wiki in Blackboard war aber, dass dies durchaus eine produktive Unsicherheit war. <\/p>\n\n\n\n<p>Eine erste Umfrage, bei der aber bisher erst die H\u00e4lfte der Studierende teilnahm, ergab, dass ein Teil der Studierenden die erste Sitzung mit PBL durchaus gut fanden und ein anderer Teil noch nicht genau wei\u00df, was er von PBL und den Fallskizzen halten soll.<\/p>\n\n\n\n<figure class=\"wp-block-image size-large\"><img loading=\"lazy\" decoding=\"async\" width=\"1024\" height=\"608\" src=\"https:\/\/blogs.fu-berlin.de\/mummelthei\/files\/2020\/11\/1-bisher-finde-ich-die-gruppenarbeit-im-problembasierten-lernen--1024x608.jpg\" alt=\"\" class=\"wp-image-234\" srcset=\"https:\/\/blogs.fu-berlin.de\/mummelthei\/files\/2020\/11\/1-bisher-finde-ich-die-gruppenarbeit-im-problembasierten-lernen--1024x608.jpg 1024w, https:\/\/blogs.fu-berlin.de\/mummelthei\/files\/2020\/11\/1-bisher-finde-ich-die-gruppenarbeit-im-problembasierten-lernen--300x178.jpg 300w, https:\/\/blogs.fu-berlin.de\/mummelthei\/files\/2020\/11\/1-bisher-finde-ich-die-gruppenarbeit-im-problembasierten-lernen--768x456.jpg 768w, https:\/\/blogs.fu-berlin.de\/mummelthei\/files\/2020\/11\/1-bisher-finde-ich-die-gruppenarbeit-im-problembasierten-lernen--1536x912.jpg 1536w, https:\/\/blogs.fu-berlin.de\/mummelthei\/files\/2020\/11\/1-bisher-finde-ich-die-gruppenarbeit-im-problembasierten-lernen--2048x1216.jpg 2048w, https:\/\/blogs.fu-berlin.de\/mummelthei\/files\/2020\/11\/1-bisher-finde-ich-die-gruppenarbeit-im-problembasierten-lernen--1200x713.jpg 1200w\" sizes=\"auto, (max-width: 709px) 85vw, (max-width: 909px) 67vw, (max-width: 1362px) 62vw, 840px\" \/><figcaption><em>Erstellt mit&nbsp;<\/em><a href=\"https:\/\/www.mentimeter.com\">Mentimeter<\/a><\/figcaption><\/figure>\n\n\n\n<p>Auch f\u00fcr mich als Dozentin ergibt sich eine gewisse Unsicherheit, n\u00e4mlich in der Hinsicht, als dass ich mich zur\u00fcckhalte, Input zu geben und Wissen einfach konsumierbar zur Verf\u00fcgung zu stellen. Dies ist eine ungewohnte Rolle, die ein Unbehagen mit sich bringt, n\u00e4mlich in der Hinsicht, dass es es sich seltsam anf\u00fchlt, selbst nicht wirklich viel des eigenen Wissens darzustellen. Ich frage mich ehrlicherweise, ob ich in dieser Rolle des Begleiters studentischer Lernprozesse meiner &#8222;Lehrverpflichtung&#8220; tats\u00e4chlich nachkomme. <\/p>\n\n\n\n<p>Allerdings denke ich mir auch: <\/p>\n\n\n\n<p>Wenn ich mit meiner Lehrveranstaltung einen Raum schaffe, in dem sich Studierende Kompetenzen erwerben, mit Hilfe derer sie in ihrem Studium und auch im Arbeitsleben pers\u00f6nliche und professionelle Erfolge erleben, dann sehe ich darin den &#8222;Sinn&#8220; von Lehre erf\u00fcllt.<\/p>\n\n\n\n<p>Ich verstehe &#8222;gute Lehre&#8220; nicht so, dass es zwischen den Studierenden und mir als Dozentin lediglich ein Wissensgef\u00e4lle gibt, das dadurch am besten auszugleichen ist, dass ich von oberhalb des Wissenswasserfalls nur genug Fachinhalte runterflie\u00dfen lassen muss \u2013 am besten durch Frontalunterricht und m\u00fchsames Durchpfl\u00fcgen von Sekund\u00e4rliteratur. <\/p>\n\n\n\n<p>Ist es nicht vielmehr so, dass Lehre dann ihren Zweck erf\u00fcllt, wenn Studierende lernen, <em>wie<\/em> sie zu Wissen \u2013 egal welcher Art \u2013 kommen?<\/p>\n","protected":false},"excerpt":{"rendered":"<p>Laut Studien- und Pr\u00fcfungsordnung des Einf\u00fchrungs- und Orientierungsstudiums EinS@FU soll bei der Lehrveranstaltungsform \u201eLernwerkstatt\u201c zun\u00e4chst ein Problem im Vordergrund, f\u00fcr das die Studierenden weitgehend selbstst\u00e4ndig eine L\u00f6sung finden sollen. Hier lernen sie, ein Thema oder eine Frage zu analysieren, geeignete Informationsquellen zu finden und zu nutzen und schlie\u00dflich L\u00f6sungen zu vergleichen, auszuw\u00e4hlen und umzusetzen. Meinem &hellip; <a href=\"https:\/\/blogs.fu-berlin.de\/mummelthei\/2020\/11\/29\/problembasiertes-lernen-pbl-erste-erfahrungen\/\" class=\"more-link\"><span class=\"screen-reader-text\">\u201eProblembasiertes Lernen (PBL) \u2013 erste Erfahrungen\u201c<\/span> weiterlesen<\/a><\/p>\n","protected":false},"author":2235,"featured_media":0,"comment_status":"open","ping_status":"open","sticky":false,"template":"","format":"standard","meta":{"footnotes":""},"categories":[351423,351424,351430],"tags":[351425,339112,9603,351431,333752,318945,324499,91461,351423,351426,318190,351424,318638,318322,351429,351440,351432,322669,319164],"class_list":["post-217","post","type-post","status-publish","format-standard","hentry","category-einsfu","category-lernwerkstatt","category-problembasiertes-lernen-pbl","tag-araber-und-orient-in-hollywood","tag-bachelorstudiengang","tag-blended-learning","tag-breakoutsession","tag-cisco-webex-meetings","tag-digitale-lehre","tag-digitales-semester","tag-diskussionsrunde","tag-einsfu","tag-geist-kultur","tag-kreativsemester","tag-lernwerkstatt","tag-online-lehren","tag-online-lernen","tag-problembasiertes-lernen","tag-sieben-sprung-methode","tag-synchrones-lehren","tag-synchrones-lernen","tag-virtueller-campus-berlin"],"_links":{"self":[{"href":"https:\/\/blogs.fu-berlin.de\/mummelthei\/wp-json\/wp\/v2\/posts\/217","targetHints":{"allow":["GET"]}}],"collection":[{"href":"https:\/\/blogs.fu-berlin.de\/mummelthei\/wp-json\/wp\/v2\/posts"}],"about":[{"href":"https:\/\/blogs.fu-berlin.de\/mummelthei\/wp-json\/wp\/v2\/types\/post"}],"author":[{"embeddable":true,"href":"https:\/\/blogs.fu-berlin.de\/mummelthei\/wp-json\/wp\/v2\/users\/2235"}],"replies":[{"embeddable":true,"href":"https:\/\/blogs.fu-berlin.de\/mummelthei\/wp-json\/wp\/v2\/comments?post=217"}],"version-history":[{"count":5,"href":"https:\/\/blogs.fu-berlin.de\/mummelthei\/wp-json\/wp\/v2\/posts\/217\/revisions"}],"predecessor-version":[{"id":256,"href":"https:\/\/blogs.fu-berlin.de\/mummelthei\/wp-json\/wp\/v2\/posts\/217\/revisions\/256"}],"wp:attachment":[{"href":"https:\/\/blogs.fu-berlin.de\/mummelthei\/wp-json\/wp\/v2\/media?parent=217"}],"wp:term":[{"taxonomy":"category","embeddable":true,"href":"https:\/\/blogs.fu-berlin.de\/mummelthei\/wp-json\/wp\/v2\/categories?post=217"},{"taxonomy":"post_tag","embeddable":true,"href":"https:\/\/blogs.fu-berlin.de\/mummelthei\/wp-json\/wp\/v2\/tags?post=217"}],"curies":[{"name":"wp","href":"https:\/\/api.w.org\/{rel}","templated":true}]}}