{"id":10178,"date":"2015-09-08T09:00:21","date_gmt":"2015-09-08T07:00:21","guid":{"rendered":"https:\/\/blogs.fu-berlin.de\/nederlands\/?p=10178"},"modified":"2015-12-01T16:10:19","modified_gmt":"2015-12-01T15:10:19","slug":"wer-oder-was-ist-fred","status":"publish","type":"post","link":"https:\/\/blogs.fu-berlin.de\/nederlands\/2015\/09\/08\/wer-oder-was-ist-fred\/","title":{"rendered":"Wer oder was ist Fred?"},"content":{"rendered":"<p><a href=\"https:\/\/commons.wikimedia.org\/wiki\/File:Ploaie_cu_soare.png\"><img loading=\"lazy\" decoding=\"async\" class=\"alignleft\" src=\"https:\/\/upload.wikimedia.org\/wikipedia\/commons\/3\/39\/Ploaie_cu_soare.png\" alt=\"\" width=\"32\" height=\"32\" \/><\/a>Vor einigen Tagen ging es auf den Kapverden st\u00fcrmisch zu. Ein tropischer Sturm namens Fred fegte \u00fcber die Inselgruppe vor der Westk\u00fcste Afrikas. <em>De Morgen<\/em> schrieb dazu: <em><a href=\"https:\/\/www.demorgen.be\/wetenschap\/unieke-orkaan-aan-land-in-kaapverdie-a2440821\/\" target=\"_blank\">Unieke orkaan aan land in Kaapverdi\u00eb<\/a><\/em>. Als deutschsprachiger Leser fragt man sich: Was ist so einzigartig an einem Orkan auf den Kapverden? Heftige St\u00fcrme d\u00fcrfte es doch in den meisten Regionen der Welt ab und zu geben.<\/p>\n<p>Erst im Artikel erschlie\u00dft sich der Kern der Geschichte: Es geht nicht um einen <em>Orkan<\/em> im deutschen Sinne, sondern um einen <em>Wirbelsturm <\/em>(nl. <em>wervelstorm<\/em>). Diese meteorologische Erscheinung ist sonst rund um die Karibik anzutreffen und nicht auf der anderen Atlantikseite: Dort entstehen sie und sind anfangs schwach, bewegen sich aber dann nach Westen und kommen im schlimmsten Fall als Katastrophe auf den Antillen oder dem amerikanischen Festland an. Der niederl\u00e4ndische Begriff <em>orkaan<\/em> ist ungl\u00fccklicherweise zweideutig und bezeichnet, wie Van Dale erkl\u00e4rt, einerseits einen <em>zware storm<\/em> und andererseits<em> een tropische cycloon<\/em>. Um von einem <em>Orkan<\/em> zu sprechen, ist insbesondere die Windst\u00e4rke bzw. \u2013geschwindigkeit das entscheidende Kriterium. Der niederl\u00e4ndische <em>orkaan<\/em> unterscheidet dabei nicht zwischen einem &#8222;gew\u00f6hnlichen&#8220; schweren Sturm und einem Wirbelsturm im tropischen Gebiet.<\/p>\n<div style=\"width: 346px\" class=\"wp-caption alignright\"><a href=\"https:\/\/commons.wikimedia.org\/wiki\/File:Hurricane_Katrina_Eye_viewed_from_Hurricane_Hunter_%28cropped%29.jpg\" target=\"_blank\"><img loading=\"lazy\" decoding=\"async\" src=\"https:\/\/upload.wikimedia.org\/wikipedia\/commons\/1\/1d\/Hurricane_Katrina_Eye_viewed_from_Hurricane_Hunter_%28cropped%29.jpg\" alt=\"\" width=\"336\" height=\"196\" \/><\/a><p class=\"wp-caption-text\">Mitten im orkaan \/ Hurricane. (NOAA, PD)<\/p><\/div>\n<p>Der deutsche <em>Zyklon<\/em> ist in der Regel beschr\u00e4nkt auf die Wirbelst\u00fcrme im Indischen Ozean und im Pazifik, w\u00e4hrend wir im Atlantik auf die Entlehnung <em>Hurrikan <\/em>oder <em>Hurricane <\/em>zur\u00fcckgreifen \u2013 im Niederl\u00e4ndischen kein gebr\u00e4uchlicher Begriff.<\/p>\n<p>Am Klangbild der beiden W\u00f6rter kann man aber fast schon erahnen, dass die Etymologie uns bei der strikten Trennung von <em>Orkan <\/em>und <em>Hurrikan <\/em>sowieso einen Streich spielt. Beides <a href=\"https:\/\/www.etymologiebank.nl\/trefwoord\/orkaan\" target=\"_blank\">geht n\u00e4mlich zur\u00fcck<\/a> auf einen Begriff der <a href=\"https:\/\/nl.wikipedia.org\/wiki\/Ta%C3%ADno_%28volk%29\" target=\"_blank\">Ta\u00edno<\/a>, also der karibischen Bev\u00f6lkerung aus vorkolonialer Zeit. Von dort ging der <em>hurac\u00e1n<\/em> \u00fcber das Spanische in die Sprachen Europas ein, hat sich mal mehr ver\u00e4ndert und mal weniger. Das Deutsche war besonders gr\u00fcndlich und hat zweimal entlehnt, als <em>Orkan <\/em>und als <em>Hurrikan<\/em>. Wenn wir mitten in Europa eine <em>Orkan<\/em>warnung h\u00f6ren, dann sprechen wir etymologisch gesehen selbst beim k\u00e4ltesten <a href=\"https:\/\/blogs.fu-berlin.de\/nederlands\/2015\/04\/08\/weer-of-geen-weer\/\" target=\"_blank\">Wintersturm<\/a> eigentlich von einem tropischen Wirbelwind.<\/p>\n<p>Vor allzu gro\u00dfen Wortschatzverwirbelungen bewahrt uns die Angewohnheit, den St\u00fcrmen menschliche Namen zu geben. Wenn von &#8222;Fred&#8220; die Rede ist, dann brauchen wir uns nicht mehr zu entscheiden, ob wir es nun mit einem <em>orkaan<\/em>, einem <em>cycloon<\/em> oder einem <em>Hurrikan <\/em>zu tun haben. Im Nordatlantik vergibt zum Beispiel das <em>National Hurricane Center <\/em>in den USA die <a href=\"https:\/\/en.wikipedia.org\/wiki\/Tropical_cyclone_naming\" target=\"_blank\">Namen f\u00fcr besonders starke St\u00fcrme<\/a>. Unsere Kollegen vom Institut f\u00fcr Meteorologie der Freien Universit\u00e4t dagegen haben es meist mit weniger dramatischen Ph\u00e4nomenen zu tun: Sie benennen f\u00fcr den deutschen Sprachgebrauch die Hoch- und Tiefdruckgebiete, gegen eine Spende auch mit <a href=\"https:\/\/www.met.fu-berlin.de\/wetterpate\/\" target=\"_blank\">Wunschnamen<\/a>. Der <a href=\"https:\/\/www.met.fu-berlin.de\/wetterpate\/Lebensgeschichten\/Hoch_FRED_18_08_10.htm\" target=\"_blank\">letzte Fred<\/a> in Deutschland war jedenfalls ein friedfertiger Zeitgenosse.<\/p>\n","protected":false},"excerpt":{"rendered":"<p>Vor einigen Tagen ging es auf den Kapverden st\u00fcrmisch zu. Ein tropischer Sturm namens Fred fegte \u00fcber die Inselgruppe vor der Westk\u00fcste Afrikas. De Morgen schrieb dazu: Unieke orkaan aan land in Kaapverdi\u00eb. Als deutschsprachiger Leser fragt man sich: Was ist so einzigartig an einem Orkan auf den Kapverden? Heftige St\u00fcrme d\u00fcrfte es doch in [&hellip;]<\/p>\n","protected":false},"author":2044,"featured_media":0,"comment_status":"open","ping_status":"open","sticky":false,"template":"","format":"standard","meta":{"footnotes":""},"categories":[1205,10102,1207,6940],"tags":[44141,12559],"class_list":["post-10178","post","type-post","status-publish","format-standard","hentry","category-afrika","category-etymologie","category-karibik","category-wortschatz","tag-beitraege-auf-deutsch","tag-wetter"],"_links":{"self":[{"href":"https:\/\/blogs.fu-berlin.de\/nederlands\/wp-json\/wp\/v2\/posts\/10178","targetHints":{"allow":["GET"]}}],"collection":[{"href":"https:\/\/blogs.fu-berlin.de\/nederlands\/wp-json\/wp\/v2\/posts"}],"about":[{"href":"https:\/\/blogs.fu-berlin.de\/nederlands\/wp-json\/wp\/v2\/types\/post"}],"author":[{"embeddable":true,"href":"https:\/\/blogs.fu-berlin.de\/nederlands\/wp-json\/wp\/v2\/users\/2044"}],"replies":[{"embeddable":true,"href":"https:\/\/blogs.fu-berlin.de\/nederlands\/wp-json\/wp\/v2\/comments?post=10178"}],"version-history":[{"count":13,"href":"https:\/\/blogs.fu-berlin.de\/nederlands\/wp-json\/wp\/v2\/posts\/10178\/revisions"}],"predecessor-version":[{"id":10191,"href":"https:\/\/blogs.fu-berlin.de\/nederlands\/wp-json\/wp\/v2\/posts\/10178\/revisions\/10191"}],"wp:attachment":[{"href":"https:\/\/blogs.fu-berlin.de\/nederlands\/wp-json\/wp\/v2\/media?parent=10178"}],"wp:term":[{"taxonomy":"category","embeddable":true,"href":"https:\/\/blogs.fu-berlin.de\/nederlands\/wp-json\/wp\/v2\/categories?post=10178"},{"taxonomy":"post_tag","embeddable":true,"href":"https:\/\/blogs.fu-berlin.de\/nederlands\/wp-json\/wp\/v2\/tags?post=10178"}],"curies":[{"name":"wp","href":"https:\/\/api.w.org\/{rel}","templated":true}]}}