{"id":10290,"date":"2015-10-03T09:00:04","date_gmt":"2015-10-03T07:00:04","guid":{"rendered":"https:\/\/blogs.fu-berlin.de\/nederlands\/?p=10290"},"modified":"2015-09-29T17:28:11","modified_gmt":"2015-09-29T15:28:11","slug":"auf-der-frameninsel","status":"publish","type":"post","link":"https:\/\/blogs.fu-berlin.de\/nederlands\/2015\/10\/03\/auf-der-frameninsel\/","title":{"rendered":"Auf der Frameninsel"},"content":{"rendered":"<p>Wer war schon einmal im Urlaub auf den fl\u00e4mischen Inseln? Nein, es geht <a href=\"https:\/\/blogs.fu-berlin.de\/nederlands\/2015\/02\/16\/oud-belgie-en-nieuw-belgie\/\" target=\"_blank\">noch immer nicht<\/a> um eine bisher unbekannt gebliebene belgische Ex-Kolonie in der Karibik. Aber zumindest sind wir geographisch schon auf halber Strecke dorthin. Die Azoren sind nicht nur zuverl\u00e4ssige Lieferanten von <a href=\"https:\/\/blogs.fu-berlin.de\/nederlands\/2015\/09\/08\/wer-oder-was-ist-fred\/\" target=\"_blank\">Hochdruckgebieten<\/a> und gutem <a href=\"https:\/\/blogs.fu-berlin.de\/nederlands\/2015\/06\/08\/weer-warm-weer\/\" target=\"_blank\">Wetter<\/a>, sondern ihre Geschichte hat auch ein spannendes Kapitel \u00fcber Beziehungen zum niederl\u00e4ndischsprachigen Raum zu bieten.<\/p>\n<p>Die portugiesischen Regenten machten im 15. Jahrhundert mehrere verdiente Flamen zu Verwaltern einiger Inseln des Archipels, dessen <a href=\"https:\/\/lusophonia.com\/?q=node\/140\" target=\"_blank\">Besiedelung<\/a> man gerade erst in Angriff genommen hatte. Die so beauftragten Flamen brachten aus ihrer Heimat weitere Siedler mit. Unter den Namen dieser lokalen Verwalter findet man beispielsweise einen Guilherme Vandaraga. Dahinter verbirgt sich ein reicher B\u00fcrger, urspr\u00fcnglich aus Br\u00fcgge, der einmal <a href=\"https:\/\/nl.wikipedia.org\/wiki\/Willem_van_der_Haegen\" target=\"_blank\">Willem van der Haegen<\/a> hie\u00df. Sp\u00e4ter \u00fcbersetzte sich die Familie <em>vom Walde<\/em> vollst\u00e4ndig ins Portugiesische (wenn auch etwas fehlerhaft, denn sie h\u00e4tte genau genommen <em>von der Hecke\u00a0<\/em>hei\u00dfen m\u00fcssen) und nannte sich seither <em><a href=\"https:\/\/pt.wikipedia.org\/wiki\/Silveira_%28apelido%29\" target=\"_blank\">da <\/a><a href=\"https:\/\/pt.wikipedia.org\/wiki\/Silveira_%28apelido%29\" target=\"_blank\">Silveira<\/a><\/em> \u2013 ein Name, der noch lange Zeit mit lokalem Ansehen und wohlhabender Herkunft verbunden wurde. Weitere solcher Lehnsherren waren etwa Joz de Utre (<a href=\"https:\/\/nl.wikipedia.org\/wiki\/Joost_de_Hurtere\" target=\"_blank\">Joost van Huerter<\/a>) oder J\u00e1come de Bruges (<a href=\"https:\/\/nl.wikipedia.org\/wiki\/Jacob_van_Brugge\" target=\"_blank\">Jacob van Brugge<\/a>). Der fl\u00e4mische Hintergrund war und ist ein Topos, mit dem man eine vom Festland unterscheidbare Geschichte wunderbar konstruieren und untermauern konnte.<\/p>\n<div id=\"attachment_10367\" style=\"width: 227px\" class=\"wp-caption alignleft\"><a href=\"https:\/\/de.wikipedia.org\/wiki\/Datei:RavensteinBehaim.jpg\" target=\"_blank\"><img loading=\"lazy\" decoding=\"async\" aria-describedby=\"caption-attachment-10367\" class=\"wp-image-10367\" src=\"https:\/\/blogs.fu-berlin.de\/nederlands\/files\/2015\/10\/RavensteinBehaim-262x300.jpg\" alt=\"Ausschnitt aus Ravensteins Faksimile des Behaim-Globus: die Insel Neu-Flandern oder Insula de Faial. (PD)\" width=\"217\" height=\"248\" srcset=\"https:\/\/blogs.fu-berlin.de\/nederlands\/files\/2015\/10\/RavensteinBehaim-262x300.jpg 262w, https:\/\/blogs.fu-berlin.de\/nederlands\/files\/2015\/10\/RavensteinBehaim.jpg 321w\" sizes=\"auto, (max-width: 217px) 100vw, 217px\" \/><\/a><p id=\"caption-attachment-10367\" class=\"wp-caption-text\">Ausschnitt aus Ravensteins Faksimile des Behaim-Globus von 1492: &#8222;Neu-Flandern oder Insula de Faial&#8220;. (PD)<\/p><\/div>\n<p>Schon zu Anfang der \u201cfl\u00e4mischen Phase\u201d war dieses Merkmal offenbar so stark, dass die heutige Insel Faial auch Flameninsel genannt wurde. Nun kennt das Portugiesische einen sehr charakteristischen Wandel von \/l\/ zu \/r\/, wie etwa in <em>pra\u00e7a<\/em> (Platz) oder <em>praia<\/em> (Strand, vgl. span. <em>playa<\/em>). In einem historischen Manuskript aus dem fr\u00fchen 16. Jahrhundert wird von der Besiedelungsgeschichte der Azoren berichtet, und schon dort \u2013 nur einige Jahrzehnte nach der ersten Ankunft von Flamen auf Faial \u2013 wird die Insel <em>ylha dos fram\u1ebdngos<\/em> genannt: die F<strong>r<\/strong>ameninsel.<\/p>\n<div style=\"width: 384px\" class=\"wp-caption alignright\"><a href=\"https:\/\/de.wikipedia.org\/wiki\/Flamengos\" target=\"_blank\"><img loading=\"lazy\" decoding=\"async\" class=\"\" src=\"https:\/\/upload.wikimedia.org\/wikipedia\/commons\/5\/51\/FAI_HOR_Flamengos.JPG\" alt=\"\" width=\"374\" height=\"280\" \/><\/a><p class=\"wp-caption-text\">Blick auf das Dorf Flamengos, eine fl\u00e4mische Gr\u00fcndung auf der Insel Faial. (R. Furtado, PD)<\/p><\/div>\n<p>In Flandern waren die verdienten Herren nicht \u00fcberm\u00e4\u00dfig bekannt geworden. Jedenfalls machten sich belgische Historiker um die Wende vom 19. zum 20. Jahrhundert Gedanken darum, warum sie in Quellen aus Flandern kaum Hinweise auf diese Namen fanden und welche Bedeutung das fl\u00e4mische Element in der Geschichte der Azoren wirklich hatte. Jules Mees aus Gent schrieb 1901 \u2013 auf Franz\u00f6sisch wohlgemerkt \u2013, dass dieses Kapitel der fl\u00e4mischen Geschichte untersch\u00e4tzt sei und der Aufarbeitung bed\u00fcrfe. Er wollte wohl der belgischen Geschichte ein St\u00fcck Weltruhm aus der Zeit lange vor der Staatsgr\u00fcndung hinzuf\u00fcgen. Kurz davor hatte \u2013 auf Niederl\u00e4ndisch \u2013 Pierre Joseph Baudet schon 1879 das genaue Gegenteil vertreten. Der fl\u00e4mische Einfluss auf den Azoren k\u00f6nne nur marginal gewesen sein, denn:<\/p>\n<blockquote><p>Het stilzwijgen der Vlaamsche schrijvers, het spoedig verdwijnen der Vlaamsche taal op Fayal, de zuiverheid van het Portugeesch, dat tegenwoordig daar gesproken wordt, en andere feiten, die wij nog ontmoeten zullen, laten geen ander besluit toe.<\/p><\/blockquote>\n<p>Tats\u00e4chlich berichten schon kurze Zeit nach der Besiedelung die zeitgen\u00f6ssischen Quellen, es w\u00fcrde auf Faial kein Fl\u00e4misch mehr gesprochen. (Es ist \u00fcbrigens darin tats\u00e4chlich die Rede von <em>lingoa fram\u1ebdnga<\/em>, nicht etwa von <em>holand\u00eas<\/em> oder <em>neerland\u00eas<\/em>.) Solche Informationen sind selten und daher von gro\u00dfem Wert f\u00fcr die historische Soziolinguistik, auch wenn es aus niederlandistischer Sicht ein wenig schade ist, dass die Flamen auf Faial so fr\u00fch zum Portugiesischen \u00fcbergingen und anscheinend dies auch sehr gr\u00fcndlich taten &#8211; daher das &#8222;saubere Portugiesisch&#8220;. Die Dialektologie h\u00e4tte sich bestimmt mit Leidenschaft auf dieses Forschungsobjekt gest\u00fcrzt und die Eigenschaften des Atlantikfl\u00e4mischen in allen Details untersucht. Auf eine Dissertation mit dem Titel <em>Klankstructuur van het Faiaals<\/em> oder einen <em>Dialectatlas van het Eilandvlaams<\/em> m\u00fcssen wir leider verzichten.<\/p>\n<div id=\"attachment_10370\" style=\"width: 489px\" class=\"wp-caption aligncenter\"><a href=\"https:\/\/upload.wikimedia.org\/wikipedia\/commons\/b\/bd\/1589_Europa_Mercator.jpg\" target=\"_blank\"><img loading=\"lazy\" decoding=\"async\" aria-describedby=\"caption-attachment-10370\" class=\"wp-image-10370\" src=\"https:\/\/blogs.fu-berlin.de\/nederlands\/files\/2015\/10\/1589_Europa_Mercator-300x154.jpg\" alt=\"1589_Europa_Mercator\" width=\"479\" height=\"261\" \/><\/a><p id=\"caption-attachment-10370\" class=\"wp-caption-text\">Ausschnitt einer Mercator-Karte aus dem 16. Jh. Oben links die Insel &#8222;Vlaenderen&#8220;. (PD)<\/p><\/div>\n","protected":false},"excerpt":{"rendered":"<p>Wer war schon einmal im Urlaub auf den fl\u00e4mischen Inseln? Nein, es geht noch immer nicht um eine bisher unbekannt gebliebene belgische Ex-Kolonie in der Karibik. Aber zumindest sind wir geographisch schon auf halber Strecke dorthin. Die Azoren sind nicht nur zuverl\u00e4ssige Lieferanten von Hochdruckgebieten und gutem Wetter, sondern ihre Geschichte hat auch ein spannendes [&hellip;]<\/p>\n","protected":false},"author":2044,"featured_media":0,"comment_status":"open","ping_status":"open","sticky":false,"template":"","format":"standard","meta":{"footnotes":""},"categories":[1,2983],"tags":[44141,471],"class_list":["post-10290","post","type-post","status-publish","format-standard","hentry","category-allgemein","category-belgien","tag-beitraege-auf-deutsch","tag-geschichte"],"_links":{"self":[{"href":"https:\/\/blogs.fu-berlin.de\/nederlands\/wp-json\/wp\/v2\/posts\/10290","targetHints":{"allow":["GET"]}}],"collection":[{"href":"https:\/\/blogs.fu-berlin.de\/nederlands\/wp-json\/wp\/v2\/posts"}],"about":[{"href":"https:\/\/blogs.fu-berlin.de\/nederlands\/wp-json\/wp\/v2\/types\/post"}],"author":[{"embeddable":true,"href":"https:\/\/blogs.fu-berlin.de\/nederlands\/wp-json\/wp\/v2\/users\/2044"}],"replies":[{"embeddable":true,"href":"https:\/\/blogs.fu-berlin.de\/nederlands\/wp-json\/wp\/v2\/comments?post=10290"}],"version-history":[{"count":17,"href":"https:\/\/blogs.fu-berlin.de\/nederlands\/wp-json\/wp\/v2\/posts\/10290\/revisions"}],"predecessor-version":[{"id":10427,"href":"https:\/\/blogs.fu-berlin.de\/nederlands\/wp-json\/wp\/v2\/posts\/10290\/revisions\/10427"}],"wp:attachment":[{"href":"https:\/\/blogs.fu-berlin.de\/nederlands\/wp-json\/wp\/v2\/media?parent=10290"}],"wp:term":[{"taxonomy":"category","embeddable":true,"href":"https:\/\/blogs.fu-berlin.de\/nederlands\/wp-json\/wp\/v2\/categories?post=10290"},{"taxonomy":"post_tag","embeddable":true,"href":"https:\/\/blogs.fu-berlin.de\/nederlands\/wp-json\/wp\/v2\/tags?post=10290"}],"curies":[{"name":"wp","href":"https:\/\/api.w.org\/{rel}","templated":true}]}}