{"id":10373,"date":"2015-10-18T09:12:01","date_gmt":"2015-10-18T07:12:01","guid":{"rendered":"https:\/\/blogs.fu-berlin.de\/nederlands\/?p=10373"},"modified":"2017-01-08T13:32:49","modified_gmt":"2017-01-08T12:32:49","slug":"provinzielle-staaten","status":"publish","type":"post","link":"https:\/\/blogs.fu-berlin.de\/nederlands\/2015\/10\/18\/provinzielle-staaten\/","title":{"rendered":"Provinzielle Staaten"},"content":{"rendered":"<p>Ein einfach gestrickter Durchschnittsfranzose teilt die Welt in drei Zonen ein: Paris, Provinz, Ausland. Die \u201eProvinz\u201c, das ist nicht nur ein geographischer Begriff f\u00fcr \u201eganz Frankreich au\u00dfer Paris\u201c, sondern damit verbindet man ein ganzes B\u00fcndel an Vorurteilen. Die Menschen dort, so behauptet man, seien hinterw\u00e4ldlerisch, von Modernit\u00e4t und Weltl\u00e4ufigkeit unber\u00fchrt, aber auch authentisch und erdverbunden. Kurz gesagt: provinziell.<\/p>\n<p>All das sind selbstverst\u00e4ndlich unfreundliche Unterstellungen \u2013 aber auch eine unfreundliche Unterstellung muss man gelegentlich erkl\u00e4ren. Woraufhin ich, um dieses Konzept in niederl\u00e4ndische Worte zu fassen, den Neologismus <em>provincieel <\/em>ersann. Etwas robuster k\u00f6nnte man nat\u00fcrlich behaupten, es war einfach ein Fehler und keine neue Wortsch\u00f6pfung. Aber es gab dabei einen Hintergedanken.<\/p>\n<p>Meiner Meinung nach war n\u00e4mlich <em>provincieel <\/em>keineswegs dasselbe wie <em>provinciaal<\/em>. Genauso wenig wie <em>provinziell <\/em>dasselbe sein sollte wie <em>provinzial<\/em>. In meinem individuellen Lexikon gab es zwei ganz klar unterscheidbare Kategorien: <em>provinzial <\/em>bzw. <em>provinciaal <\/em>sollte ein neutraler Begriff sein f\u00fcr \u201emit Bezug zu einer Provinz\u201c \u2013 also mit administrativer, politischer oder geographischer Bedeutung. Das erschien mir schl\u00fcssig, wenn man an die\u00a0<em><a href=\"https:\/\/blogs.fu-berlin.de\/nederlands\/2015\/03\/19\/wasserschaft-und-deichgraefinnenschaft\/\" target=\"_blank\">Provinciale Staten<\/a> <\/em>denkt, also die Parlamente der niederl\u00e4ndischen Provinzen. Den Abgeordneten m\u00f6chte man nicht unbedingt pauschal unterstellen, dass sie alle <em>provinziell <\/em>denken, aber <em>s<\/em>ie sind Vertreter in einem <em>provinzialen <\/em>Gremium. <em>Provincieel <\/em>bzw. <em>provinziell <\/em>sollte nach meiner Vorstellung eine Geisteshaltung sein, n\u00e4mlich genau das, was man in Paris der restlichen Republik unterstellt.<\/p>\n<div style=\"width: 546px\" class=\"wp-caption aligncenter\"><a href=\"https:\/\/nl.wikipedia.org\/wiki\/Gouvernement_%28Limburg%29\" target=\"_blank\"><img loading=\"lazy\" decoding=\"async\" class=\"\" src=\"https:\/\/upload.wikimedia.org\/wikipedia\/commons\/e\/e5\/Provincial_Government_Buildings_on_the_Meuse.jpg\" alt=\"\" width=\"536\" height=\"401\" \/><\/a><p class=\"wp-caption-text\">Keineswegs provinzielle Architektur: Das provinciehuis von Limburg in Maastricht. (J.I.Borissoff, CC-BY-3.0)<\/p><\/div>\n<p>Der Haken bei der Sache ist leider: <em>provincieel <\/em>und <em>provinzial <\/em>gibt es nicht.<\/p>\n<p>Auf Deutsch existiert die kirchliche Amtsbezeichnung eines <a href=\"https:\/\/de.wikipedia.org\/wiki\/Provinzial\" target=\"_blank\"><em>Provinzials<\/em><\/a>, der ebenso auf Niederl\u00e4ndisch <em>provinciaal <\/em>hei\u00dft. Auch eine deutsche Versicherung nennt sich so. Als Preu\u00dfen noch in Provinzen eingeteilt war, war dieser Begriff etwas gel\u00e4ufiger, aber heute scheint er in Vergessenheit geraten zu sein. Im Niederl\u00e4ndischen ist alles <em>provinciaal<\/em>, also sowohl die Zuschreibung an das vermeintlich zur\u00fcckgebliebene Landvolk als auch die h\u00f6chstoffiziellen Institutionen und Verwaltungsbegriffe der Provinzen.<\/p>\n<p>Mein individuelles Lexikon hat eine Unterscheidung geschaffen, die vermutlich in dieser Eindeutigkeit nur meine eigene Erfindung war. Eine Unterscheidung, die ich weiterhin h\u00f6chst notwendig finde. Jedenfalls zumindest im Zusammenhang mit den Niederlanden und Belgien, wo es schlie\u00dflich auch heute noch die Verwaltungsebene der <a href=\"https:\/\/blogs.fu-berlin.de\/nederlands\/2015\/07\/11\/goedendag\/\" target=\"_blank\">Provinzen<\/a> gibt. Tr\u00e4gt es nicht blo\u00df zur Politikverdrossenheit bei, dass man keine M\u00f6glichkeit hat, zwischen <em>Provinciale Staten <\/em>und <em>provinci\u00eble staten<\/em> zu differenzieren?<\/p>\n","protected":false},"excerpt":{"rendered":"<p>Ein einfach gestrickter Durchschnittsfranzose teilt die Welt in drei Zonen ein: Paris, Provinz, Ausland. Die \u201eProvinz\u201c, das ist nicht nur ein geographischer Begriff f\u00fcr \u201eganz Frankreich au\u00dfer Paris\u201c, sondern damit verbindet man ein ganzes B\u00fcndel an Vorurteilen. Die Menschen dort, so behauptet man, seien hinterw\u00e4ldlerisch, von Modernit\u00e4t und Weltl\u00e4ufigkeit unber\u00fchrt, aber auch authentisch und erdverbunden. [&hellip;]<\/p>\n","protected":false},"author":2044,"featured_media":0,"comment_status":"open","ping_status":"open","sticky":false,"template":"","format":"standard","meta":{"footnotes":""},"categories":[2983,720,3099,6940],"tags":[44141,116],"class_list":["post-10373","post","type-post","status-publish","format-standard","hentry","category-belgien","category-niederlande","category-sprachvergleich","category-wortschatz","tag-beitraege-auf-deutsch","tag-politik"],"_links":{"self":[{"href":"https:\/\/blogs.fu-berlin.de\/nederlands\/wp-json\/wp\/v2\/posts\/10373","targetHints":{"allow":["GET"]}}],"collection":[{"href":"https:\/\/blogs.fu-berlin.de\/nederlands\/wp-json\/wp\/v2\/posts"}],"about":[{"href":"https:\/\/blogs.fu-berlin.de\/nederlands\/wp-json\/wp\/v2\/types\/post"}],"author":[{"embeddable":true,"href":"https:\/\/blogs.fu-berlin.de\/nederlands\/wp-json\/wp\/v2\/users\/2044"}],"replies":[{"embeddable":true,"href":"https:\/\/blogs.fu-berlin.de\/nederlands\/wp-json\/wp\/v2\/comments?post=10373"}],"version-history":[{"count":6,"href":"https:\/\/blogs.fu-berlin.de\/nederlands\/wp-json\/wp\/v2\/posts\/10373\/revisions"}],"predecessor-version":[{"id":10380,"href":"https:\/\/blogs.fu-berlin.de\/nederlands\/wp-json\/wp\/v2\/posts\/10373\/revisions\/10380"}],"wp:attachment":[{"href":"https:\/\/blogs.fu-berlin.de\/nederlands\/wp-json\/wp\/v2\/media?parent=10373"}],"wp:term":[{"taxonomy":"category","embeddable":true,"href":"https:\/\/blogs.fu-berlin.de\/nederlands\/wp-json\/wp\/v2\/categories?post=10373"},{"taxonomy":"post_tag","embeddable":true,"href":"https:\/\/blogs.fu-berlin.de\/nederlands\/wp-json\/wp\/v2\/tags?post=10373"}],"curies":[{"name":"wp","href":"https:\/\/api.w.org\/{rel}","templated":true}]}}