{"id":11008,"date":"2015-11-26T08:16:40","date_gmt":"2015-11-26T07:16:40","guid":{"rendered":"https:\/\/blogs.fu-berlin.de\/nederlands\/?p=11008"},"modified":"2015-11-24T15:05:32","modified_gmt":"2015-11-24T14:05:32","slug":"kameel-en-panda","status":"publish","type":"post","link":"https:\/\/blogs.fu-berlin.de\/nederlands\/2015\/11\/26\/kameel-en-panda\/","title":{"rendered":"Kameel en panda"},"content":{"rendered":"<p><a href=\"https:\/\/neon.niederlandistik.fu-berlin.de\/nl\/woordenboek\/context\/1073\" target=\"_blank\">Mooi meegenomen<\/a>, dat artikeltje over <a href=\"https:\/\/nos.nl\/op3\/artikel\/2069212-rode-panda-legt-treinverkeer-rotterdam-stil.html\" target=\"_blank\">rode panda <\/a>die de benen nam. Een ontsnapte panda zorgde even voor verstoord treinverkeer. De noorderburen* hadden de situatie echter weer snel onder controle.<\/p>\n<p>Hoe anders loopt dat in Belgi\u00eb, mijn surrealistisch vaderland. In\u00a0juli kwam er een tweet van de NMBS, de Belgische spoorwegmaatschappij.<\/p>\n<blockquote><p><a class=\"twitter-atreply pretty-link js-nav\" href=\"https:\/\/twitter.com\/SNCB\"><s>@<\/s><b><strong>SNCB<\/strong><\/b><\/a>: <a class=\"twitter-hashtag pretty-link js-nav\" href=\"https:\/\/twitter.com\/hashtag\/L42?src=hash\"><s>#<\/s><b><strong>L42<\/strong><\/b><\/a> <a class=\"twitter-hashtag pretty-link js-nav\" href=\"https:\/\/twitter.com\/hashtag\/Aywaille?src=hash\"><s>#<\/s><b><strong>Aywaille<\/strong><\/b><\/a> Chameaux le long des voies Trafic perturb\u00e9 Retards possibles: 10\u2019 (Kamelen langs het spoor. Verkeer verstoord. Mogelijke vertraging: 10&#8242;)<\/p><\/blockquote>\n<div style=\"width: 324px\" class=\"wp-caption alignright\"><a href=\"https:\/\/commons.wikimedia.org\/wiki\/File:Muybridge_Camel_Racking.gif\" target=\"_blank\"><img loading=\"lazy\" decoding=\"async\" class=\"\" src=\"https:\/\/upload.wikimedia.org\/wikipedia\/commons\/7\/73\/Muybridge_Camel_Racking.gif\" alt=\"\" width=\"314\" height=\"235\" \/><\/a><p class=\"wp-caption-text\">Belgische kameel wil naar huis (Eadweard Muybridge, PD Old)<\/p><\/div>\n<p>De tweets van de NMBS (in het Frans SNCB) gaan in twee versies de deur uit: in het Nederlands en in het Frans. Alle volgers van de NMBS wisten dus dat er kamelen gesignaleerd waren. Het was op dat moment erg heet in Europa. Maar kamelen zijn voorlopig geen inheemse dieren in Belgi\u00eb. Vrij snel kwam er een rechtzetting:<\/p>\n<blockquote><p>\u2018t Is warm voor iedereen! Blijkbaar was de kameel die we eerder meldden een dode kat. \u201c<strong>Chat\u00a0<\/strong><strong>mort<\/strong> &lt;&gt; Chameau \u201c *neemteenslokjewater <a class=\"twitter-hashtag pretty-link js-nav\" href=\"https:\/\/twitter.com\/hashtag\/NMBS?src=hash\"><s>#<\/s><b><strong>NMBS<\/strong><\/b><\/a><\/p><\/blockquote>\n<p>Er was dus helemaal geen kameel geweest! Het ging om een dode kat (insert fonetische tekens voor sjamor) en niet om een kameel (sjamo). Het verschil tussen een kameel en een dode kat is dan misschien maximaal qua ongeveer alles, maar qua uitspraak is het verschil in het Frans minimaal. De woorden zijn homofoon, tenminste als je de postvocalische -r niet (duidelijk) uitspreekt. Misschien onstond het misverstand dus door het mondeling doorgeven van de informatie. Het is onduidelijk of er ook een communautair tintje aan het misverstand zit, dat wil zeggen of het misverstand ontstond in een gemengd Nederlands\/Frans gesprek. In <a href=\"https:\/\/www.lesoir.be\/927472\/article\/actualite\/belgique\/2015-07-04\/trafic-sncb-perturbe-chameau-etait-en-fait-un-chat-mort\" target=\"_blank\">Le Soir<\/a> werd geopperd dat het een fout door een autocorrectie op een smartphone was.<\/p>\n<p>Maar niemand stelde er zich vragen bij: kameel langs het spoor? Die info verspreiden we even! Surrealistisch landje&#8230; <em>Ren\u00e9 Magritte l\u00e4\u00dft gr\u00fc\u00dfen!<\/em> En de <a href=\"https:\/\/www.demorgen.be\/binnenland\/belgie-het-meest-absurde-land-op-aarde-maakt-zijn-naam-weer-waar-met-kattenfoto-s-be775d96\/\" target=\"_blank\">katten <\/a>van #BrusselsLockdown ook.<\/p>\n<p><span style=\"color: #333333\">O ja,\u00a0denk eraan: <b>de\u00a0<\/b>kameel (2 bulten),\u00a0<strong>de\u00a0<\/strong>dromedaris (1 bult): <strong>das<\/strong> Kamel, <strong>das<\/strong> Dromedar &#8211; <em>zusammen 3 H\u00f6cker<\/em><br \/>\n<\/span><\/p>\n<hr \/>\n<p>* De noorderburen, dat zijn de Nederlanders, vanuit een Belgisch standpunt.<\/p>\n","protected":false},"excerpt":{"rendered":"<p>Mooi meegenomen, dat artikeltje over rode panda die de benen nam. Een ontsnapte panda zorgde even voor verstoord treinverkeer. De noorderburen* hadden de situatie echter weer snel onder controle. Hoe anders loopt dat in Belgi\u00eb, mijn surrealistisch vaderland. In\u00a0juli kwam er een tweet van de NMBS, de Belgische spoorwegmaatschappij. @SNCB: #L42 #Aywaille Chameaux le long [&hellip;]<\/p>\n","protected":false},"author":1839,"featured_media":0,"comment_status":"open","ping_status":"open","sticky":false,"template":"","format":"standard","meta":{"footnotes":""},"categories":[23502,2983,3099],"tags":[],"class_list":["post-11008","post","type-post","status-publish","format-standard","hentry","category-aussprache","category-belgien","category-sprachvergleich"],"_links":{"self":[{"href":"https:\/\/blogs.fu-berlin.de\/nederlands\/wp-json\/wp\/v2\/posts\/11008","targetHints":{"allow":["GET"]}}],"collection":[{"href":"https:\/\/blogs.fu-berlin.de\/nederlands\/wp-json\/wp\/v2\/posts"}],"about":[{"href":"https:\/\/blogs.fu-berlin.de\/nederlands\/wp-json\/wp\/v2\/types\/post"}],"author":[{"embeddable":true,"href":"https:\/\/blogs.fu-berlin.de\/nederlands\/wp-json\/wp\/v2\/users\/1839"}],"replies":[{"embeddable":true,"href":"https:\/\/blogs.fu-berlin.de\/nederlands\/wp-json\/wp\/v2\/comments?post=11008"}],"version-history":[{"count":22,"href":"https:\/\/blogs.fu-berlin.de\/nederlands\/wp-json\/wp\/v2\/posts\/11008\/revisions"}],"predecessor-version":[{"id":11121,"href":"https:\/\/blogs.fu-berlin.de\/nederlands\/wp-json\/wp\/v2\/posts\/11008\/revisions\/11121"}],"wp:attachment":[{"href":"https:\/\/blogs.fu-berlin.de\/nederlands\/wp-json\/wp\/v2\/media?parent=11008"}],"wp:term":[{"taxonomy":"category","embeddable":true,"href":"https:\/\/blogs.fu-berlin.de\/nederlands\/wp-json\/wp\/v2\/categories?post=11008"},{"taxonomy":"post_tag","embeddable":true,"href":"https:\/\/blogs.fu-berlin.de\/nederlands\/wp-json\/wp\/v2\/tags?post=11008"}],"curies":[{"name":"wp","href":"https:\/\/api.w.org\/{rel}","templated":true}]}}