{"id":11423,"date":"2016-05-04T10:59:11","date_gmt":"2016-05-04T08:59:11","guid":{"rendered":"https:\/\/blogs.fu-berlin.de\/nederlands\/?p=11423"},"modified":"2016-05-04T22:02:42","modified_gmt":"2016-05-04T20:02:42","slug":"mokum-huilt","status":"publish","type":"post","link":"https:\/\/blogs.fu-berlin.de\/nederlands\/2016\/05\/04\/mokum-huilt\/","title":{"rendered":"Mokum huilt&#8230;"},"content":{"rendered":"<p>Dat <strong>Mokum<\/strong> de jiddische naam voor Amsterdam is, weet u inmiddels. Ik geef u vandaag nog een paar andere (van oorsprong) jiddische woorden opdat u vervolgens <a href=\"https:\/\/www.nomorelyrics.net\/nl\/Rika_Jansen\/Amsterdam_huilt-songteksten.html\" target=\"_blank\">deze liedtekst<\/a> van Rika Jansen (Joodse achtergrond) kunt volgen.<\/p>\n<div style=\"width: 190px\" class=\"wp-caption alignright\"><a href=\"https:\/\/commons.wikimedia.org\/wiki\/File:Rika_Jansen.jpg\" target=\"_blank\"><img loading=\"lazy\" decoding=\"async\" src=\"https:\/\/upload.wikimedia.org\/wikipedia\/commons\/thumb\/6\/69\/Rika_Jansen.jpg\/180px-Rika_Jansen.jpg\" alt=\"\" width=\"180\" height=\"240\" \/><\/a><p class=\"wp-caption-text\">Rika Jansen (Anefo, cc-by-sa-3.0-nl)<\/p><\/div>\n<p>Met <em>Jodenhoek<\/em> werd de Joodse wijk in Amsterdam aangeduid. En in het <a href=\"https:\/\/nl.wikipedia.org\/wiki\/Tip_Top_Theater\" target=\"_blank\">Tip Top Theater<\/a> op de hoek van de Jodenbreestraat (in die straat heeft Rembrandt van 1631 tot 1635 nog gewoond) vergat je je <strong>sores<\/strong> (<em>Sorgen<\/em>).<\/p>\n<p>Het woord <a href=\"https:\/\/blogs.fu-berlin.de\/nederlands\/2014\/09\/15\/mazzeltof\/\" target=\"_blank\"><strong>mazzel<\/strong><\/a> hadden we al eens. <em>Gein<\/em> is intussen zo Nederlands dat de jiddische oorsprong <strong><a href=\"https:\/\/www.etymologiebank.nl\/trefwoord\/gein\" target=\"_blank\">chein<\/a><\/strong> (grap, plezier; leuk) bijna vergeten is. Het <strong>Channekefeest<\/strong> is Cha\u00adnoe\u00adka; en <strong>benschen<\/strong> betekent: zegenen. In Mokum hebben joodse <strong>jeledjes<\/strong> gestoeid (<em>Kinder getobt<\/em>). Op vrijdagavond werden <strong><a href=\"https:\/\/images.google.de\/imgres?imgurl=http%3A%2F%2Feetweetjes.nl%2Fwp-content%2Fuploads%2F2015%2F01%2F2015-2904-150x150.jpg&amp;imgrefurl=http%3A%2F%2Feetweetjes.nl%2Ftag%2Fgraan-en-meel%2Fpage%2F2%2F&amp;h=150&amp;w=150&amp;tbnid=HI0tWhWR-V_cGM%3A&amp;docid=TIUCl722Lp3cOM&amp;itg=1&amp;ei=9x-IVr_lOsaePLK6qtgN&amp;tbm=isch&amp;iact=rc&amp;uact=3&amp;dur=693&amp;page=1&amp;start=0&amp;ndsp=16&amp;ved=0ahUKEwj_vLXO6YvKAhVGDw8KHTKdCtsQrQMIOTAJ\" target=\"_blank\">koegel<\/a><\/strong> (<em>s\u00fc\u00dfes Geb\u00e4ck<\/em>) geserveerd en <strong>genascht<\/strong> (dat hoef ik niet te vertalen). <strong>Mazzel en brooche<\/strong> (<em>Gl\u00fcck und Segen<\/em>) voor de hele <strong>misjpooche<\/strong> (dat woord kent u ook).<\/p>\n<p>Hendrika Elisabeth Jansen (in 1924 geboren en in januari van dit jaar overleden) is als zangeres bekend geworden onder de artiestennaam <a href=\"https:\/\/www.parool.nl\/parool\/nl\/4024\/AMSTERDAM-CENTRUM\/article\/detail\/4229700\/2016\/01\/21\/Amsterdam-huilt-Rika-Zwarte-Riek-Jansen-91-overleden.dhtml\" target=\"_blank\">Zwarte Riek<\/a>, haar bijnaam: de Jordaanprinses. <a href=\"https:\/\/nl.wikipedia.org\/wiki\/Jordaan_%28Amsterdam%29#De_naam_Jordaan\" target=\"_blank\">De Jordaan<\/a> is een wijk in het centrum van Amsterdam aan gene zijde van de Prinsengracht (die ooit de Jordaan werd genoemd).<\/p>\n<p>Het is vandaag 4 mei. Vanaf 19:50 uur is de Nationale Dodenherdenking op de Dam. Hier de <a href=\"https:\/\/www.npo.nl\/nos-nationale-herdenking-2016\/04-05-2016\/POW_03113199\" target=\"_blank\">NOS<\/a> met een verslag.<br \/>\nHet timbre van dit <a href=\"https:\/\/www.youtube.com\/watch?v=CsVFOpnZSWo\" target=\"_blank\">lied<\/a> is oer-Mokums en het past wel bij vandaag&#8230; toch?<\/p>\n<p>En dit jaar valt de Joodse gedenkdag <em><a href=\"https:\/\/www.hollandscheschouwburg.nl\/herdenken\/herdenkingen\/jom-hasjoa\" target=\"_blank\">Jom Hasjoa<\/a> <\/em>op 4 mei. Die wordt gevierd in de <a href=\"https:\/\/nl.wikipedia.org\/wiki\/Hollandsche_Schouwburg\" target=\"_blank\">Hollandsche Schouwburg<\/a>, de plek waar Amsterdamse Joden werden samengedreven alvorens op transport gesteld te worden, naar Westerbork en verder &#8230;<\/p>\n","protected":false},"excerpt":{"rendered":"<p>Dat Mokum de jiddische naam voor Amsterdam is, weet u inmiddels. Ik geef u vandaag nog een paar andere (van oorsprong) jiddische woorden opdat u vervolgens deze liedtekst van Rika Jansen (Joodse achtergrond) kunt volgen. Met Jodenhoek werd de Joodse wijk in Amsterdam aangeduid. En in het Tip Top Theater op de hoek van de [&hellip;]<\/p>\n","protected":false},"author":1834,"featured_media":0,"comment_status":"open","ping_status":"open","sticky":false,"template":"","format":"standard","meta":{"footnotes":""},"categories":[720,3099,6940],"tags":[471,44154,1542],"class_list":["post-11423","post","type-post","status-publish","format-standard","hentry","category-niederlande","category-sprachvergleich","category-wortschatz","tag-geschichte","tag-juedisch","tag-kultur"],"_links":{"self":[{"href":"https:\/\/blogs.fu-berlin.de\/nederlands\/wp-json\/wp\/v2\/posts\/11423","targetHints":{"allow":["GET"]}}],"collection":[{"href":"https:\/\/blogs.fu-berlin.de\/nederlands\/wp-json\/wp\/v2\/posts"}],"about":[{"href":"https:\/\/blogs.fu-berlin.de\/nederlands\/wp-json\/wp\/v2\/types\/post"}],"author":[{"embeddable":true,"href":"https:\/\/blogs.fu-berlin.de\/nederlands\/wp-json\/wp\/v2\/users\/1834"}],"replies":[{"embeddable":true,"href":"https:\/\/blogs.fu-berlin.de\/nederlands\/wp-json\/wp\/v2\/comments?post=11423"}],"version-history":[{"count":38,"href":"https:\/\/blogs.fu-berlin.de\/nederlands\/wp-json\/wp\/v2\/posts\/11423\/revisions"}],"predecessor-version":[{"id":12398,"href":"https:\/\/blogs.fu-berlin.de\/nederlands\/wp-json\/wp\/v2\/posts\/11423\/revisions\/12398"}],"wp:attachment":[{"href":"https:\/\/blogs.fu-berlin.de\/nederlands\/wp-json\/wp\/v2\/media?parent=11423"}],"wp:term":[{"taxonomy":"category","embeddable":true,"href":"https:\/\/blogs.fu-berlin.de\/nederlands\/wp-json\/wp\/v2\/categories?post=11423"},{"taxonomy":"post_tag","embeddable":true,"href":"https:\/\/blogs.fu-berlin.de\/nederlands\/wp-json\/wp\/v2\/tags?post=11423"}],"curies":[{"name":"wp","href":"https:\/\/api.w.org\/{rel}","templated":true}]}}