{"id":11688,"date":"2016-03-19T09:14:53","date_gmt":"2016-03-19T08:14:53","guid":{"rendered":"https:\/\/blogs.fu-berlin.de\/nederlands\/?p=11688"},"modified":"2016-03-14T15:20:16","modified_gmt":"2016-03-14T14:20:16","slug":"einstellungssache","status":"publish","type":"post","link":"https:\/\/blogs.fu-berlin.de\/nederlands\/2016\/03\/19\/einstellungssache\/","title":{"rendered":"Einstellungssache"},"content":{"rendered":"<p>Demn\u00e4chst verl\u00e4sst uns ein Kollege aus der Literaturwissenschaft, um eine spannende neue Besch\u00e4ftigung au\u00dferhalb der Universit\u00e4t zu beginnen. Noch wissen wir nicht, wie die Nachfolge aussieht, aber wir hoffen nat\u00fcrlich darauf, dass wir bald jemanden <em>einstellen<\/em> k\u00f6nnen. Das Verb <em>einstellen <\/em>ist fast schon ein Universalwort im Deutschen, ebenso die davon abgeleitete <em>Einstellung. <\/em>Das Wort zerstreut seine Bedeutung in so viele Richtungen, dass man den Kern kaum zu fassen bekommt. Und wenn man es ins Niederl\u00e4ndische \u00fcbersetzen m\u00f6chte, kann es einen in seiner Kontextabh\u00e4ngigkeit zur Verzweiflung bringen.<\/p>\n<p>Auf Niederl\u00e4ndisch werden wir wahrscheinlich jemanden <em>in dienst nemen<\/em>, was sich aus deutscher Perspektive ein wenig nach \u201aDownton Abbey\u2018 anh\u00f6rt. Wir hoffen jedenfalls, dass sich viele Qualifizierte melden werden, sonst m\u00fcssten wir das Bewerbungsverfahren ohne Erfolg <em>einstellen<\/em> (je nachdem wie formell es abl\u00e4uft auf Niederl\u00e4ndisch wohl <em>staken <\/em>oder <em>stopzetten<\/em>, vielleicht auch <em>instellen<\/em>). Falls wir sehr schnell jemanden finden, k\u00f6nnten wir vielleicht <span style=\"color: #333333\">den Rekord f\u00fcr das k\u00fcrzeste Bewerbungsverfahren <em>einstellen<\/em>\u00a0<\/span>(nl. <em>een record evenaren<\/em>), wenn nicht gar \u00fcbertreffen.<\/p>\n<div style=\"width: 341px\" class=\"wp-caption alignright\"><a href=\"https:\/\/de.wikipedia.org\/wiki\/Carl_Schweninger_der_J%C3%BCngere\" target=\"_blank\"><img loading=\"lazy\" decoding=\"async\" class=\"\" src=\"https:\/\/upload.wikimedia.org\/wikipedia\/commons\/thumb\/1\/1b\/Carl_Schweninger_junior_Das_Stelldichein.jpg\/604px-Carl_Schweninger_junior_Das_Stelldichein.jpg\" alt=\"\" width=\"331\" height=\"421\" \/><\/a><p class=\"wp-caption-text\">&#8222;Das Stelldichein&#8220; von Carl Schweninger. (Dorotheum, PD)<\/p><\/div>\n<p>Dass der Nachfolger oder die Nachfolgerin eine gute <em>Einstellung <\/em>zur Arbeit hat (hier ist nl. <em>instelling <\/em>durchaus m\u00f6glich, aber auch <em>attitude <\/em>oder \u00e4hnlich wie auf Deutsch <em>houding<\/em>), setzen wir nat\u00fcrlich voraus. Ebenso dass er oder sie sich am ersten Arbeitstag p\u00fcnktlich <em>einstellt <\/em>(nl. <em>verschijnen <\/em>oder <em>opdagen<\/em>). Es muss ja nicht gleich in ein <em>Stelldichein<\/em> m\u00fcnden (das Niederl\u00e4ndische benutzt hier das allgemein-franz\u00f6sische <em>rendez-vous<\/em>, von dem das mindestens ebenso altbackene <em>Stelldichein<\/em> abgeleitet ist \u2013 oder aber man greift gleich zum englischen <em>date<\/em>). Vielleicht haben wir besonders gro\u00dfes Gl\u00fcck und es findet sich sogar jemand, der oder die Lust hat, mit uns zu bloggen. Die <em>Einstellungen <\/em>(nl. tats\u00e4chlich: <em>instellingen<\/em>) unseres Content-Management-Systems sind jedenfalls schnell erkl\u00e4rt, daran wird es nicht scheitern. Es ist n\u00e4mlich wirklich nicht schwierig, einen neuen Beitrag ins Internet <em>einzustellen<\/em> (nl. <em>op internet plaatsen <\/em>oder auch <em>uploaden<\/em>)<\/p>\n<p>Wer auch immer zu uns st\u00f6\u00dft: An einer wissenschaftlichen <em>instelling <\/em>(dt. <em>Einrichtung<\/em>) wie der <a href=\"https:\/\/blogs.fu-berlin.de\/nederlands\/2015\/03\/31\/vrij\/\" target=\"_blank\">FU Berlin<\/a> zu arbeiten ist <a href=\"https:\/\/www.facebook.com\/permalink.php?story_fbid=1806275092933015&amp;id=1736607239899801\" target=\"_blank\">im Gro\u00dfen und Ganzen<\/a> wirklich eine gute Erfahrung. Das wei\u00df auch unsere Kollegin <a href=\"https:\/\/blogs.fu-berlin.de\/nederlands\/author\/truusdewilde\/\" target=\"_blank\">Truus De Wilde<\/a>, und deshalb freuen wir uns sehr \u00fcber die Neuigkeit, dass sie weitere drei Jahre bei uns bleibt und ganz bestimmt f\u00fcr unser Blog noch viele neue Ideen hat.<\/p>\n","protected":false},"excerpt":{"rendered":"<p>Demn\u00e4chst verl\u00e4sst uns ein Kollege aus der Literaturwissenschaft, um eine spannende neue Besch\u00e4ftigung au\u00dferhalb der Universit\u00e4t zu beginnen. Noch wissen wir nicht, wie die Nachfolge aussieht, aber wir hoffen nat\u00fcrlich darauf, dass wir bald jemanden einstellen k\u00f6nnen. Das Verb einstellen ist fast schon ein Universalwort im Deutschen, ebenso die davon abgeleitete Einstellung. Das Wort zerstreut [&hellip;]<\/p>\n","protected":false},"author":2044,"featured_media":0,"comment_status":"open","ping_status":"open","sticky":false,"template":"","format":"standard","meta":{"footnotes":""},"categories":[3099,6940],"tags":[44141],"class_list":["post-11688","post","type-post","status-publish","format-standard","hentry","category-sprachvergleich","category-wortschatz","tag-beitraege-auf-deutsch"],"_links":{"self":[{"href":"https:\/\/blogs.fu-berlin.de\/nederlands\/wp-json\/wp\/v2\/posts\/11688","targetHints":{"allow":["GET"]}}],"collection":[{"href":"https:\/\/blogs.fu-berlin.de\/nederlands\/wp-json\/wp\/v2\/posts"}],"about":[{"href":"https:\/\/blogs.fu-berlin.de\/nederlands\/wp-json\/wp\/v2\/types\/post"}],"author":[{"embeddable":true,"href":"https:\/\/blogs.fu-berlin.de\/nederlands\/wp-json\/wp\/v2\/users\/2044"}],"replies":[{"embeddable":true,"href":"https:\/\/blogs.fu-berlin.de\/nederlands\/wp-json\/wp\/v2\/comments?post=11688"}],"version-history":[{"count":10,"href":"https:\/\/blogs.fu-berlin.de\/nederlands\/wp-json\/wp\/v2\/posts\/11688\/revisions"}],"predecessor-version":[{"id":11719,"href":"https:\/\/blogs.fu-berlin.de\/nederlands\/wp-json\/wp\/v2\/posts\/11688\/revisions\/11719"}],"wp:attachment":[{"href":"https:\/\/blogs.fu-berlin.de\/nederlands\/wp-json\/wp\/v2\/media?parent=11688"}],"wp:term":[{"taxonomy":"category","embeddable":true,"href":"https:\/\/blogs.fu-berlin.de\/nederlands\/wp-json\/wp\/v2\/categories?post=11688"},{"taxonomy":"post_tag","embeddable":true,"href":"https:\/\/blogs.fu-berlin.de\/nederlands\/wp-json\/wp\/v2\/tags?post=11688"}],"curies":[{"name":"wp","href":"https:\/\/api.w.org\/{rel}","templated":true}]}}