{"id":1173,"date":"2014-03-31T13:41:22","date_gmt":"2014-03-31T11:41:22","guid":{"rendered":"https:\/\/blogs.fu-berlin.de\/nederlands\/?p=1173"},"modified":"2014-03-31T13:40:16","modified_gmt":"2014-03-31T11:40:16","slug":"durf-te-denken","status":"publish","type":"post","link":"https:\/\/blogs.fu-berlin.de\/nederlands\/2014\/03\/31\/durf-te-denken\/","title":{"rendered":"durf (te) denken"},"content":{"rendered":"<p>Vaak zijn de verschillen tussen het Nederlands in Nederland en in\u00a0Belgi\u00eb \u00e9cht niet zo groot. Kijk maar eens naar dit mooie duo.<\/p>\n<p>De slogan van de Universiteit Gent (in Belgi\u00eb dus) is <strong><a href=\"https:\/\/www.ugent.be\/nl\/univgent\/waarvoor-staat-ugent\/durfdenken\" target=\"_blank\">durf denken<\/a><\/strong>\u00a0en de\u00a0slogan van Het Nieuwe Denken, een veelzijdige samenwerking tussen Omroep Human en Denkstation Brandstof (in Nederland dus) is <strong><a href=\"https:\/\/www.durftedenken.nl\/\" target=\"_blank\">durf te denken<\/a><\/strong>.<\/p>\n<p>Wel of niet <em>te<\/em> na <em>durven<\/em>? Het kan <a href=\"https:\/\/taaladvies.net\/taal\/advies\/vraag\/234\" target=\"_blank\">allebei<\/a>, de versie met <em>te<\/em> is standaardtaal in het hele taalgebied, de versie zonder <em>te<\/em> is standaardtaal in Belgi\u00eb.<\/p>\n<p>Wie meer wil weten over de hele <em>te<\/em>-problematiek kan ook de lemma&#8217;s over <a href=\"https:\/\/taaladvies.net\/taal\/advies\/vraag\/1476\" target=\"_blank\">helpen (te)<\/a> en <a href=\"https:\/\/taaladvies.net\/taal\/advies\/vraag\/84\" target=\"_blank\">beginnen (te)<\/a> bekijken.<\/p>\n<p>Wie <a title=\"Ge\u00efrriteerd\/irritiert\" href=\"https:\/\/blogs.fu-berlin.de\/nederlands\/2014\/03\/27\/geirriteerd\/\" target=\"_blank\">nog eens<\/a> wil experimenteren met het <em>Europarl-<\/em>corpus kan dus nu ook nagaan of de vertalers vooral met of zonder <em>te<\/em> vertalen.<\/p>\n","protected":false},"excerpt":{"rendered":"<p>Vaak zijn de verschillen tussen het Nederlands in Nederland en in\u00a0Belgi\u00eb \u00e9cht niet zo groot. Kijk maar eens naar dit mooie duo. De slogan van de Universiteit Gent (in Belgi\u00eb dus) is durf denken\u00a0en de\u00a0slogan van Het Nieuwe Denken, een veelzijdige samenwerking tussen Omroep Human en Denkstation Brandstof (in Nederland dus) is durf te denken. [&hellip;]<\/p>\n","protected":false},"author":1839,"featured_media":0,"comment_status":"open","ping_status":"open","sticky":false,"template":"","format":"standard","meta":{"footnotes":""},"categories":[2983,23489,720,23488],"tags":[],"class_list":["post-1173","post","type-post","status-publish","format-standard","hentry","category-belgien","category-grammatik","category-niederlande","category-sprachvariation"],"_links":{"self":[{"href":"https:\/\/blogs.fu-berlin.de\/nederlands\/wp-json\/wp\/v2\/posts\/1173","targetHints":{"allow":["GET"]}}],"collection":[{"href":"https:\/\/blogs.fu-berlin.de\/nederlands\/wp-json\/wp\/v2\/posts"}],"about":[{"href":"https:\/\/blogs.fu-berlin.de\/nederlands\/wp-json\/wp\/v2\/types\/post"}],"author":[{"embeddable":true,"href":"https:\/\/blogs.fu-berlin.de\/nederlands\/wp-json\/wp\/v2\/users\/1839"}],"replies":[{"embeddable":true,"href":"https:\/\/blogs.fu-berlin.de\/nederlands\/wp-json\/wp\/v2\/comments?post=1173"}],"version-history":[{"count":8,"href":"https:\/\/blogs.fu-berlin.de\/nederlands\/wp-json\/wp\/v2\/posts\/1173\/revisions"}],"predecessor-version":[{"id":1511,"href":"https:\/\/blogs.fu-berlin.de\/nederlands\/wp-json\/wp\/v2\/posts\/1173\/revisions\/1511"}],"wp:attachment":[{"href":"https:\/\/blogs.fu-berlin.de\/nederlands\/wp-json\/wp\/v2\/media?parent=1173"}],"wp:term":[{"taxonomy":"category","embeddable":true,"href":"https:\/\/blogs.fu-berlin.de\/nederlands\/wp-json\/wp\/v2\/categories?post=1173"},{"taxonomy":"post_tag","embeddable":true,"href":"https:\/\/blogs.fu-berlin.de\/nederlands\/wp-json\/wp\/v2\/tags?post=1173"}],"curies":[{"name":"wp","href":"https:\/\/api.w.org\/{rel}","templated":true}]}}