{"id":11909,"date":"2016-04-08T11:21:29","date_gmt":"2016-04-08T09:21:29","guid":{"rendered":"https:\/\/blogs.fu-berlin.de\/nederlands\/?p=11909"},"modified":"2017-01-08T13:26:53","modified_gmt":"2017-01-08T12:26:53","slug":"frank-holland-und-seine-verwandten","status":"publish","type":"post","link":"https:\/\/blogs.fu-berlin.de\/nederlands\/2016\/04\/08\/frank-holland-und-seine-verwandten\/","title":{"rendered":"Frank Holland und seine Verwandten"},"content":{"rendered":"<p><strong><img loading=\"lazy\" decoding=\"async\" class=\" wp-image-12120 alignleft\" src=\"https:\/\/blogs.fu-berlin.de\/nederlands\/files\/2016\/03\/Franz\u00f6sischBuchstaben.jpg\" alt=\"Franz\u00f6sischBuchstaben\" width=\"53\" height=\"52\" \/>Teil 4 einer kleinen Serie \u00fcber Niederl\u00e4ndisch und Franz\u00f6sisch (und mehr).<\/strong><\/p>\n<p>Die Geschichte Frankreichs ist ein kleiner Witzbold und hat es so gewollt, dass das Land von einem Mann regiert wird, der wie ein anderes Land hei\u00dft. Zwar nennt sich Fran\u00e7ois Hollande mit Vornamen <em>Franzose<\/em> oder <em>Franke<\/em> (je nachdem, <a href=\"https:\/\/fr.wikipedia.org\/wiki\/Fran%C3%A7ois#.C3.89tymologie_-_Fran.C3.A7ois.2C_Francia.2C_Frank\" target=\"_blank\">wie weit man zur\u00fcckgehen will<\/a>). Sein Nachname behauptet aber etwas anderes. Herr Holland ist mit seinem Namen in Frankreich durchaus eine Seltenheit. Nur <a href=\"https:\/\/www.genealogie.com\/nom-de-famille\/Hollande.html\" target=\"_blank\">wenige hundert Menschen<\/a> tragen in Frankreich diesen Nachnamen, und es ist kaum verwunderlich, dass die meisten davon im Norden wohnen. Dort hat auch der Pr\u00e4sident seinen Familienhintergrund. Seine <a href=\"https:\/\/www.lavie.fr\/actualite\/france\/francois-hollande-des-origines-protestantes-hollandaises-04-05-2012-27124_4.php\" target=\"_blank\">Vorfahren<\/a> waren holl\u00e4ndische Calvinisten, die in Frankreich Schutz vor den Religionskriegen suchten und am Ende doch zum Katholizismus konvertierten.<\/p>\n<p>In der Sprachstruktur kann man das germanische Erbe beim Pr\u00e4sidenten noch an manchen Stellen sp\u00fcren. Genau wie bei der Regionsbezeichnung <em>la Hollande <\/em>beginnt das Wort mit einem <em>h aspir\u00e9<\/em>. Es ist zwar genauso wenig h\u00f6rbar wie das geschriebene\u00a0<em>H <\/em>im Franz\u00f6sischen immer ist. Aber es verhindert die Bindung mit dem vorangehenden Wort. \u201aHollandes Politik\u2018 ist also nicht *<em>la politique d\u2019Hollande<\/em> sondern <em>la politique de Hollande<\/em>.<\/p>\n<p>In Deutschland ist der Name <em>Holland <\/em><a href=\"https:\/\/legacy.stoepel.net\/de\/MapGateway.aspx?name=Holland&amp;target=DE&amp;renderer=DE_DE&amp;mode=rel\" target=\"_blank\">etwas verbreiteter<\/a>, mit einem interessanten regionalen Schwerpunkt an der Grenze zwischen Th\u00fcringen und Franken. Zus\u00e4tzlich findet man auch den abgeleiteten Namen <em>Holl\u00e4nder<\/em>, der auch in Frankreich <a href=\"https:\/\/www.genealogie.com\/nom-de-famille\/HOLLAENDER.html\" target=\"_blank\">sporadisch vorkommt<\/a> (bisweilen geschrieben als <em>Olender<\/em>, das <em>H <\/em>hat sich dann auch schon aus der Schreibweise verabschiedet). Wenig \u00fcberraschend gibt es diese Formen vor allem am Rand des germanischsprachigen Raums, n\u00e4mlich wiederum im Norden, im Elsass und in Lothringen.<\/p>\n<div style=\"width: 344px\" class=\"wp-caption alignright\"><a href=\"https:\/\/commons.wikimedia.org\/wiki\/File:Aan_de_telefoon_%287837790390%29.jpg\" target=\"_blank\"><img loading=\"lazy\" decoding=\"async\" src=\"https:\/\/upload.wikimedia.org\/wikipedia\/commons\/thumb\/6\/60\/Aan_de_telefoon_%287837790390%29.jpg\/1024px-Aan_de_telefoon_%287837790390%29.jpg\" alt=\"\" width=\"334\" height=\"222\" \/><\/a><p class=\"wp-caption-text\">Holland telefoniert mit Hollande: Mark Rutte im Gespr\u00e4ch mit dem franz\u00f6sischen Pr\u00e4sidenten. (Foto: Mark Rutte, CC-BY-SA-2.0)<\/p><\/div>\n<p>In Deutschland sind nicht nur Menschen namens <em>Holl\u00e4nder <\/em>nachweisbar, sondern auch der <a href=\"https:\/\/legacy.stoepel.net\/de\/MapGateway.aspx?name=Hollander&amp;target=DE&amp;renderer=DE_DE&amp;mode=rel\" target=\"_blank\">Familienname <em>Hollander<\/em><\/a>. Wer den Herkunftsnamen nach niederl\u00e4ndischem Muster ohne Umlaut bildet, kommt oft aus der N\u00e4he des niederl\u00e4ndischen Sprachgebiets im \u00e4u\u00dfersten Nordwesten Deutschlands. Warum sich die Familie <em>Niederl\u00e4nder<\/em> dagegen ausgerechnet <a href=\"https:\/\/legacy.stoepel.net\/de\/MapGateway.aspx?name=Niederl%c3%a4nder&amp;target=DE&amp;renderer=DE_DE&amp;mode=abs\" target=\"_blank\">im Saarland ballt<\/a>, ist im Moment noch r\u00e4tselhaft.<\/p>\n<p>Viel verbreiteter als der Bezug zu Holland ist in Frankreich der Bezug zu Flandern. Der Name <em>Flamand<\/em> <a href=\"https:\/\/www.genealogie.com\/nom-de-famille\/Flamand.html\" target=\"_blank\">kommt deutlich h\u00e4ufiger vor<\/a> und erstreckt sich sogar ziemlich weit nach S\u00fcdosten bis ins Rh\u00f4ne-Tal. Die Schreibweise <em>Flamant <\/em>ist st\u00e4rker begrenzt auf die <a href=\"https:\/\/www.genealogie.com\/nom-de-famille\/FLAMANT.html\" target=\"_blank\">Regionen im Norden<\/a>, die fr\u00fcher Teil Flanderns waren und wo als Regionalsprache die fl\u00e4mischen Dialekte noch ein kleines bisschen erhalten sind. In Deutschland sind Ableitungen von Flandern als Familiennamen viel seltener. Dabei ist schwer zu entscheiden, nach welchen Formen man \u00fcberhaupt suchen sollte. <em>Flame<\/em>, <em>Fl\u00e4misch <\/em>und \u00e4hnliche Namen sind praktisch nicht zu finden. <em>Flamisch <\/em>kommt zwar vor \u2013 aber ob der Name wirklich von <em>Fl\u00e4misch <\/em>abstammt, l\u00e4sst sich auf die Schnelle nicht \u00fcberpr\u00fcfen. Am wahrscheinlichsten d\u00fcrfte ein fl\u00e4mischer Hintergrund bei der Familie <em>Vlaminck <\/em>sein, die sich im Raum Osnabr\u00fcck tummelt.<\/p>\n<p>Fran\u00e7ois Hollande ist \u00fcbrigens nicht der erste franz\u00f6sische Pr\u00e4sident, der seinen Namen einer Region au\u00dferhalb Frankreichs verdankt. Es gibt da n\u00e4mlich noch seinen Vorg\u00e4nger, der auch wieder sein Nachfolger werden m\u00f6chte. Nicolas Sarkozy, mit vollem Namen Nicolas Paul St\u00e9phane Sark\u00f6zy de Nagy-Bocsa, tr\u00e4gt auch einen Herkunftsnamen. <a href=\"https:\/\/fr.wikipedia.org\/wiki\/Famille_Sarkozy\" target=\"_blank\">Seine Vorfahren<\/a> kamen aus der <a href=\"https:\/\/fr.wikipedia.org\/wiki\/S%C3%A1rk%C3%B6z\" target=\"_blank\">Region S\u00e1rk\u00f6z<\/a> im s\u00fcdlichen Ungarn. Wen die Franzosen n\u00e4chstes Jahr w\u00e4hlen, m\u00fcssen wir abwarten. Der Eine ist notorisch unbeliebt, der Andere wird wom\u00f6glich bald wegen Korruption verurteilt. Ob die W\u00e4hler am Ende wirklich zwischen Holland und S\u00fcdungarn entscheiden k\u00f6nnen, ist reichlich ungewiss.<\/p>\n","protected":false},"excerpt":{"rendered":"<p>Teil 4 einer kleinen Serie \u00fcber Niederl\u00e4ndisch und Franz\u00f6sisch (und mehr). Die Geschichte Frankreichs ist ein kleiner Witzbold und hat es so gewollt, dass das Land von einem Mann regiert wird, der wie ein anderes Land hei\u00dft. Zwar nennt sich Fran\u00e7ois Hollande mit Vornamen Franzose oder Franke (je nachdem, wie weit man zur\u00fcckgehen will). Sein [&hellip;]<\/p>\n","protected":false},"author":2044,"featured_media":0,"comment_status":"open","ping_status":"open","sticky":false,"template":"","format":"standard","meta":{"footnotes":""},"categories":[720,3099,6941],"tags":[44141,116],"class_list":["post-11909","post","type-post","status-publish","format-standard","hentry","category-niederlande","category-sprachvergleich","category-wortbildung","tag-beitraege-auf-deutsch","tag-politik"],"_links":{"self":[{"href":"https:\/\/blogs.fu-berlin.de\/nederlands\/wp-json\/wp\/v2\/posts\/11909","targetHints":{"allow":["GET"]}}],"collection":[{"href":"https:\/\/blogs.fu-berlin.de\/nederlands\/wp-json\/wp\/v2\/posts"}],"about":[{"href":"https:\/\/blogs.fu-berlin.de\/nederlands\/wp-json\/wp\/v2\/types\/post"}],"author":[{"embeddable":true,"href":"https:\/\/blogs.fu-berlin.de\/nederlands\/wp-json\/wp\/v2\/users\/2044"}],"replies":[{"embeddable":true,"href":"https:\/\/blogs.fu-berlin.de\/nederlands\/wp-json\/wp\/v2\/comments?post=11909"}],"version-history":[{"count":11,"href":"https:\/\/blogs.fu-berlin.de\/nederlands\/wp-json\/wp\/v2\/posts\/11909\/revisions"}],"predecessor-version":[{"id":12143,"href":"https:\/\/blogs.fu-berlin.de\/nederlands\/wp-json\/wp\/v2\/posts\/11909\/revisions\/12143"}],"wp:attachment":[{"href":"https:\/\/blogs.fu-berlin.de\/nederlands\/wp-json\/wp\/v2\/media?parent=11909"}],"wp:term":[{"taxonomy":"category","embeddable":true,"href":"https:\/\/blogs.fu-berlin.de\/nederlands\/wp-json\/wp\/v2\/categories?post=11909"},{"taxonomy":"post_tag","embeddable":true,"href":"https:\/\/blogs.fu-berlin.de\/nederlands\/wp-json\/wp\/v2\/tags?post=11909"}],"curies":[{"name":"wp","href":"https:\/\/api.w.org\/{rel}","templated":true}]}}