{"id":12438,"date":"2016-07-29T09:20:01","date_gmt":"2016-07-29T07:20:01","guid":{"rendered":"https:\/\/blogs.fu-berlin.de\/nederlands\/?p=12438"},"modified":"2016-10-25T16:57:53","modified_gmt":"2016-10-25T14:57:53","slug":"alumnis-laus-1","status":"publish","type":"post","link":"https:\/\/blogs.fu-berlin.de\/nederlands\/2016\/07\/29\/alumnis-laus-1\/","title":{"rendered":"Alumnis laus! &#8211; 1"},"content":{"rendered":"<p lang=\"de-DE\"><img loading=\"lazy\" decoding=\"async\" class=\"alignleft\" src=\"https:\/\/upload.wikimedia.org\/wikipedia\/commons\/9\/92\/Open_book_nae_02.svg\" width=\"93\" height=\"52\" \/>Flandern und die Niederlande sind gemeinsam die diesj\u00e4hrigen Ehreng\u00e4ste der <a href=\"https:\/\/www.buchmesse.de\/de\/\" target=\"_blank\">68. Frankfurter Buchmesse<\/a>.<br \/>\nWir stellen \u00dcbersetzerinnen und \u00dcbersetzer mit FU-Vergangenheit vor.<\/p>\n<p>&nbsp;<\/p>\n<p><a href=\"https:\/\/de.wikipedia.org\/wiki\/Marlene_M%C3%BCller-Haas\" target=\"_blank\"><strong>Marlene M\u00fcller-Haas<\/strong><\/a> hat an der FU, sowie an der Universiteit van Amsterdam Kunstgeschichte, Niederlandistik und Germanistik studiert. Von 1979 &#8211; 1988 war sie wissenschaftliche Mitarbeiterin der Niederl\u00e4ndischen Philologie am Fachbereich Germanistik&#8230; und mir (der Anf\u00e4ngerin) eine teure Kollegin.<\/p>\n<div style=\"width: 160px\" class=\"wp-caption alignright\"><a href=\"https:\/\/blogs.fu-berlin.de\/nederlands\/files\/2016\/06\/VitrineMutsaers-4.jpg\" target=\"_blank\"><img loading=\"lazy\" decoding=\"async\" src=\"https:\/\/blogs.fu-berlin.de\/nederlands\/files\/2016\/06\/VitrineMutsaers-4.jpg\" width=\"150\" height=\"113\" \/><\/a><p class=\"wp-caption-text\">Rachels R\u00f6ckchen<\/p><\/div>\n<p>Ihre \u00dcbersetzung von <em>Rachels rokje<\/em> \/<em> <a href=\"https:\/\/blogs.fu-berlin.de\/nederlands\/2016\/07\/11\/was-wir-teilen-wat-wij-delen-7\/\" target=\"_blank\">Rachels R\u00f6ckchen<\/a><\/em> haben wir bereits erw\u00e4hnt. Von derselben Autorin, <strong>Charlotte Mutsaers<\/strong>, \u00fcbersetzte sie Essays aus u.a.<strong>\u00a0<\/strong><em>Kersebloed<\/em> \/ Kirschenblut, Hanser, M\u00fcnchen 2001, wof\u00fcr sie 2002 mit dem Else-Otten-Preis ausgezeichnet wurde.<\/p>\n<p>Marlene M\u00fcller-Haas hat sich \u2013 wenn ich das so sagen darf \u2013 \u00fcberwiegend mit Autoren befasst, die, jenseits vom <em>Mainstream,<\/em> grossartige B\u00fccher geschrieben haben.<\/p>\n<p><b>Thomas Roosenboom<\/b> ist in Deutschland kaum bekannt, aber lesenswert. Die \u00dcbersetzung von <i>Publieke werken<\/i> \/ <em>Neue Zeiten<\/em> trug Marlene M\u00fcller-Haas dickes <a href=\"https:\/\/www.perlentaucher.de\/buch\/thomas-rosenboom\/neue-zeiten.html\" target=\"_blank\">Lob<\/a> der Neuen Z\u00fcrcher Zeitung und der S\u00fcddeutschen Zeitung ein. Der historische Roman spielt um die vorige Jahrhundertwende. Im Mittelpunkt stehen zwei tragikomische Helden, der Landapotheker Anijs, dessen Herz f\u00fcr die Torfstecher, deren Los er verbessern will, schl\u00e4gt, und der Geigenbauer Vedder aus Amsterdam, dessen Haus einem Hotelneubau weichen soll. Sie geraten in den Strudel der neuen Zeit und scheitern &#8230;<\/p>\n<p><strong>Armando<\/strong>, bildender K\u00fcnstler und Schriftsteller, wuchs im Schatten des Lagers Amersfoort auf und hat in seiner Kunst, wie in seinem literarischen Werk diese Vergangenheit verarbeitet. Ab 1979 wohnte er 25 Jahre lang abwechselnd in Berlin (er arbeitete zun\u00e4chst im Atelier Arno Brekers) und in den Niederlanden. Marlene M\u00fcller-Haas hat (zusammen mit anderen) Werke von ihm \u00fcbersetzt.<\/p>\n<p><strong>Arthur Japin<\/strong> schrieb <em>De zwarte met het witte hart<\/em> <em>\/ <a href=\"https:\/\/www.welt.de\/print-welt\/article590272\/Anpassung-oder-Widerstand.html\" target=\"_blank\">Der Schwarze mit dem wei\u00dfen Herzen<\/a><\/em>, M\u00fcnchen 1999 \u2013 einen Roman \u00fcber zwei ghanesische Prinzen, die K\u00f6nig Willem II. zum Geschenk gemacht wurden. Sie wuchsen in den Niederlanden auf. Der eine beging Selbstmord, der andere endete nach einem Bergbaustudium im s\u00e4chsischen Freiberg in Niederl\u00e4ndisch-Indien (jetzt: Indonesien).<\/p>\n<p><strong>DEMN\u00c4CHST&#8230;<\/strong><\/p>\n<div style=\"width: 157px\" class=\"wp-caption alignleft\"><a href=\"https:\/\/commons.wikimedia.org\/wiki\/File:Self-Portrait_%28Self-Portrait_in_Surreal_Landscape%29,_1939.jpg?uselang\" target=\"_blank\"><img loading=\"lazy\" decoding=\"async\" class=\"\" src=\"https:\/\/upload.wikimedia.org\/wikipedia\/commons\/thumb\/8\/8b\/Self-Portrait_%28Self-Portrait_in_Surreal_Landscape%29%2C_1939.jpg\/451px-Self-Portrait_%28Self-Portrait_in_Surreal_Landscape%29%2C_1939.jpg\" width=\"147\" height=\"195\" \/><\/a><p class=\"wp-caption-text\">Nussbaum: Selbstportr\u00e4t (PD-old-70)<\/p><\/div>\n<p>Die \u00dcbersetzung der Biographie von Eva Rovers \u00fcber <a href=\"https:\/\/de.wikipedia.org\/wiki\/Helene_Kr%C3%B6ller-M%C3%BCller\" target=\"_blank\">Helene Kr\u00f6ller-M\u00fcller<\/a><em>,<\/em> die Frau, die an der Wiege der Sammlung des <a href=\"https:\/\/krollermuller.nl\/de\" target=\"_blank\">Kr\u00f6ller-M\u00fcllers-Museum<\/a> stand. <em>Helene Kr\u00f6ller-M\u00fcller, <\/em><em>Sammeln f\u00fcr die Ewigkeit<\/em>, erscheint am 4.10. im Athena Verlag.<\/p>\n<p>Am 8. September kommt <a href=\"https:\/\/www.galiani.de\/buch\/orgelmann-felix-nussbaum-ein-malerleben\/978-3-86971-135-5\/\" target=\"_blank\"><em>Orgelmann. Felix Nussbaum &#8211; ein Malerleben<\/em><\/a> von Mark Schaevers in den Buchhandel. Felix Nussbaum, nach Belgien geflohen, entkam der Vernichtungsmaschine der Nationalsozialisten nicht.<\/p>\n<p>Von <strong>Adriaan van Dis<\/strong> erscheint <em>Ik kom terug<\/em> \/ <a href=\"https:\/\/www.droemer-knaur.de\/buch\/9047873\/das-verborgene-leben-meiner-mutter\" target=\"_blank\"><em>Das verborgene Leben meiner Mutter<\/em><\/a><em>.<\/em> Van Dis nimmt Abschied von seiner Mutter und reflektiert seine Herkunft: niederl\u00e4ndische Mutter, niederl\u00e4ndisch-indischer (<a href=\"https:\/\/blogs.fu-berlin.de\/nederlands\/category\/asienostindien\/\" target=\"_blank\">Indonesien<\/a>) Vater.<\/p>\n","protected":false},"excerpt":{"rendered":"<p>Flandern und die Niederlande sind gemeinsam die diesj\u00e4hrigen Ehreng\u00e4ste der 68. Frankfurter Buchmesse. Wir stellen \u00dcbersetzerinnen und \u00dcbersetzer mit FU-Vergangenheit vor. &nbsp; Marlene M\u00fcller-Haas hat an der FU, sowie an der Universiteit van Amsterdam Kunstgeschichte, Niederlandistik und Germanistik studiert. Von 1979 &#8211; 1988 war sie wissenschaftliche Mitarbeiterin der Niederl\u00e4ndischen Philologie am Fachbereich Germanistik&#8230; und mir [&hellip;]<\/p>\n","protected":false},"author":1834,"featured_media":0,"comment_status":"open","ping_status":"open","sticky":false,"template":"","format":"standard","meta":{"footnotes":""},"categories":[1],"tags":[44141,1542,71799],"class_list":["post-12438","post","type-post","status-publish","format-standard","hentry","category-allgemein","tag-beitraege-auf-deutsch","tag-kultur","tag-was-wir-teilen"],"_links":{"self":[{"href":"https:\/\/blogs.fu-berlin.de\/nederlands\/wp-json\/wp\/v2\/posts\/12438","targetHints":{"allow":["GET"]}}],"collection":[{"href":"https:\/\/blogs.fu-berlin.de\/nederlands\/wp-json\/wp\/v2\/posts"}],"about":[{"href":"https:\/\/blogs.fu-berlin.de\/nederlands\/wp-json\/wp\/v2\/types\/post"}],"author":[{"embeddable":true,"href":"https:\/\/blogs.fu-berlin.de\/nederlands\/wp-json\/wp\/v2\/users\/1834"}],"replies":[{"embeddable":true,"href":"https:\/\/blogs.fu-berlin.de\/nederlands\/wp-json\/wp\/v2\/comments?post=12438"}],"version-history":[{"count":99,"href":"https:\/\/blogs.fu-berlin.de\/nederlands\/wp-json\/wp\/v2\/posts\/12438\/revisions"}],"predecessor-version":[{"id":13161,"href":"https:\/\/blogs.fu-berlin.de\/nederlands\/wp-json\/wp\/v2\/posts\/12438\/revisions\/13161"}],"wp:attachment":[{"href":"https:\/\/blogs.fu-berlin.de\/nederlands\/wp-json\/wp\/v2\/media?parent=12438"}],"wp:term":[{"taxonomy":"category","embeddable":true,"href":"https:\/\/blogs.fu-berlin.de\/nederlands\/wp-json\/wp\/v2\/categories?post=12438"},{"taxonomy":"post_tag","embeddable":true,"href":"https:\/\/blogs.fu-berlin.de\/nederlands\/wp-json\/wp\/v2\/tags?post=12438"}],"curies":[{"name":"wp","href":"https:\/\/api.w.org\/{rel}","templated":true}]}}