{"id":12577,"date":"2016-05-28T10:38:25","date_gmt":"2016-05-28T08:38:25","guid":{"rendered":"https:\/\/blogs.fu-berlin.de\/nederlands\/?p=12577"},"modified":"2016-06-07T12:13:12","modified_gmt":"2016-06-07T10:13:12","slug":"was-wir-teilen-wat-wij-delen-1","status":"publish","type":"post","link":"https:\/\/blogs.fu-berlin.de\/nederlands\/2016\/05\/28\/was-wir-teilen-wat-wij-delen-1\/","title":{"rendered":"Was wir teilen  |   Wat wij delen &#8211; 1"},"content":{"rendered":"<p><img loading=\"lazy\" decoding=\"async\" class=\"alignleft\" src=\"https:\/\/upload.wikimedia.org\/wikipedia\/commons\/9\/92\/Open_book_nae_02.svg\" width=\"93\" height=\"52\" \/>Flandern und die Niederlande sind gemeinsam die diesj\u00e4hrigen Ehreng\u00e4ste der <a href=\"https:\/\/www.buchmesse.de\/de\/\" target=\"_blank\">68. Frankfurter Buchmesse<\/a>. Trotz aller Unterschiede, die zwischen der fl\u00e4mischen und der niederl\u00e4ndischen Gesellschaft bestehen, teilen die beiden nicht nur eine Sprache miteinander, wie Bart Moeyaert, K\u00fcnstlerischer Leiter des Ehrengastauftritts, in seinem Programm f\u00fcr die Buchmesse im kommenden Herbst betont. Unter dem Motto \u201eDit is wat we delen\u201d (Dies ist, was wir teilen) sp\u00fcrt er den Elementen nach, die Flandern und die Niederlande noch immer verbinden: ihre Lage zur Nordsee, ihr Verh\u00e4ltnis zum Wasser, die gemeinsame Geschichte, eine lange Tradition des Buchdruckgewerbes und nat\u00fcrlich ihre reiche, zusammenh\u00e4ngende literarische Landschaft.<\/p>\n<div id=\"attachment_12582\" style=\"width: 340px\" class=\"wp-caption alignright\"><a href=\"https:\/\/blogs.fu-berlin.de\/nederlands\/files\/2018\/05\/WatWijDelen.jpg\" target=\"_blank\"><img loading=\"lazy\" decoding=\"async\" aria-describedby=\"caption-attachment-12582\" class=\"wp-image-12582\" src=\"https:\/\/blogs.fu-berlin.de\/nederlands\/files\/2018\/05\/WatWijDelen-300x225.jpg\" alt=\"WatWijDelen\" width=\"330\" height=\"248\" srcset=\"https:\/\/blogs.fu-berlin.de\/nederlands\/files\/2018\/05\/WatWijDelen-300x225.jpg 300w, https:\/\/blogs.fu-berlin.de\/nederlands\/files\/2018\/05\/WatWijDelen-768x576.jpg 768w, https:\/\/blogs.fu-berlin.de\/nederlands\/files\/2018\/05\/WatWijDelen-1024x768.jpg 1024w, https:\/\/blogs.fu-berlin.de\/nederlands\/files\/2018\/05\/WatWijDelen.jpg 2048w\" sizes=\"auto, (max-width: 330px) 100vw, 330px\" \/><\/a><p id=\"caption-attachment-12582\" class=\"wp-caption-text\">Die Vitrine in der Philologischen Bibliothek (Hauptgang im Erdgeschoss, hinten links neben der Info-Theke).<\/p><\/div>\n<p>In der Philologischen Bibliothek der FU haben wir entsprechend dem Konzept unserer Studentin Anne-Marie Zabel eine kleine Ausstellung eingerichtet mit B\u00fcchern im niederl\u00e4ndischen Original und in deutscher \u00dcbersetzung. Die ausgestellten B\u00fccher aus dem Bestand sind ganz pers\u00f6nliche Lekt\u00fcreempfehlungen, die Lehrende des Instituts f\u00fcr Deutsche und Niederl\u00e4ndische Philologie mit den Besucherinnen und Besuchern der Bibliothek teilen m\u00f6chten. Dabei geht es nicht darum, ein einheitliches (oder gar vollst\u00e4ndiges) Bild dieser Region zu zeichnen oder einen literarischen Kanon vorzustellen. Im besten Fall macht es neugierig und l\u00e4dt dazu ein, unsere Nachbarn westlich der Ems und der Eifel, wo der Rhein in die Nordsee m\u00fcndet und wo \u201ezee\u201d Meer und \u201emeer\u201d See bedeutet, besser, anders oder neu kennenzulernen.<\/p>\n<p>Wir werden diese Lekt\u00fcreempfehlungen nach und nach in unserem Blog ver\u00f6ffentlichen.<\/p>\n","protected":false},"excerpt":{"rendered":"<p>Flandern und die Niederlande sind gemeinsam die diesj\u00e4hrigen Ehreng\u00e4ste der 68. Frankfurter Buchmesse. Trotz aller Unterschiede, die zwischen der fl\u00e4mischen und der niederl\u00e4ndischen Gesellschaft bestehen, teilen die beiden nicht nur eine Sprache miteinander, wie Bart Moeyaert, K\u00fcnstlerischer Leiter des Ehrengastauftritts, in seinem Programm f\u00fcr die Buchmesse im kommenden Herbst betont. Unter dem Motto \u201eDit is [&hellip;]<\/p>\n","protected":false},"author":1834,"featured_media":0,"comment_status":"open","ping_status":"open","sticky":false,"template":"","format":"standard","meta":{"footnotes":""},"categories":[1],"tags":[44141,1542,71799],"class_list":["post-12577","post","type-post","status-publish","format-standard","hentry","category-allgemein","tag-beitraege-auf-deutsch","tag-kultur","tag-was-wir-teilen"],"_links":{"self":[{"href":"https:\/\/blogs.fu-berlin.de\/nederlands\/wp-json\/wp\/v2\/posts\/12577","targetHints":{"allow":["GET"]}}],"collection":[{"href":"https:\/\/blogs.fu-berlin.de\/nederlands\/wp-json\/wp\/v2\/posts"}],"about":[{"href":"https:\/\/blogs.fu-berlin.de\/nederlands\/wp-json\/wp\/v2\/types\/post"}],"author":[{"embeddable":true,"href":"https:\/\/blogs.fu-berlin.de\/nederlands\/wp-json\/wp\/v2\/users\/1834"}],"replies":[{"embeddable":true,"href":"https:\/\/blogs.fu-berlin.de\/nederlands\/wp-json\/wp\/v2\/comments?post=12577"}],"version-history":[{"count":9,"href":"https:\/\/blogs.fu-berlin.de\/nederlands\/wp-json\/wp\/v2\/posts\/12577\/revisions"}],"predecessor-version":[{"id":12682,"href":"https:\/\/blogs.fu-berlin.de\/nederlands\/wp-json\/wp\/v2\/posts\/12577\/revisions\/12682"}],"wp:attachment":[{"href":"https:\/\/blogs.fu-berlin.de\/nederlands\/wp-json\/wp\/v2\/media?parent=12577"}],"wp:term":[{"taxonomy":"category","embeddable":true,"href":"https:\/\/blogs.fu-berlin.de\/nederlands\/wp-json\/wp\/v2\/categories?post=12577"},{"taxonomy":"post_tag","embeddable":true,"href":"https:\/\/blogs.fu-berlin.de\/nederlands\/wp-json\/wp\/v2\/tags?post=12577"}],"curies":[{"name":"wp","href":"https:\/\/api.w.org\/{rel}","templated":true}]}}