{"id":12616,"date":"2016-06-18T10:51:53","date_gmt":"2016-06-18T08:51:53","guid":{"rendered":"https:\/\/blogs.fu-berlin.de\/nederlands\/?p=12616"},"modified":"2016-06-14T19:09:01","modified_gmt":"2016-06-14T17:09:01","slug":"was-wir-teilen-wat-wij-delen-3","status":"publish","type":"post","link":"https:\/\/blogs.fu-berlin.de\/nederlands\/2016\/06\/18\/was-wir-teilen-wat-wij-delen-3\/","title":{"rendered":"Was wir teilen  |   Wat wij delen &#8211; 3"},"content":{"rendered":"<p lang=\"de-DE\"><img loading=\"lazy\" decoding=\"async\" class=\"alignleft\" src=\"https:\/\/upload.wikimedia.org\/wikipedia\/commons\/9\/92\/Open_book_nae_02.svg\" width=\"93\" height=\"52\" \/>Flandern und die Niederlande sind gemeinsam die diesj\u00e4hrigen Ehreng\u00e4ste der <a href=\"https:\/\/www.buchmesse.de\/de\/\" target=\"_blank\">68. Frankfurter Buchmesse<\/a>.<br \/>\nWir stellen unsere Favoriten vor.<\/p>\n<p>&nbsp;<\/p>\n<p><strong>Die folgende Geschichte<\/strong> | Het volgende verhaal (1991)<br \/>\n<a href=\"https:\/\/de.wikipedia.org\/wiki\/Cees_Nooteboom\" target=\"_blank\">Cees Nooteboom<\/a>, aus dem Niederl\u00e4ndischen von Helga van Beuningen<\/p>\n<div id=\"attachment_12766\" style=\"width: 218px\" class=\"wp-caption alignright\"><a href=\"https:\/\/blogs.fu-berlin.de\/nederlands\/files\/2016\/06\/VitrineNooteboom-3-e1465819659785.jpg\" target=\"_blank\"><img loading=\"lazy\" decoding=\"async\" aria-describedby=\"caption-attachment-12766\" class=\"wp-image-12766\" src=\"https:\/\/blogs.fu-berlin.de\/nederlands\/files\/2016\/06\/VitrineNooteboom-3-e1465819659785.jpg\" alt=\"VitrineNooteboom (3)\" width=\"208\" height=\"277\" srcset=\"https:\/\/blogs.fu-berlin.de\/nederlands\/files\/2016\/06\/VitrineNooteboom-3-e1465819659785.jpg 1920w, https:\/\/blogs.fu-berlin.de\/nederlands\/files\/2016\/06\/VitrineNooteboom-3-e1465819659785-225x300.jpg 225w, https:\/\/blogs.fu-berlin.de\/nederlands\/files\/2016\/06\/VitrineNooteboom-3-e1465819659785-768x1024.jpg 768w\" sizes=\"auto, (max-width: 208px) 100vw, 208px\" \/><\/a><p id=\"caption-attachment-12766\" class=\"wp-caption-text\">Vitrine zu Nooteboom in unserer Ausstellung.<\/p><\/div>\n<p><em>Die folgende Geschichte<\/em> ist eine Reise. Durch die Welt und durch die Literatur. Von Europa \u00fcber den Atlantik in die neue Welt. Von der Antike, von Sokrates und Ovid, in die Moderne, zu Pessoa und Slauerhoff.<\/p>\n<p>Es ist die Reise des Lehrers Anton Mussert, der sich eines Morgens in einem Zimmer in Portugal wiederfindet und, auf der Schwelle zum Jenseits, beginnt \u00fcber sein Leben nachzudenken. Langsam wandert er, wandern wir durch die Vergangenheit. Wir treffen seine Sch\u00fclerin Lisa d\u2018India, verbringen die Abende mit den griechischen Trag\u00f6dien und lernen Maria Zeinstra kennen. Maria, die der fantastischen Vielfalt der Mythologie, die k\u00fchle Rationalit\u00e4t der Naturwissenschaften entgegensetzt. Maria, in die Mussert sich verliebt mit Emotionen, die sich \u2013 wie sollte es anders sein \u2013 nur durch die fantastischen Metaphern der Sagenwelt ausdr\u00fccken lassen.<br \/>\n<em>Die folgende Geschichte<\/em> ist eine Erinnerung an all dies. Ein Gewebe aus Symbolen, Texten und Begebenheiten. Eine Erz\u00e4hlung zwischen den Welten, voller Poesie, die immerzu nach Sch\u00f6nheit strebt und stets vom Tod begleitet wird.<\/p>\n<p style=\"text-align: right\">Philipp-Sebastian Schmidt<\/p>\n","protected":false},"excerpt":{"rendered":"<p>Flandern und die Niederlande sind gemeinsam die diesj\u00e4hrigen Ehreng\u00e4ste der 68. Frankfurter Buchmesse. Wir stellen unsere Favoriten vor. &nbsp; Die folgende Geschichte | Het volgende verhaal (1991) Cees Nooteboom, aus dem Niederl\u00e4ndischen von Helga van Beuningen Die folgende Geschichte ist eine Reise. Durch die Welt und durch die Literatur. Von Europa \u00fcber den Atlantik in [&hellip;]<\/p>\n","protected":false},"author":1834,"featured_media":0,"comment_status":"open","ping_status":"open","sticky":false,"template":"","format":"standard","meta":{"footnotes":""},"categories":[720],"tags":[44141,71795,1542,71799],"class_list":["post-12616","post","type-post","status-publish","format-standard","hentry","category-niederlande","tag-beitraege-auf-deutsch","tag-gastbeitrag","tag-kultur","tag-was-wir-teilen"],"_links":{"self":[{"href":"https:\/\/blogs.fu-berlin.de\/nederlands\/wp-json\/wp\/v2\/posts\/12616","targetHints":{"allow":["GET"]}}],"collection":[{"href":"https:\/\/blogs.fu-berlin.de\/nederlands\/wp-json\/wp\/v2\/posts"}],"about":[{"href":"https:\/\/blogs.fu-berlin.de\/nederlands\/wp-json\/wp\/v2\/types\/post"}],"author":[{"embeddable":true,"href":"https:\/\/blogs.fu-berlin.de\/nederlands\/wp-json\/wp\/v2\/users\/1834"}],"replies":[{"embeddable":true,"href":"https:\/\/blogs.fu-berlin.de\/nederlands\/wp-json\/wp\/v2\/comments?post=12616"}],"version-history":[{"count":24,"href":"https:\/\/blogs.fu-berlin.de\/nederlands\/wp-json\/wp\/v2\/posts\/12616\/revisions"}],"predecessor-version":[{"id":12739,"href":"https:\/\/blogs.fu-berlin.de\/nederlands\/wp-json\/wp\/v2\/posts\/12616\/revisions\/12739"}],"wp:attachment":[{"href":"https:\/\/blogs.fu-berlin.de\/nederlands\/wp-json\/wp\/v2\/media?parent=12616"}],"wp:term":[{"taxonomy":"category","embeddable":true,"href":"https:\/\/blogs.fu-berlin.de\/nederlands\/wp-json\/wp\/v2\/categories?post=12616"},{"taxonomy":"post_tag","embeddable":true,"href":"https:\/\/blogs.fu-berlin.de\/nederlands\/wp-json\/wp\/v2\/tags?post=12616"}],"curies":[{"name":"wp","href":"https:\/\/api.w.org\/{rel}","templated":true}]}}