{"id":12648,"date":"2016-06-08T09:19:26","date_gmt":"2016-06-08T07:19:26","guid":{"rendered":"https:\/\/blogs.fu-berlin.de\/nederlands\/?p=12648"},"modified":"2016-06-07T21:20:37","modified_gmt":"2016-06-07T19:20:37","slug":"was-wir-teilen-wat-wij-delen-2","status":"publish","type":"post","link":"https:\/\/blogs.fu-berlin.de\/nederlands\/2016\/06\/08\/was-wir-teilen-wat-wij-delen-2\/","title":{"rendered":"Was wir teilen  |   Wat wij delen &#8211; 2"},"content":{"rendered":"<p lang=\"de-DE\"><img loading=\"lazy\" decoding=\"async\" class=\"alignleft\" src=\"https:\/\/upload.wikimedia.org\/wikipedia\/commons\/9\/92\/Open_book_nae_02.svg\" width=\"93\" height=\"52\" \/>Flandern und die Niederlande sind gemeinsam die diesj\u00e4hrigen Ehreng\u00e4ste der <a href=\"https:\/\/www.buchmesse.de\/de\/\" target=\"_blank\">68. Frankfurter Buchmesse<\/a>.<br \/>\nWir stellen unsere Favoriten vor.<\/p>\n<p><strong><br \/>\nHerbst des Mittelalters<\/strong> | Herfsttij der Middeleeuwen (1919)<br \/>\n<a href=\"https:\/\/de.wikipedia.org\/wiki\/Johan_Huizinga\" target=\"_blank\">Johan Huizinga<\/a>, Deutsche Fassung, unter Benutzung der \u00e4lteren \u00dcbertragung von T. Wolff-M\u00f6nckeberg, von Kurt K\u00f6ster<\/p>\n<p>&nbsp;<\/p>\n<div style=\"width: 184px\" class=\"wp-caption alignright\"><a href=\"https:\/\/commons.wikimedia.org\/wiki\/File:Philip_the_good.jpg\" target=\"_blank\"><img loading=\"lazy\" decoding=\"async\" class=\"\" src=\"https:\/\/upload.wikimedia.org\/wikipedia\/commons\/thumb\/a\/a4\/Philip_the_good.jpg\/420px-Philip_the_good.jpg\" width=\"174\" height=\"248\" \/><\/a><p class=\"wp-caption-text\">Philipp der Gute von Burgund (1396-1467), einer der Helden Huizingas (CC-PD-Mark)<\/p><\/div>\n<p>Als ich 1987 mein Studium der Geschichte an der Universit\u00e4t Leipzig begann, erw\u00e4hnten meine Professoren einen niederl\u00e4ndischen Gelehrten, der ein eminent wichtiges Buch \u00fcber das sp\u00e4te Mittelalter verfasst habe. Der Name h\u00f6rte sich f\u00fcr mich damals an wie \u201eHeusinger\u201c. Es brauchte eine kleine Weile, bis der Irrtum aufgekl\u00e4rt werden konnte. Seither geh\u00f6rt Johan Huizinga zu den von mir bevorzugten Historikern.<\/p>\n<p>Ja damals (o goldene Jugendzeit!) hatten wir Geschichtsstudenten drei Lieblingsb\u00fccher, in die wir uns immer wieder vertieften: Huizingas <em>Herbst des Mittelalters<\/em>, Egon Friedells <em>Kulturgeschichte der Neuzeit<\/em> und Stefan Zweigs <em>Die Welt von gestern<\/em>. Wenn ich heute dar\u00fcber nachdenke, kommt mir diese Kombination ganz folgerichtig vor. Handelt es sich doch um die Werke gro\u00dfer Europ\u00e4er, die nach dem Schock des 1. Weltkrieges die Merkmale der europ\u00e4ischen Kulturgeschichte aufsp\u00fcren, ihre Einzigartigkeit herausstellen und das Sch\u00fctzenswerte europ\u00e4ischer Geistigkeit verteidigen wollten.<\/p>\n<p>So auch Johan Huizinga, dessen viel besprochenes und viel kritisiertes Buch die burgundisch-franz\u00f6sische Hofkultur des 14. und 15. Jahrhunderts in all ihrer farbigen und brutalen Sch\u00f6nheit wiedererstehen l\u00e4sst.<\/p>\n<p>Sein klassischer Anfangssatz: \u201eAls die Welt noch ein halbes Jahrtausend j\u00fcnger war, hatten alle Geschehnisse im Leben der Menschen viel sch\u00e4rfer umrissene \u00e4u\u00dfere Formen als heute\u201c, r\u00fchrt mich noch immer. Seit ich ihn zum ersten Male las, liebe ich das Mittelalter, diese junge, leidenschaftliche, ganz und gar nicht herbstliche Welt!<\/p>\n<p style=\"text-align: right\">Bettina Noak<\/p>\n","protected":false},"excerpt":{"rendered":"<p>Flandern und die Niederlande sind gemeinsam die diesj\u00e4hrigen Ehreng\u00e4ste der 68. Frankfurter Buchmesse. Wir stellen unsere Favoriten vor. Herbst des Mittelalters | Herfsttij der Middeleeuwen (1919) Johan Huizinga, Deutsche Fassung, unter Benutzung der \u00e4lteren \u00dcbertragung von T. Wolff-M\u00f6nckeberg, von Kurt K\u00f6ster &nbsp; Als ich 1987 mein Studium der Geschichte an der Universit\u00e4t Leipzig begann, erw\u00e4hnten [&hellip;]<\/p>\n","protected":false},"author":2179,"featured_media":0,"comment_status":"open","ping_status":"open","sticky":false,"template":"","format":"standard","meta":{"footnotes":""},"categories":[720],"tags":[44141,471,2786,71799],"class_list":["post-12648","post","type-post","status-publish","format-standard","hentry","category-niederlande","tag-beitraege-auf-deutsch","tag-geschichte","tag-mittelalter","tag-was-wir-teilen"],"_links":{"self":[{"href":"https:\/\/blogs.fu-berlin.de\/nederlands\/wp-json\/wp\/v2\/posts\/12648","targetHints":{"allow":["GET"]}}],"collection":[{"href":"https:\/\/blogs.fu-berlin.de\/nederlands\/wp-json\/wp\/v2\/posts"}],"about":[{"href":"https:\/\/blogs.fu-berlin.de\/nederlands\/wp-json\/wp\/v2\/types\/post"}],"author":[{"embeddable":true,"href":"https:\/\/blogs.fu-berlin.de\/nederlands\/wp-json\/wp\/v2\/users\/2179"}],"replies":[{"embeddable":true,"href":"https:\/\/blogs.fu-berlin.de\/nederlands\/wp-json\/wp\/v2\/comments?post=12648"}],"version-history":[{"count":15,"href":"https:\/\/blogs.fu-berlin.de\/nederlands\/wp-json\/wp\/v2\/posts\/12648\/revisions"}],"predecessor-version":[{"id":12692,"href":"https:\/\/blogs.fu-berlin.de\/nederlands\/wp-json\/wp\/v2\/posts\/12648\/revisions\/12692"}],"wp:attachment":[{"href":"https:\/\/blogs.fu-berlin.de\/nederlands\/wp-json\/wp\/v2\/media?parent=12648"}],"wp:term":[{"taxonomy":"category","embeddable":true,"href":"https:\/\/blogs.fu-berlin.de\/nederlands\/wp-json\/wp\/v2\/categories?post=12648"},{"taxonomy":"post_tag","embeddable":true,"href":"https:\/\/blogs.fu-berlin.de\/nederlands\/wp-json\/wp\/v2\/tags?post=12648"}],"curies":[{"name":"wp","href":"https:\/\/api.w.org\/{rel}","templated":true}]}}