{"id":12670,"date":"2016-07-05T09:50:01","date_gmt":"2016-07-05T07:50:01","guid":{"rendered":"https:\/\/blogs.fu-berlin.de\/nederlands\/?p=12670"},"modified":"2016-06-27T11:01:48","modified_gmt":"2016-06-27T09:01:48","slug":"was-wir-teilen-wat-wij-delen","status":"publish","type":"post","link":"https:\/\/blogs.fu-berlin.de\/nederlands\/2016\/07\/05\/was-wir-teilen-wat-wij-delen\/","title":{"rendered":"Was wir teilen  |   Wat wij delen &#8211; 6"},"content":{"rendered":"<p lang=\"de-DE\"><img loading=\"lazy\" decoding=\"async\" class=\"alignleft\" src=\"https:\/\/upload.wikimedia.org\/wikipedia\/commons\/9\/92\/Open_book_nae_02.svg\" width=\"93\" height=\"52\" \/>Flandern und die Niederlande sind gemeinsam die diesj\u00e4hrigen Ehreng\u00e4ste der <a href=\"https:\/\/www.buchmesse.de\/de\/\" target=\"_blank\">68. Frankfurter Buchmesse<\/a>.<br \/>\nWir stellen unsere Favoriten vor.<\/p>\n<p>&nbsp;<\/p>\n<p><strong>Kongo: Eine Geschichte<\/strong> | Congo: een geschiedenis (2010)<br \/>\nDavid Van Reybrouck, aus dem Niederl\u00e4ndischen von Waltraud H\u00fcsmert<\/p>\n<p>&nbsp;<\/p>\n<div id=\"attachment_12757\" style=\"width: 235px\" class=\"wp-caption alignright\"><a href=\"https:\/\/blogs.fu-berlin.de\/nederlands\/files\/2016\/06\/VitrineMulischReybrouck-2-e1465819708933.jpg\" target=\"_blank\"><img loading=\"lazy\" decoding=\"async\" aria-describedby=\"caption-attachment-12757\" class=\"wp-image-12757 size-medium\" src=\"https:\/\/blogs.fu-berlin.de\/nederlands\/files\/2016\/06\/VitrineMulischReybrouck-2-e1465819708933-225x300.jpg\" alt=\"VitrineMulischReybrouck (2)\" width=\"225\" height=\"300\" srcset=\"https:\/\/blogs.fu-berlin.de\/nederlands\/files\/2016\/06\/VitrineMulischReybrouck-2-e1465819708933-225x300.jpg 225w, https:\/\/blogs.fu-berlin.de\/nederlands\/files\/2016\/06\/VitrineMulischReybrouck-2-e1465819708933-768x1024.jpg 768w, https:\/\/blogs.fu-berlin.de\/nederlands\/files\/2016\/06\/VitrineMulischReybrouck-2-e1465819708933.jpg 1920w\" sizes=\"auto, (max-width: 225px) 100vw, 225px\" \/><\/a><p id=\"caption-attachment-12757\" class=\"wp-caption-text\">Was wir teilen &#8211; Wat wij delen Ausstellung Philologische Bibliothek<\/p><\/div>\n<p>Dass David Van Reybroucks monumentales Buch \u00fcber die Geschichte Kongos, erschienen zum 50. Jahrestag der Unabh\u00e4ngigkeit der ehemaligen belgischen Kolonie, in Belgien und den Niederlanden \u00fcber 200.000 Mal verkauft wurde, mag in erster Linie ein Zeichen daf\u00fcr sein, wie nah dieses Thema vielen Menschen geht. Es zeigt jedoch auch, wie gut es dem Autor gelungen ist, die Geschichte zur spannenden Lekt\u00fcre zu machen.<\/p>\n<p>Statt eines systematischen \u00dcberblicks der Geschichte wird dem Leser hier eine zugegebenerma\u00dfen eingeschr\u00e4nktere, daf\u00fcr aber pers\u00f6nlich gef\u00e4rbte Perspektive geboten, was auch eine lebendige, plastische Erz\u00e4hlweise erm\u00f6glicht. Damit begeistert Van Reybrouck: man liest hier neben Geschichte auch Geschichten \u2013 von einem entf\u00fchrten Kind, von einem uralten Greis, vom ersten Akademiker im Land \u2013 , die geschickt miteinander verkn\u00fcpft und in einen gr\u00f6\u00dferen Zusammenhang gestellt werden.<\/p>\n<p>Seine Herangehensweise w\u00fcrde ich als anthropologisch bezeichnen: er beschreibt, er erz\u00e4hlt \u2013 er urteilt nicht. Er will den Kongo nicht retten, er will nicht intervenieren. Er zeigt. Und die Geschichte bewegt.<\/p>\n<p style=\"text-align: right\">Truus De Wilde<\/p>\n","protected":false},"excerpt":{"rendered":"<p>Flandern und die Niederlande sind gemeinsam die diesj\u00e4hrigen Ehreng\u00e4ste der 68. Frankfurter Buchmesse. Wir stellen unsere Favoriten vor. &nbsp; Kongo: Eine Geschichte | Congo: een geschiedenis (2010) David Van Reybrouck, aus dem Niederl\u00e4ndischen von Waltraud H\u00fcsmert &nbsp; Dass David Van Reybroucks monumentales Buch \u00fcber die Geschichte Kongos, erschienen zum 50. Jahrestag der Unabh\u00e4ngigkeit der ehemaligen [&hellip;]<\/p>\n","protected":false},"author":1839,"featured_media":0,"comment_status":"open","ping_status":"open","sticky":false,"template":"","format":"standard","meta":{"footnotes":""},"categories":[1205,2983],"tags":[44141,471,71799],"class_list":["post-12670","post","type-post","status-publish","format-standard","hentry","category-afrika","category-belgien","tag-beitraege-auf-deutsch","tag-geschichte","tag-was-wir-teilen"],"_links":{"self":[{"href":"https:\/\/blogs.fu-berlin.de\/nederlands\/wp-json\/wp\/v2\/posts\/12670","targetHints":{"allow":["GET"]}}],"collection":[{"href":"https:\/\/blogs.fu-berlin.de\/nederlands\/wp-json\/wp\/v2\/posts"}],"about":[{"href":"https:\/\/blogs.fu-berlin.de\/nederlands\/wp-json\/wp\/v2\/types\/post"}],"author":[{"embeddable":true,"href":"https:\/\/blogs.fu-berlin.de\/nederlands\/wp-json\/wp\/v2\/users\/1839"}],"replies":[{"embeddable":true,"href":"https:\/\/blogs.fu-berlin.de\/nederlands\/wp-json\/wp\/v2\/comments?post=12670"}],"version-history":[{"count":6,"href":"https:\/\/blogs.fu-berlin.de\/nederlands\/wp-json\/wp\/v2\/posts\/12670\/revisions"}],"predecessor-version":[{"id":12672,"href":"https:\/\/blogs.fu-berlin.de\/nederlands\/wp-json\/wp\/v2\/posts\/12670\/revisions\/12672"}],"wp:attachment":[{"href":"https:\/\/blogs.fu-berlin.de\/nederlands\/wp-json\/wp\/v2\/media?parent=12670"}],"wp:term":[{"taxonomy":"category","embeddable":true,"href":"https:\/\/blogs.fu-berlin.de\/nederlands\/wp-json\/wp\/v2\/categories?post=12670"},{"taxonomy":"post_tag","embeddable":true,"href":"https:\/\/blogs.fu-berlin.de\/nederlands\/wp-json\/wp\/v2\/tags?post=12670"}],"curies":[{"name":"wp","href":"https:\/\/api.w.org\/{rel}","templated":true}]}}