{"id":12708,"date":"2016-07-17T09:50:56","date_gmt":"2016-07-17T07:50:56","guid":{"rendered":"https:\/\/blogs.fu-berlin.de\/nederlands\/?p=12708"},"modified":"2016-10-01T00:08:43","modified_gmt":"2016-09-30T22:08:43","slug":"was-wir-teilen-wat-wij-delen-8","status":"publish","type":"post","link":"https:\/\/blogs.fu-berlin.de\/nederlands\/2016\/07\/17\/was-wir-teilen-wat-wij-delen-8\/","title":{"rendered":"Was wir teilen  |   Wat wij delen &#8211; 8"},"content":{"rendered":"<p lang=\"de-DE\"><img loading=\"lazy\" decoding=\"async\" class=\"alignleft\" src=\"https:\/\/upload.wikimedia.org\/wikipedia\/commons\/9\/92\/Open_book_nae_02.svg\" width=\"93\" height=\"52\" \/>Flandern und die Niederlande sind gemeinsam die diesj\u00e4hrigen Ehreng\u00e4ste der <a href=\"https:\/\/www.buchmesse.de\/de\/\" target=\"_blank\">68. Frankfurter Buchmesse<\/a>.<br \/>\nWir stellen unsere Favoriten vor.<\/p>\n<p>&nbsp;<\/p>\n<p><strong>K\u00f6nnte Liebe sein<\/strong> | Lijken op Liefde (1997)<br \/>\nAstrid H. Roemer, aus dem Niederl\u00e4ndischen von Christiane Kuby<\/p>\n<p>&nbsp;<\/p>\n<p>Es ist vielsagend, dass man <em>Lijken op Liefde<\/em> auch mit <em>Liebe, unter Leichen begraben<\/em> h\u00e4tte \u00fcbersetzen k\u00f6nnen.<\/p>\n<div id=\"attachment_12770\" style=\"width: 231px\" class=\"wp-caption alignright\"><a href=\"https:\/\/blogs.fu-berlin.de\/nederlands\/files\/2016\/06\/VitrineRoemer-2.jpg\" target=\"_blank\"><img loading=\"lazy\" decoding=\"async\" aria-describedby=\"caption-attachment-12770\" class=\"wp-image-12770\" src=\"https:\/\/blogs.fu-berlin.de\/nederlands\/files\/2016\/06\/VitrineRoemer-2-300x225.jpg\" alt=\"VitrineRoemer (2)\" width=\"221\" height=\"166\" srcset=\"https:\/\/blogs.fu-berlin.de\/nederlands\/files\/2016\/06\/VitrineRoemer-2-300x225.jpg 300w, https:\/\/blogs.fu-berlin.de\/nederlands\/files\/2016\/06\/VitrineRoemer-2-768x576.jpg 768w, https:\/\/blogs.fu-berlin.de\/nederlands\/files\/2016\/06\/VitrineRoemer-2-1024x768.jpg 1024w\" sizes=\"auto, (max-width: 221px) 100vw, 221px\" \/><\/a><p id=\"caption-attachment-12770\" class=\"wp-caption-text\">Was wir teilen &#8211; Wat wij delen Ausstellung Philologische Bibliothek<\/p><\/div>\n<p>Cora Sewa geht am 8. Dezember 1999 auf Reisen, um die Wahrheit \u00fcber den Mord an einer schwangeren Frau sowie \u00fcber den ungekl\u00e4rten Tod von Onno Sewa \u2013 dem wei\u00dfen Adoptivbruder ihres Mannes \u2013 zu erfahren. Die Reise, die sie nach Rotterdam, London, Miami und Willemstad (Cura\u00e7ao) f\u00fchrt, bestreitet sie aus dem Schweigegeld, das sie in den 70er-Jahren von ihrem Arbeitgeber f\u00fcr das Waschen des Leichnams der ermordeten Schwangeren erhalten hatte. Es wird eine Reise in die Vergangenheit.<\/p>\n<p>Zur gleichen Zeit findet in Paramaribo ein Tribunal statt, das die Wahrheit \u00fcber die Dezembermorde von 1982 ans Licht bringen soll. In Suriname leben nebst Indianern u.a. die Nachkommen von Sklaven und Sklavenhaltern, von Indern, Javanern, Chinesen sowie Nachkommen aus (un)ehelichen Beziehungen all dieser Menschen.<br \/>\nAn der Schwelle zum neuen Jahrtausend sind alle irgendwie miteinander verbunden \u2013 und niemand ist unschuldig.<br \/>\nIn ihrer Romantrilogie, deren zweiter Teil <em>K\u00f6nnte Liebe sein<\/em> ist, entwirft die 1947 in Paramaribo geborene Autorin ein eindrucksvolles Bild von dem seit 1975 unabh\u00e4ngigen Suriname.<\/p>\n<p style=\"text-align: right\">Johanna Ridderbeekx<\/p>\n","protected":false},"excerpt":{"rendered":"<p>Flandern und die Niederlande sind gemeinsam die diesj\u00e4hrigen Ehreng\u00e4ste der 68. Frankfurter Buchmesse. Wir stellen unsere Favoriten vor. &nbsp; K\u00f6nnte Liebe sein | Lijken op Liefde (1997) Astrid H. Roemer, aus dem Niederl\u00e4ndischen von Christiane Kuby &nbsp; Es ist vielsagend, dass man Lijken op Liefde auch mit Liebe, unter Leichen begraben h\u00e4tte \u00fcbersetzen k\u00f6nnen. Cora [&hellip;]<\/p>\n","protected":false},"author":1834,"featured_media":0,"comment_status":"open","ping_status":"open","sticky":false,"template":"","format":"standard","meta":{"footnotes":""},"categories":[1,64050],"tags":[44141,1542,71799],"class_list":["post-12708","post","type-post","status-publish","format-standard","hentry","category-allgemein","category-suriname","tag-beitraege-auf-deutsch","tag-kultur","tag-was-wir-teilen"],"_links":{"self":[{"href":"https:\/\/blogs.fu-berlin.de\/nederlands\/wp-json\/wp\/v2\/posts\/12708","targetHints":{"allow":["GET"]}}],"collection":[{"href":"https:\/\/blogs.fu-berlin.de\/nederlands\/wp-json\/wp\/v2\/posts"}],"about":[{"href":"https:\/\/blogs.fu-berlin.de\/nederlands\/wp-json\/wp\/v2\/types\/post"}],"author":[{"embeddable":true,"href":"https:\/\/blogs.fu-berlin.de\/nederlands\/wp-json\/wp\/v2\/users\/1834"}],"replies":[{"embeddable":true,"href":"https:\/\/blogs.fu-berlin.de\/nederlands\/wp-json\/wp\/v2\/comments?post=12708"}],"version-history":[{"count":10,"href":"https:\/\/blogs.fu-berlin.de\/nederlands\/wp-json\/wp\/v2\/posts\/12708\/revisions"}],"predecessor-version":[{"id":13506,"href":"https:\/\/blogs.fu-berlin.de\/nederlands\/wp-json\/wp\/v2\/posts\/12708\/revisions\/13506"}],"wp:attachment":[{"href":"https:\/\/blogs.fu-berlin.de\/nederlands\/wp-json\/wp\/v2\/media?parent=12708"}],"wp:term":[{"taxonomy":"category","embeddable":true,"href":"https:\/\/blogs.fu-berlin.de\/nederlands\/wp-json\/wp\/v2\/categories?post=12708"},{"taxonomy":"post_tag","embeddable":true,"href":"https:\/\/blogs.fu-berlin.de\/nederlands\/wp-json\/wp\/v2\/tags?post=12708"}],"curies":[{"name":"wp","href":"https:\/\/api.w.org\/{rel}","templated":true}]}}