{"id":12779,"date":"2016-06-29T15:20:35","date_gmt":"2016-06-29T13:20:35","guid":{"rendered":"https:\/\/blogs.fu-berlin.de\/nederlands\/?p=12779"},"modified":"2016-06-22T16:54:06","modified_gmt":"2016-06-22T14:54:06","slug":"was-wir-teilen-wat-wij-delen-mulisch","status":"publish","type":"post","link":"https:\/\/blogs.fu-berlin.de\/nederlands\/2016\/06\/29\/was-wir-teilen-wat-wij-delen-mulisch\/","title":{"rendered":"Was wir teilen | Wat wij delen &#8211; 5"},"content":{"rendered":"<p><img loading=\"lazy\" decoding=\"async\" class=\"alignleft\" src=\"https:\/\/upload.wikimedia.org\/wikipedia\/commons\/9\/92\/Open_book_nae_02.svg\" width=\"93\" height=\"52\" \/>Flandern und die Niederlande sind gemeinsam die diesj\u00e4hrigen Ehreng\u00e4ste der <a href=\"https:\/\/www.buchmesse.de\/de\/\" target=\"_blank\">68. Frankfurter Buchmesse<\/a>.<br \/>\nWir stellen unsere Favoriten vor.<\/p>\n<p>&nbsp;<\/p>\n<p><strong>Die Entdeckung des Himmels<\/strong>\u00a0 <strong>|<\/strong>\u00a0 De ontdekking van de hemel (1992)<br \/>\n<a href=\"https:\/\/nl.wikipedia.org\/wiki\/Harry_Mulisch\" target=\"_blank\">Harry Mulisch<\/a>, aus dem Niederl\u00e4ndischen von Martina den Hertog-Vogt<\/p>\n<p>&nbsp;<\/p>\n<p><em><a href=\"https:\/\/blogs.fu-berlin.de\/nederlands\/files\/2016\/06\/VitrineMulischReybrouck-4.jpg\" target=\"_blank\"><img loading=\"lazy\" decoding=\"async\" class=\"alignright wp-image-12759 \" src=\"https:\/\/blogs.fu-berlin.de\/nederlands\/files\/2016\/06\/VitrineMulischReybrouck-4-300x225.jpg\" alt=\"VitrineMulischReybrouck (4)\" width=\"319\" height=\"239\" srcset=\"https:\/\/blogs.fu-berlin.de\/nederlands\/files\/2016\/06\/VitrineMulischReybrouck-4-300x225.jpg 300w, https:\/\/blogs.fu-berlin.de\/nederlands\/files\/2016\/06\/VitrineMulischReybrouck-4-768x576.jpg 768w, https:\/\/blogs.fu-berlin.de\/nederlands\/files\/2016\/06\/VitrineMulischReybrouck-4-1024x768.jpg 1024w\" sizes=\"auto, (max-width: 319px) 100vw, 319px\" \/><\/a>Die Entdeckung des Himmels<\/em> ist ein dicker Klopper, das sieht man sofort. Bei Harry Mulisch bekommt man seit der Erstausgabe 1992 viel Buch und viel Erz\u00e4hlung f\u00fcr sein Geld: Aff\u00e4ren und uneheliche Kinder, M\u00e4nnerfreundschaften und Ehekrisen, politische Intrigen und die Ideologiek\u00e4mpfe des Kalten Krieges, sogar ein wenig Phantasterei. Dazu eine geh\u00f6rige Portion Dramatik, angefangen beim ehemaligen Konzentrationslager Westerbork \u00fcber pers\u00f6nliche Schicksalsschl\u00e4ge bis hin zu einer der spektakul\u00e4rsten Todesursachen der Literaturgeschichte.<\/p>\n<p>Ganz nebenbei gleitet man einmal quer durch die niederl\u00e4ndische Gesellschaft des 20. Jahrhunderts, durch steifen Protestantismus und liberales Zusammenleben. Wer verstehen will, wie die Niederlande mit dem gro\u00dfen Nachbarn im Osten \u00fcber Jahrzehnte hinweg haderten, ihre Kultur und Dichtung rezipierten, aber gleichzeitig die d\u00fcstere Geschichte nicht verga\u00dfen, kann bei Mulisch durch die niederl\u00e4ndische Brille auf Deutschland blicken. Mulisch verpackt all das in einen locker-flockigen Stil mit feiner Ironie und einer unaufdringlichen Schicht Gelehrsamkeit: F\u00fcr Liebhaber von Musik und Philologie, Architektur und Philosophie, Astronomie und Theologie gibt es allerlei zu entdecken. Nicht nur wegen der Seitenzahl wiegt dieses Buch im niederl\u00e4ndischen Literaturkanon schwer.<\/p>\n<p style=\"text-align: right\">Philipp Kr\u00e4mer<\/p>\n","protected":false},"excerpt":{"rendered":"<p>Flandern und die Niederlande sind gemeinsam die diesj\u00e4hrigen Ehreng\u00e4ste der 68. Frankfurter Buchmesse. Wir stellen unsere Favoriten vor. &nbsp; Die Entdeckung des Himmels\u00a0 |\u00a0 De ontdekking van de hemel (1992) Harry Mulisch, aus dem Niederl\u00e4ndischen von Martina den Hertog-Vogt &nbsp; Die Entdeckung des Himmels ist ein dicker Klopper, das sieht man sofort. Bei Harry Mulisch [&hellip;]<\/p>\n","protected":false},"author":2044,"featured_media":0,"comment_status":"open","ping_status":"open","sticky":false,"template":"","format":"standard","meta":{"footnotes":""},"categories":[1],"tags":[44141,1542,71799],"class_list":["post-12779","post","type-post","status-publish","format-standard","hentry","category-allgemein","tag-beitraege-auf-deutsch","tag-kultur","tag-was-wir-teilen"],"_links":{"self":[{"href":"https:\/\/blogs.fu-berlin.de\/nederlands\/wp-json\/wp\/v2\/posts\/12779","targetHints":{"allow":["GET"]}}],"collection":[{"href":"https:\/\/blogs.fu-berlin.de\/nederlands\/wp-json\/wp\/v2\/posts"}],"about":[{"href":"https:\/\/blogs.fu-berlin.de\/nederlands\/wp-json\/wp\/v2\/types\/post"}],"author":[{"embeddable":true,"href":"https:\/\/blogs.fu-berlin.de\/nederlands\/wp-json\/wp\/v2\/users\/2044"}],"replies":[{"embeddable":true,"href":"https:\/\/blogs.fu-berlin.de\/nederlands\/wp-json\/wp\/v2\/comments?post=12779"}],"version-history":[{"count":7,"href":"https:\/\/blogs.fu-berlin.de\/nederlands\/wp-json\/wp\/v2\/posts\/12779\/revisions"}],"predecessor-version":[{"id":12794,"href":"https:\/\/blogs.fu-berlin.de\/nederlands\/wp-json\/wp\/v2\/posts\/12779\/revisions\/12794"}],"wp:attachment":[{"href":"https:\/\/blogs.fu-berlin.de\/nederlands\/wp-json\/wp\/v2\/media?parent=12779"}],"wp:term":[{"taxonomy":"category","embeddable":true,"href":"https:\/\/blogs.fu-berlin.de\/nederlands\/wp-json\/wp\/v2\/categories?post=12779"},{"taxonomy":"post_tag","embeddable":true,"href":"https:\/\/blogs.fu-berlin.de\/nederlands\/wp-json\/wp\/v2\/tags?post=12779"}],"curies":[{"name":"wp","href":"https:\/\/api.w.org\/{rel}","templated":true}]}}