{"id":12786,"date":"2016-06-15T14:53:01","date_gmt":"2016-06-15T12:53:01","guid":{"rendered":"https:\/\/blogs.fu-berlin.de\/nederlands\/?p=12786"},"modified":"2016-06-15T07:32:07","modified_gmt":"2016-06-15T05:32:07","slug":"popularisierung-bis-es-qualmt","status":"publish","type":"post","link":"https:\/\/blogs.fu-berlin.de\/nederlands\/2016\/06\/15\/popularisierung-bis-es-qualmt\/","title":{"rendered":"Popularisierung bis es qualmt (mit Gewinnspiel!)"},"content":{"rendered":"<p>Am vergangenen Wochenende war die FU-Niederlandistik wieder vertreten bei der <em>Langen Nacht der Wissenschaften<\/em>. Alle Berliner Universit\u00e4ten und Forschungseinrichtungen pr\u00e4sentierten sich bis sp\u00e4t in die Nacht hinein der interessierten \u00d6ffentlichkeit und zeigten, was sie k\u00f6nnen und was sie taugen.<\/p>\n<div id=\"attachment_12828\" style=\"width: 305px\" class=\"wp-caption alignright\"><a href=\"https:\/\/blogs.fu-berlin.de\/nederlands\/files\/2016\/06\/IMG_9431.jpg\" target=\"_blank\"><img loading=\"lazy\" decoding=\"async\" aria-describedby=\"caption-attachment-12828\" class=\"wp-image-12828\" src=\"https:\/\/blogs.fu-berlin.de\/nederlands\/files\/2016\/06\/IMG_9431.jpg\" alt=\"IMG_9431\" width=\"295\" height=\"443\" srcset=\"https:\/\/blogs.fu-berlin.de\/nederlands\/files\/2016\/06\/IMG_9431.jpg 3168w, https:\/\/blogs.fu-berlin.de\/nederlands\/files\/2016\/06\/IMG_9431-200x300.jpg 200w, https:\/\/blogs.fu-berlin.de\/nederlands\/files\/2016\/06\/IMG_9431-768x1152.jpg 768w, https:\/\/blogs.fu-berlin.de\/nederlands\/files\/2016\/06\/IMG_9431-683x1024.jpg 683w\" sizes=\"auto, (max-width: 295px) 100vw, 295px\" \/><\/a><p id=\"caption-attachment-12828\" class=\"wp-caption-text\">Flie\u00dfige Ratende und ihre Belohnung.<\/p><\/div>\n<p>Unser Beitrag ging quer durch die niederl\u00e4ndischsprachige Welt: Beim Niederl\u00e4ndisch-Crashkurs konnten die Besucher\/innen erleben, dass die Nachbarsprache gar nicht so schwer zu verstehen ist und trotzdem ihre T\u00fccken hat (mit dem <em>ui <\/em>hatten alle so ihre M\u00fchen). Ein Vortrag \u00fcber Gender im Niederl\u00e4ndischen und Deutschen \u00f6ffnete vielen die Augen, was in geschlechtergerechter Sprache alles m\u00f6glich ist \u2013 und was nicht. Mit Pr\u00e4sentationen zur Literatur aus Suriname und zur belgischen Kolonialzeit im Kongo kam auch die historische Dimension und das Niederl\u00e4ndische au\u00dferhalb Europas nicht zu kurz. Einen \u00dcberblick \u00fcber die niederl\u00e4ndische Sprache in der Welt verschaffte eine Poster-Ausstellung.<\/p>\n<p>F\u00fcr die meisten Besucher war der H\u00f6hepunkt und das Lockmittel sicher unser Quiz mit dem Titel \u201eWaffeln f\u00fcr Wissen\u201c. Elf Fragen zum niederl\u00e4ndischen Sprach- und Kulturraum, zur Geschichte und Literatur waren zu beantworten. Als Belohnung f\u00fcr richtige L\u00f6sungen (oder flei\u00dfiges Raten) gab es frisch gebackene Waffeln. Der Duft zog durch die Flure und sorgte f\u00fcr motiviertes Publikum. Derselbe Duft zog allerdings auch in die Rauchmelder und sorgte kurzzeitig f\u00fcr viel Bewegung im Geb\u00e4ude.<\/p>\n<p>Wer sein Wissen testen will, kann sich nun selbst an unserem Quiz versuchen. Frische Waffeln k\u00f6nnen wir leider per Internet nicht bieten, aber daf\u00fcr gibt es spannenden Lesestoff zu gewinnen:<\/p>\n<p>Kopieren Sie die Fragen in eine E-Mail mit dem Betreff &#8222;Waffeln f\u00fcr Wissen&#8220;, markieren Sie die richtigen Antworten, und senden Sie diese <strong><span style=\"color: #800000\">bis sp\u00e4testens 20. Juni 2016 an <a href=\"mailto:niederlandistikfuberlin@gmail.com\">niederlandistikfuberlin@gmail.com<\/a><\/span><\/strong>.<\/p>\n<p>Unter allen richtigen Einsendungen verlosen wir einen niederl\u00e4ndischen Roman aus unserem gro\u00dfen Bestand antiquarischer B\u00fccher, je nach Wunsch des\/der Gewinners\/in als deutsche \u00dcbersetzung oder in Originalsprache.<\/p>\n<p>Einfach gr\u00fcndlich \u00fcberlegen, recherchieren oder drauflosraten und die Antworten notieren. Die Aufl\u00f6sung gibt es am 21. Juni. Viel Spa\u00df!<\/p>\n<p><a href=\"https:\/\/blogs.fu-berlin.de\/nederlands\/files\/2016\/06\/WaffelnFuerWissen.png\"><img loading=\"lazy\" decoding=\"async\" class=\"wp-image-12785 aligncenter\" src=\"https:\/\/blogs.fu-berlin.de\/nederlands\/files\/2016\/06\/WaffelnFuerWissen.png\" alt=\"WaffelnFuerWissen\" width=\"403\" height=\"203\" srcset=\"https:\/\/blogs.fu-berlin.de\/nederlands\/files\/2016\/06\/WaffelnFuerWissen.png 542w, https:\/\/blogs.fu-berlin.de\/nederlands\/files\/2016\/06\/WaffelnFuerWissen-300x151.png 300w\" sizes=\"auto, (max-width: 403px) 100vw, 403px\" \/><\/a><\/p>\n<p>&nbsp;<\/p>\n<p><strong>Holland ist<\/strong><\/p>\n<p>o Was Deutsche sagen, wenn sie die Niederlande meinen<\/p>\n<p>o Eine Grafschaft im K\u00f6nigreich der Niederlande<\/p>\n<p>o Der ehemalige Name New Yorks<\/p>\n<p>&nbsp;<\/p>\n<p><strong>Mijnheer Peeperkorn ist<\/strong><\/p>\n<p>o Ein Gew\u00fcrzwarenh\u00e4ndler aus Suriname<\/p>\n<p>o Eine Romanfigur aus dem <em>Zauberberg <\/em><\/p>\n<p>o Das Pseudonym von Gerhart Hauptmann<\/p>\n<p>&nbsp;<\/p>\n<p><strong>Willem van Oranje, sog. Vater des Vaterlandes, wurde geboren in<\/strong><\/p>\n<p>o Hessen<\/p>\n<p>o Willemstad<\/p>\n<p>o Oranjestad<\/p>\n<p>&nbsp;<\/p>\n<p><strong><em>Vertreibung aus der H\u00f6lle <\/em>ist ein Roman von Robert Menasse. Wohin floh dessen Protagonist Rabbi Manasseh, als er aus der portugiesischen H\u00f6lle vertrieben wurde?<\/strong><\/p>\n<p>o Nach Niederl\u00e4ndisch-Brasilien<\/p>\n<p>o Nach Antwerpen<\/p>\n<p>o Nach Amsterdam<\/p>\n<p>&nbsp;<\/p>\n<p><strong>Was stimmt nicht?<\/strong><\/p>\n<p>o In Belgien wird Deutsch gesprochen<\/p>\n<p>o Belgien hat 3 Amtssprachen<\/p>\n<p>o Fl\u00e4misch ist die Sprache einer belgischen Minderheit<\/p>\n<p>&nbsp;<\/p>\n<p><strong>Noordwijk war der bevorzugte Badeort von<\/strong><\/p>\n<p>o Helmut Kohl<\/p>\n<p>o Thomas Mann<\/p>\n<p>o Rex Gildo<\/p>\n<p>&nbsp;<\/p>\n<p><strong>Im belgischen Seebad Ostende verkehrten<\/strong><\/p>\n<p>o Joseph Roth und seine Br\u00fcder<\/p>\n<p>o Stefan Zweig und Irmgard Keun<\/p>\n<p>o Franz Kafka und Milena<\/p>\n<p>&nbsp;<\/p>\n<p><strong>Was stimmt nicht? Der Abfall der Niederlande &#8230;<\/strong><\/p>\n<p>o landet bei Alba<\/p>\n<p>o wurde von Alba ausgel\u00f6st<\/p>\n<p>o ist der Titel eines Werks von Friedrich Schiller<\/p>\n<p>&nbsp;<\/p>\n<p><strong>In welcher Sprache verfasste Anne Frank ihr ber\u00fchmtes Tagebuch?<\/strong><\/p>\n<p>o Deutsch<\/p>\n<p>o Niederl\u00e4ndisch<\/p>\n<p>o Jiddisch<\/p>\n<p>&nbsp;<\/p>\n<p><strong>Die Schlagers\u00e4nger Adamo und Rocco Granata begannen ihre Karriere in<\/strong><\/p>\n<p>o Apulien<\/p>\n<p>o Friesland<\/p>\n<p>o Belgien<\/p>\n<p>&nbsp;<\/p>\n<p><strong>Welche\/r niederl\u00e4ndische Schriftsteller\/in erhielt die Ehrendoktorw\u00fcrde der FU Berlin?<br \/>\n<\/strong><\/p>\n<p>o Hugo Claus<\/p>\n<p>o Hella Haasse<\/p>\n<p>o Cees Nooteboom<\/p>\n","protected":false},"excerpt":{"rendered":"<p>Am vergangenen Wochenende war die FU-Niederlandistik wieder vertreten bei der Langen Nacht der Wissenschaften. Alle Berliner Universit\u00e4ten und Forschungseinrichtungen pr\u00e4sentierten sich bis sp\u00e4t in die Nacht hinein der interessierten \u00d6ffentlichkeit und zeigten, was sie k\u00f6nnen und was sie taugen. Unser Beitrag ging quer durch die niederl\u00e4ndischsprachige Welt: Beim Niederl\u00e4ndisch-Crashkurs konnten die Besucher\/innen erleben, dass die [&hellip;]<\/p>\n","protected":false},"author":2044,"featured_media":0,"comment_status":"open","ping_status":"open","sticky":false,"template":"","format":"standard","meta":{"footnotes":""},"categories":[1],"tags":[44141],"class_list":["post-12786","post","type-post","status-publish","format-standard","hentry","category-allgemein","tag-beitraege-auf-deutsch"],"_links":{"self":[{"href":"https:\/\/blogs.fu-berlin.de\/nederlands\/wp-json\/wp\/v2\/posts\/12786","targetHints":{"allow":["GET"]}}],"collection":[{"href":"https:\/\/blogs.fu-berlin.de\/nederlands\/wp-json\/wp\/v2\/posts"}],"about":[{"href":"https:\/\/blogs.fu-berlin.de\/nederlands\/wp-json\/wp\/v2\/types\/post"}],"author":[{"embeddable":true,"href":"https:\/\/blogs.fu-berlin.de\/nederlands\/wp-json\/wp\/v2\/users\/2044"}],"replies":[{"embeddable":true,"href":"https:\/\/blogs.fu-berlin.de\/nederlands\/wp-json\/wp\/v2\/comments?post=12786"}],"version-history":[{"count":18,"href":"https:\/\/blogs.fu-berlin.de\/nederlands\/wp-json\/wp\/v2\/posts\/12786\/revisions"}],"predecessor-version":[{"id":12838,"href":"https:\/\/blogs.fu-berlin.de\/nederlands\/wp-json\/wp\/v2\/posts\/12786\/revisions\/12838"}],"wp:attachment":[{"href":"https:\/\/blogs.fu-berlin.de\/nederlands\/wp-json\/wp\/v2\/media?parent=12786"}],"wp:term":[{"taxonomy":"category","embeddable":true,"href":"https:\/\/blogs.fu-berlin.de\/nederlands\/wp-json\/wp\/v2\/categories?post=12786"},{"taxonomy":"post_tag","embeddable":true,"href":"https:\/\/blogs.fu-berlin.de\/nederlands\/wp-json\/wp\/v2\/tags?post=12786"}],"curies":[{"name":"wp","href":"https:\/\/api.w.org\/{rel}","templated":true}]}}