{"id":12808,"date":"2016-06-21T10:30:01","date_gmt":"2016-06-21T08:30:01","guid":{"rendered":"https:\/\/blogs.fu-berlin.de\/nederlands\/?p=12808"},"modified":"2018-04-16T20:09:48","modified_gmt":"2018-04-16T18:09:48","slug":"waffeln-fuer-wissen-die-aufloesung","status":"publish","type":"post","link":"https:\/\/blogs.fu-berlin.de\/nederlands\/2016\/06\/21\/waffeln-fuer-wissen-die-aufloesung\/","title":{"rendered":"Waffeln f\u00fcr Wissen &#8211; die Aufl\u00f6sung"},"content":{"rendered":"<p>Elf Fragen &#8211; elf Herausforderungen. Wer kennt sich gut aus mit Geschichte und Kultur des niederl\u00e4ndischsprachigen Raums?<br \/>\nHier kommt die Aufl\u00f6sung unseres Quizspiels &#8222;<a href=\"https:\/\/blogs.fu-berlin.de\/nederlands\/2016\/06\/15\/popularisierung-bis-es-qualmt\/\" target=\"_blank\" rel=\"noopener\">Waffeln f\u00fcr Wissen<\/a>&#8222;, das unser Publikum bei der <em>Langen Nacht der Wissenschaften <\/em>am 11. Juni zu bestehen hatte, um sich eine frisch gebackene Waffel zu erspielen. Als Belohnung f\u00fcr&#8217;s Mitmachen gibt es nun zumindest eine virtuelle Waffel.<\/p>\n<div style=\"width: 276px\" class=\"wp-caption alignright\"><a href=\"https:\/\/upload.wikimedia.org\/wikipedia\/commons\/thumb\/d\/d5\/Brussels_waffle.jpg\/400px-Brussels_waffle.jpg\"><img loading=\"lazy\" decoding=\"async\" class=\"\" src=\"https:\/\/upload.wikimedia.org\/wikipedia\/commons\/thumb\/d\/d5\/Brussels_waffle.jpg\/400px-Brussels_waffle.jpg\" width=\"266\" height=\"399\" \/><\/a><p class=\"wp-caption-text\">Guten Appetit! (cipher, CC-BY-SA-2.0)<\/p><\/div>\n<p>&nbsp;<\/p>\n<p><strong>Holland ist&#8230;<\/strong><\/p>\n<blockquote><p><span style=\"color: #339966\"><span class=\"Unicode\">\u2714<\/span> Was Deutsche sagen, wenn sie die Niederlande meinen<\/span><\/p>\n<p><span style=\"color: #808080\"><span class=\"Unicode\">X<\/span> Eine Grafschaft im K\u00f6nigreich der Niederlande<\/span><\/p>\n<p><span style=\"color: #808080\">X Der ehemalige Name New Yorks<\/span><\/p>\n<p><span style=\"color: #808080\">Holland war eine mittelalterliche Grafschaft. Das K\u00f6nigreich gibt es erst seit 1815.<br \/>\n<\/span><\/p><\/blockquote>\n<p>&nbsp;<\/p>\n<p><strong>Mijnheer Peeperkorn ist&#8230;<\/strong><\/p>\n<blockquote><p>X Ein Gew\u00fcrzwarenh\u00e4ndler aus Suriname<\/p>\n<p><span style=\"color: #339966\"><span class=\"Unicode\">\u2714<\/span> Eine Romanfigur aus dem <em>Zauberberg <\/em><\/span><\/p>\n<p>X Das Pseudonym von Gerhart Hauptmann<\/p>\n<p>Mijnheer Peeperkorn ist eine dem Alkohol, dem Geld und dem Schwadronieren zugeneigte Romanfigur aus dem <em>Zauberberg, <\/em>die Gerhard Hauptmann nachempfunden, aber mit einer niederl\u00e4ndischen Herkunft versehen wurde. Hauptmann beschwerte sich dar\u00fcber sogar bei Manns Verleger.<\/p><\/blockquote>\n<p>&nbsp;<\/p>\n<p><strong>Willem van Oranje, sog. Vater des Vaterlandes, wurde geboren in&#8230;<\/strong><\/p>\n<blockquote><p><span class=\"Unicode\">\u2714<\/span> <span style=\"color: #339966\">Hessen<\/span><\/p>\n<p>X Willemstad<\/p>\n<p>X Oranjestad<\/p>\n<p>Er kam 1533 auf Schloss Dillenburg in Hessen als Graf von Nassau-Dillenburg zur Welt. Er war also \u201avan Duytschen bloet\u2018 (\u201avon deutschem Blut\u2018), wie es im Wilhelmus, der sp\u00e4teren Nationalhymne hei\u00dft. Sie wird heute immer noch gesungen, um diesen Vater der niederl\u00e4ndischen Freiheit im Kampf gegen die spanische Fremdherrschaft zu ehren.<\/p><\/blockquote>\n<p>&nbsp;<\/p>\n<p><strong><em>Vertreibung aus der H\u00f6lle<\/em> ist ein Roman von Robert Menasse. Wohin floh Rabbi Manasseh, als er aus der portugiesischen H\u00f6lle vertrieben wurde?<\/strong><\/p>\n<blockquote><p>X Nach Niederl\u00e4ndisch-Brasilien<\/p>\n<p>X Nach Antwerpen<\/p>\n<p><span class=\"Unicode\">\u2714<\/span> <span style=\"color: #339966\">Nach Amsterdam<\/span><\/p>\n<p>Wie viele Juden floh er vor dem Grauen der Inquisition nach Amsterdam, das noch heute den aus dem Jiddischen abgeleiteten Kosenamen &#8222;Mokum&#8220; tr\u00e4gt.<\/p><\/blockquote>\n<p>&nbsp;<\/p>\n<p><strong>Was stimmt <span style=\"text-decoration: underline\">nicht<\/span>?<\/strong><\/p>\n<blockquote><p>X In Belgien wird Deutsch gesprochen<\/p>\n<p>X Belgien hat 3 Amtssprachen<\/p>\n<p><span class=\"Unicode\">\u2714<\/span><span style=\"color: #339966\">Fl\u00e4misch ist die Sprache einer belgischen Minderheit<\/span><\/p><\/blockquote>\n<p>&nbsp;<\/p>\n<p><strong>Noordwijk war der bevorzugte Badeort von&#8230;<\/strong><\/p>\n<blockquote><p>X Helmut Kohl<\/p>\n<p><span class=\"Unicode\">\u2714<\/span> <span style=\"color: #339966\">Thomas Mann<\/span><\/p>\n<p>X Rex Gildo<\/p><\/blockquote>\n<p>&nbsp;<\/p>\n<p><strong>In belgischen Seebad Ostende verkehrten&#8230;<\/strong><\/p>\n<blockquote><p>X Joseph Roth und seine Br\u00fcder<\/p>\n<p><span class=\"Unicode\">\u2714<\/span> <span style=\"color: #339966\">Stefan Zweig und Irmgard Keun<\/span><\/p>\n<p>X Franz Kafka und Milena<\/p>\n<p>Nach Ostende reisten viele Schriftsteller, darunter Stefan Zweig, Joseph Roth und Irmgard Keun, die beiden letzteren sogar als Liebespaar. Beschrieben wird das alles in Volker Weidemanns Bestseller <em>Ostende 1936, Sommer der Freundschaft.<\/em><\/p><\/blockquote>\n<p>&nbsp;<\/p>\n<p><strong>Was stimmt <span style=\"text-decoration: underline\">nicht<\/span>? Der Abfall der Niederlande&#8230;<\/strong><\/p>\n<blockquote><p><span style=\"color: #339966\"><span class=\"Unicode\">\u2714<\/span><\/span> landet bei Alba<\/p>\n<p><span class=\"Unicode\">X<\/span><span style=\"color: #339966\"> wurde von Alba ausgel\u00f6st<\/span><\/p>\n<p><span class=\"Unicode\">X<\/span><span style=\"color: #339966\"> ist der Titel eines Werks von Friedrich Schiller<\/span><\/p>\n<p>Im Jahre 1567 wurde der spanische Feldherr Don Fernando \u00c1lvarez de Toledo y Pimentel, Herzog von Alba, vom spanischen K\u00f6nig in die Niederlande entsandt, um die protestierenden Niederl\u00e4nder mit Gewalt zur Unterwerfung zu zwingen, was letztlich den niederl\u00e4ndischen Aufstand ausl\u00f6ste.<\/p>\n<p>Die historischen Vorg\u00e4nge beschrieb Friedrich Schiller in seiner <em>Geschichte des Abfalls der vereinigten Niederlande von der spanischen Regierung.<\/em> Es stimmt also nicht: Der Abfall der Niederlande landet bei Alba.<\/p><\/blockquote>\n<p>&nbsp;<\/p>\n<p><strong>In welcher Sprache verfasste Anne Frank ihr ber\u00fchmtes Tagebuch?<\/strong><\/p>\n<blockquote><p>X Deutsch<\/p>\n<p><span class=\"Unicode\">\u2714<\/span> <span style=\"color: #339966\">Niederl\u00e4ndisch<\/span><\/p>\n<p>X Jiddisch<\/p>\n<p>Auf Niederl\u00e4ndisch \u2013 schlie\u00dflich war sie erst vier Jahre alt, als ihre Eltern von Frankfurt am Main in die Niederlande emigrierten. Sie besuchte dort zun\u00e4chst auch die Schule.<\/p><\/blockquote>\n<p>&nbsp;<\/p>\n<p><strong>Die Schlagers\u00e4nger Adamo und Rocco Granata begannen ihre Karriere in<\/strong><\/p>\n<blockquote><p>X Apulien<\/p>\n<p>X Friesland<\/p>\n<p><span class=\"Unicode\">\u2714<\/span> <span style=\"color: #339966\">Belgien<\/span><\/p>\n<p>Die Eltern von Salvatore Adamo und Rocco Granata kamen rund 1950 als Gastarbeiter nach Belgien. So wuchs ersterer im frankophonen Wallonien auf, der andere im niederl\u00e4ndischsprachigen Flandern.<\/p><\/blockquote>\n<p>&nbsp;<\/p>\n<div style=\"width: 216px\" class=\"wp-caption alignright\"><a href=\"http:\/\/www.geisteswissenschaften.fu-berlin.de\/fachbereich\/ehrenpromotionen\/nooteboom\/bildergalerie\/\" target=\"_blank\" rel=\"noopener\"><img loading=\"lazy\" decoding=\"async\" src=\"http:\/\/www.geisteswissenschaften.fu-berlin.de\/fachbereich\/ehrenpromotionen\/nooteboom\/bildergalerie\/nooteboom9.jpg?width=1000\" alt=\"\" width=\"206\" height=\"137\" \/><\/a><p class=\"wp-caption-text\">Ehrendoktorw\u00fcrde f\u00fcr Cees Nooteboom am 13.11.2008<\/p><\/div>\n<p><strong>Welche\/r niederl\u00e4ndische Schriftsteller\/in erhielt die Ehrendoktorw\u00fcrde der FU Berlin?<\/strong><\/p>\n<blockquote><p>X Hugo Claus<\/p>\n<p>X Hella Haasse<\/p>\n<p><span class=\"Unicode\">\u2714<\/span> <span style=\"color: #339966\">Cees Nooteboom<\/span><\/p>\n<p>Cees Nooteboom, der nach einem hymnischen Lob des Kritikers Marcel Reich-Ranicki f\u00fcr seinen Roman <em>Die folgende Geschichte<\/em> im\u00a0 <em>Literarischen Quartett\u00a0 <\/em>vor allem in Deutschland gro\u00dfe Erfolge erlebte. Nootebooms Werk umfasst Reiseberichte, Essays, Lyrik und Romane. Entdecken Sie es in der Philologischen Bibliothek!<\/p>\n<p>&nbsp;<\/p><\/blockquote>\n<hr \/>\n<p>&nbsp;<\/p>\n<p><span style=\"color: #3366ff\">And the <a style=\"color: #3366ff\" href=\"https:\/\/blogs.fu-berlin.de\/nederlands\/2016\/04\/17\/winnen\/\" target=\"_blank\" rel=\"noopener\">winnaar<\/a> is&#8230;<\/span><br \/>\nMaja R. aus Gent<\/p>\n<p>und<\/p>\n<p>Georg H. aus K\u00f6ln.<\/p>\n<p>Wir gratulieren und w\u00fcnschen veel leesplezier!<\/p>\n","protected":false},"excerpt":{"rendered":"<p>Elf Fragen &#8211; elf Herausforderungen. Wer kennt sich gut aus mit Geschichte und Kultur des niederl\u00e4ndischsprachigen Raums? Hier kommt die Aufl\u00f6sung unseres Quizspiels &#8222;Waffeln f\u00fcr Wissen&#8222;, das unser Publikum bei der Langen Nacht der Wissenschaften am 11. Juni zu bestehen hatte, um sich eine frisch gebackene Waffel zu erspielen. Als Belohnung f\u00fcr&#8217;s Mitmachen gibt es [&hellip;]<\/p>\n","protected":false},"author":2044,"featured_media":0,"comment_status":"open","ping_status":"open","sticky":false,"template":"","format":"standard","meta":{"footnotes":""},"categories":[1,2983,720],"tags":[44141,1542],"class_list":["post-12808","post","type-post","status-publish","format-standard","hentry","category-allgemein","category-belgien","category-niederlande","tag-beitraege-auf-deutsch","tag-kultur"],"_links":{"self":[{"href":"https:\/\/blogs.fu-berlin.de\/nederlands\/wp-json\/wp\/v2\/posts\/12808","targetHints":{"allow":["GET"]}}],"collection":[{"href":"https:\/\/blogs.fu-berlin.de\/nederlands\/wp-json\/wp\/v2\/posts"}],"about":[{"href":"https:\/\/blogs.fu-berlin.de\/nederlands\/wp-json\/wp\/v2\/types\/post"}],"author":[{"embeddable":true,"href":"https:\/\/blogs.fu-berlin.de\/nederlands\/wp-json\/wp\/v2\/users\/2044"}],"replies":[{"embeddable":true,"href":"https:\/\/blogs.fu-berlin.de\/nederlands\/wp-json\/wp\/v2\/comments?post=12808"}],"version-history":[{"count":20,"href":"https:\/\/blogs.fu-berlin.de\/nederlands\/wp-json\/wp\/v2\/posts\/12808\/revisions"}],"predecessor-version":[{"id":16957,"href":"https:\/\/blogs.fu-berlin.de\/nederlands\/wp-json\/wp\/v2\/posts\/12808\/revisions\/16957"}],"wp:attachment":[{"href":"https:\/\/blogs.fu-berlin.de\/nederlands\/wp-json\/wp\/v2\/media?parent=12808"}],"wp:term":[{"taxonomy":"category","embeddable":true,"href":"https:\/\/blogs.fu-berlin.de\/nederlands\/wp-json\/wp\/v2\/categories?post=12808"},{"taxonomy":"post_tag","embeddable":true,"href":"https:\/\/blogs.fu-berlin.de\/nederlands\/wp-json\/wp\/v2\/tags?post=12808"}],"curies":[{"name":"wp","href":"https:\/\/api.w.org\/{rel}","templated":true}]}}