{"id":12944,"date":"2016-07-07T09:39:17","date_gmt":"2016-07-07T07:39:17","guid":{"rendered":"https:\/\/blogs.fu-berlin.de\/nederlands\/?p=12944"},"modified":"2017-01-08T13:24:38","modified_gmt":"2017-01-08T12:24:38","slug":"ungezogenes-voelkchen","status":"publish","type":"post","link":"https:\/\/blogs.fu-berlin.de\/nederlands\/2016\/07\/07\/ungezogenes-voelkchen\/","title":{"rendered":"Ungezogenes V\u00f6lkchen"},"content":{"rendered":"<p>Nach dem Brexit ist vor dem Brexit: Die Abstimmung ist vorbei, aber erledigt ist die Angelegenheit noch lange nicht. Die Verhandlungen m\u00fcssen erst einmal beginnen. W\u00e4hrenddessen schauen viele Niederl\u00e4nder und Belgier \u00fcber die Nordsee und sagen sich: <em>Wat een stout volkje!<\/em><\/p>\n<p>Was sie damit meinen, da sind sie sich wahrscheinlich nicht unbedingt einig. Die Einen denken wie ein gewisser Jemand mit stark gegelten blonden Haaren und sehen in den Briten die klarsichtigen Vorbilder. Sie halten sich an die <a href=\"https:\/\/www.etymologiebank.nl\/trefwoord\/stout2\" target=\"_blank\">althergebrachte Bedeutung<\/a> des W\u00f6rtchens <em>stout<\/em>, das mit dem deutschen <em>stolz<\/em> verwandt ist: Die Briten seien ein tapferes, wackeres Volk, das die Krake Europa endlich abgesch\u00fcttelt hat. Sie f\u00fchlen sich vielleicht an <a href=\"https:\/\/nl.wikipedia.org\/wiki\/Karel_de_Stoute\" target=\"_blank\"><em>Karel de Stoute <\/em><\/a>(dt. <em>Karl der K\u00fchne<\/em>) im 15. Jahrhundert erinnert, der die Finger nicht von den umliegenden Landen lassen konnte und alles seinem Machtbereich einverleiben wollte \u2013 ziemlich genau das Bild, das <em>stoute <\/em>Brexit-K\u00e4mpfer von Br\u00fcssel zeichnen.<\/p>\n<div style=\"width: 260px\" class=\"wp-caption alignright\"><a href=\"https:\/\/de.wikipedia.org\/wiki\/Vigelandsanlegget\" target=\"_blank\"><img loading=\"lazy\" decoding=\"async\" src=\"https:\/\/upload.wikimedia.org\/wikipedia\/commons\/thumb\/1\/16\/Sinnataggen.JPG\/576px-Sinnataggen.JPG?uselang=de\" width=\"250\" height=\"333\" \/><\/a><p class=\"wp-caption-text\">Wie man aus Trotz nicht der EU angeh\u00f6rt, macht Norwegen den Briten schon lange vor &#8211; etwa dieses &#8222;stoute kind&#8220; im Osloer Vigelandpark. (Henning1956, CC-BY-SA-3.0)<\/p><\/div>\n<p>Die Pro-Europ\u00e4er stehen dagegen auf der progressiven Seite, jedenfalls was die Bedeutung von <em>stout <\/em>angeht. Ausgehend von der urspr\u00fcnglichen Bedeutung wie <em>k\u00fchn<\/em>, <em>unersch\u00fctterlich <\/em>oder <em>wagemutig<\/em> spricht man inzwischen auch von <em>stoute kinderen<\/em>: ungezogene Kinder (keinesfalls zu verwechseln mit <em><a href=\"https:\/\/blogs.fu-berlin.de\/nederlands\/2015\/12\/27\/onnozel\/\" target=\"_blank\">Onnozele kinderen<\/a><\/em>). Die bewundernde Komponente des Wortes hat sich in eine vorwurfsvolle gewandelt. Das <em>stoute volkje, <\/em>diese Bande von Aufm\u00fcpfigen und Undankbaren, zerhaut mir-nichts-dir-nichts die Zukunft Europas wie ein Kind, das aus Trotz sein eigenes Spielzeug an die Wand schmei\u00dft.<\/p>\n<p>Man tritt der britischen Trinkkultur wahrscheinlich nicht zu nahe wenn man sagt, dass diese Wahlentscheidung stark danach aussieht, als sei sie nach ein paar <em>stouts <\/em>zu viel getroffen worden. Bei einer schwierigen Stimmabgabe kann ein bisschen <a href=\"https:\/\/en.wikipedia.org\/wiki\/Dutch_courage\" target=\"_blank\"><em>Dutch courage <\/em><\/a>nicht schaden. Das englische Bier, wer h\u00e4tte es gedacht \u2013 hat seine Benennung von genau derselben Urbedeutung erhalten: stark, schwer, was f\u00fcr Standfeste.<\/p>\n<p>Einige besonders <a href=\"https:\/\/www.thejournal.ie\/ukip-twitter-account-1761437-Nov2014\/\" target=\"_blank\">bekannte englische Biertrinker<\/a> dagegen wollten nicht <em>de stoute schoenen aantrekken <\/em>(dt. ihren Mut zusammennehmen; sich ein Herz fassen) und Verantwortung \u00fcbernehmen. Sie haben sich flugs <a href=\"https:\/\/www.trouw.nl\/tr\/nl\/39441\/Brexit\/article\/detail\/4333034\/2016\/07\/04\/Nigel-Farage-stapt-op-als-leider-van-de-eurosceptische-Britse-partij-Ukip.dhtml\" target=\"_blank\">aus dem Staub gemacht<\/a>, nachdem sie das Schlamassel angerichtet haben. Nicht gerade <em>stoute mannen<\/em>.<\/p>\n","protected":false},"excerpt":{"rendered":"<p>Nach dem Brexit ist vor dem Brexit: Die Abstimmung ist vorbei, aber erledigt ist die Angelegenheit noch lange nicht. Die Verhandlungen m\u00fcssen erst einmal beginnen. W\u00e4hrenddessen schauen viele Niederl\u00e4nder und Belgier \u00fcber die Nordsee und sagen sich: Wat een stout volkje! Was sie damit meinen, da sind sie sich wahrscheinlich nicht unbedingt einig. Die Einen [&hellip;]<\/p>\n","protected":false},"author":2044,"featured_media":0,"comment_status":"open","ping_status":"open","sticky":false,"template":"","format":"standard","meta":{"footnotes":""},"categories":[10102,3098,6940],"tags":[44141,116],"class_list":["post-12944","post","type-post","status-publish","format-standard","hentry","category-etymologie","category-sprachwandel","category-wortschatz","tag-beitraege-auf-deutsch","tag-politik"],"_links":{"self":[{"href":"https:\/\/blogs.fu-berlin.de\/nederlands\/wp-json\/wp\/v2\/posts\/12944","targetHints":{"allow":["GET"]}}],"collection":[{"href":"https:\/\/blogs.fu-berlin.de\/nederlands\/wp-json\/wp\/v2\/posts"}],"about":[{"href":"https:\/\/blogs.fu-berlin.de\/nederlands\/wp-json\/wp\/v2\/types\/post"}],"author":[{"embeddable":true,"href":"https:\/\/blogs.fu-berlin.de\/nederlands\/wp-json\/wp\/v2\/users\/2044"}],"replies":[{"embeddable":true,"href":"https:\/\/blogs.fu-berlin.de\/nederlands\/wp-json\/wp\/v2\/comments?post=12944"}],"version-history":[{"count":7,"href":"https:\/\/blogs.fu-berlin.de\/nederlands\/wp-json\/wp\/v2\/posts\/12944\/revisions"}],"predecessor-version":[{"id":12958,"href":"https:\/\/blogs.fu-berlin.de\/nederlands\/wp-json\/wp\/v2\/posts\/12944\/revisions\/12958"}],"wp:attachment":[{"href":"https:\/\/blogs.fu-berlin.de\/nederlands\/wp-json\/wp\/v2\/media?parent=12944"}],"wp:term":[{"taxonomy":"category","embeddable":true,"href":"https:\/\/blogs.fu-berlin.de\/nederlands\/wp-json\/wp\/v2\/categories?post=12944"},{"taxonomy":"post_tag","embeddable":true,"href":"https:\/\/blogs.fu-berlin.de\/nederlands\/wp-json\/wp\/v2\/tags?post=12944"}],"curies":[{"name":"wp","href":"https:\/\/api.w.org\/{rel}","templated":true}]}}