{"id":12954,"date":"2016-08-16T09:48:29","date_gmt":"2016-08-16T07:48:29","guid":{"rendered":"https:\/\/blogs.fu-berlin.de\/nederlands\/?p=12954"},"modified":"2018-12-04T21:20:49","modified_gmt":"2018-12-04T20:20:49","slug":"alumnis-laus-4","status":"publish","type":"post","link":"https:\/\/blogs.fu-berlin.de\/nederlands\/2016\/08\/16\/alumnis-laus-4\/","title":{"rendered":"Alumnis laus! &#8211; 4"},"content":{"rendered":"<p lang=\"de-DE\"><img loading=\"lazy\" decoding=\"async\" class=\"alignleft\" src=\"https:\/\/upload.wikimedia.org\/wikipedia\/commons\/9\/92\/Open_book_nae_02.svg\" width=\"93\" height=\"52\" \/>Flandern und die Niederlande sind gemeinsam die diesj\u00e4hrigen Ehreng\u00e4ste der <a href=\"https:\/\/www.buchmesse.de\/de\/\" target=\"_blank\" rel=\"noopener\">68. Frankfurter Buchmesse<\/a>.<br \/>\nWir stellen \u00dcbersetzerinnen und \u00dcbersetzer mit FU-Vergangenheit vor.<\/p>\n<p>&nbsp;<\/p>\n<p><strong><a href=\"https:\/\/www.letterenfonds.nl\/en\/nlf_translator\/10\/gerd-busse\" target=\"_blank\" rel=\"noopener\">Gerd Busse<\/a><\/strong> hat \u00fcberwiegend vor meiner Zeit an der FU Niederl\u00e4ndisch studiert.<br \/>\nEr hat u.a. den belgischen Autor <a href=\"https:\/\/de.wikipedia.org\/wiki\/Willem_Elsschot\" target=\"_blank\" rel=\"noopener\">Willem Elsschot<\/a> und den Niederl\u00e4nder <a href=\"https:\/\/nl.wikipedia.org\/wiki\/Karel_van_het_Reve\" target=\"_blank\" rel=\"noopener\">Karel van het Reve<\/a> \u00fcbersetzt. Letzterem verdankt er sein Motto: \u2018<em>Man muss \u00fcbersetzen, was dort steht (und nicht, was man glaubt, das dort stehen sollte).<\/em>\u2019 Und Gerd Busse muss &#8211; wie ich auch &#8211; ein gro\u00dfer Fan von <strong>J.J. Voskuils<\/strong> <a href=\"https:\/\/de.wikipedia.org\/wiki\/Das_B%C3%BCro_(Roman)\" target=\"_blank\" rel=\"noopener\"><em>Das B\u00fcro<\/em><\/a><em> sein.<\/em> Wer w\u00fcrde sich sonst an die \u00dcbersetzung dieses einmaligen Werkes, das mehr als 5000 Seiten umfasst, wagen?<\/p>\n<p>&nbsp;<\/p>\n<p style=\"text-align: center\"><a href=\"https:\/\/blogs.fu-berlin.de\/nederlands\/files\/2016\/06\/VitrineSpiegelschiff-2.jpg\" target=\"_blank\" rel=\"noopener\"><img loading=\"lazy\" decoding=\"async\" class=\"aligncenter wp-image-12772\" src=\"https:\/\/blogs.fu-berlin.de\/nederlands\/files\/2016\/06\/VitrineSpiegelschiff-2-300x225.jpg\" alt=\"VitrineSpiegelschiff (2)\" width=\"215\" height=\"161\" srcset=\"https:\/\/blogs.fu-berlin.de\/nederlands\/files\/2016\/06\/VitrineSpiegelschiff-2-300x225.jpg 300w, https:\/\/blogs.fu-berlin.de\/nederlands\/files\/2016\/06\/VitrineSpiegelschiff-2-768x576.jpg 768w, https:\/\/blogs.fu-berlin.de\/nederlands\/files\/2016\/06\/VitrineSpiegelschiff-2-1024x768.jpg 1024w\" sizes=\"auto, (max-width: 215px) 100vw, 215px\" \/><\/a><\/p>\n<p>&nbsp;<\/p>\n<p><strong><a href=\"https:\/\/de.wikipedia.org\/wiki\/Ira_Wilhelm\" target=\"_blank\" rel=\"noopener\">Ira Wilhelm<\/a><\/strong> habe ich erst nach ihrem Studium in M\u00fcnchen kennengelernt. Sie hat aber an der FU <a href=\"https:\/\/www.diss.fu-berlin.de\/diss\/receive\/FUDISS_thesis_000000099213\" target=\"_blank\" rel=\"noopener\">promoviert<\/a>. Nebst Oscar van den Boogaard, Erwin Mortier und Midas Dekkers hat sie den wunderbaren Roman <em>Oorlog en terpentijn<\/em> \/ <a href=\"https:\/\/www.deutschlandfunk.de\/stefan-hertmans-der-himmel-meines-grossvaters-ein.700.de.html?dram:article_id=323534\" target=\"_blank\" rel=\"noopener\">Der Himmel meines Gro\u00dfvaters<\/a> von Stefan Hertmans \u00fcbersetzt. Hertmans Gro\u00dfvater &#8211; wie gerne w\u00e4re er Maler geworden &#8211; k\u00e4mpfte im Ersten Weltkrieg in den <span id=\"a281587\" class=\"ga\"><span class=\"gah\"><span class=\"gy gah1\"><span class=\"gv\"><span id=\"v612027\" class=\"gq gad\"><span class=\"gg\"><span class=\"gaj\">Sch\u00fctzengr\u00e4ben<\/span><\/span><\/span><\/span><\/span><\/span><\/span> an der IJzer.<br \/>\n<span style=\"color: #333333\">Meiner Ansicht nach geb\u00fchrt Ira Wilhelm f\u00fcr die \u00dcbersetzung dieses Romans der Else-Otten-Preis 2016.<\/span><\/p>\n","protected":false},"excerpt":{"rendered":"<p>Flandern und die Niederlande sind gemeinsam die diesj\u00e4hrigen Ehreng\u00e4ste der 68. Frankfurter Buchmesse. Wir stellen \u00dcbersetzerinnen und \u00dcbersetzer mit FU-Vergangenheit vor. &nbsp; Gerd Busse hat \u00fcberwiegend vor meiner Zeit an der FU Niederl\u00e4ndisch studiert. Er hat u.a. den belgischen Autor Willem Elsschot und den Niederl\u00e4nder Karel van het Reve \u00fcbersetzt. Letzterem verdankt er sein Motto: [&hellip;]<\/p>\n","protected":false},"author":1834,"featured_media":0,"comment_status":"open","ping_status":"open","sticky":false,"template":"","format":"standard","meta":{"footnotes":""},"categories":[1],"tags":[44141,1542,71799],"class_list":["post-12954","post","type-post","status-publish","format-standard","hentry","category-allgemein","tag-beitraege-auf-deutsch","tag-kultur","tag-was-wir-teilen"],"_links":{"self":[{"href":"https:\/\/blogs.fu-berlin.de\/nederlands\/wp-json\/wp\/v2\/posts\/12954","targetHints":{"allow":["GET"]}}],"collection":[{"href":"https:\/\/blogs.fu-berlin.de\/nederlands\/wp-json\/wp\/v2\/posts"}],"about":[{"href":"https:\/\/blogs.fu-berlin.de\/nederlands\/wp-json\/wp\/v2\/types\/post"}],"author":[{"embeddable":true,"href":"https:\/\/blogs.fu-berlin.de\/nederlands\/wp-json\/wp\/v2\/users\/1834"}],"replies":[{"embeddable":true,"href":"https:\/\/blogs.fu-berlin.de\/nederlands\/wp-json\/wp\/v2\/comments?post=12954"}],"version-history":[{"count":31,"href":"https:\/\/blogs.fu-berlin.de\/nederlands\/wp-json\/wp\/v2\/posts\/12954\/revisions"}],"predecessor-version":[{"id":17506,"href":"https:\/\/blogs.fu-berlin.de\/nederlands\/wp-json\/wp\/v2\/posts\/12954\/revisions\/17506"}],"wp:attachment":[{"href":"https:\/\/blogs.fu-berlin.de\/nederlands\/wp-json\/wp\/v2\/media?parent=12954"}],"wp:term":[{"taxonomy":"category","embeddable":true,"href":"https:\/\/blogs.fu-berlin.de\/nederlands\/wp-json\/wp\/v2\/categories?post=12954"},{"taxonomy":"post_tag","embeddable":true,"href":"https:\/\/blogs.fu-berlin.de\/nederlands\/wp-json\/wp\/v2\/tags?post=12954"}],"curies":[{"name":"wp","href":"https:\/\/api.w.org\/{rel}","templated":true}]}}