{"id":13046,"date":"2016-08-22T08:33:28","date_gmt":"2016-08-22T06:33:28","guid":{"rendered":"https:\/\/blogs.fu-berlin.de\/nederlands\/?p=13046"},"modified":"2016-08-16T17:42:28","modified_gmt":"2016-08-16T15:42:28","slug":"manno-menno","status":"publish","type":"post","link":"https:\/\/blogs.fu-berlin.de\/nederlands\/2016\/08\/22\/manno-menno\/","title":{"rendered":"Manno, Menno!"},"content":{"rendered":"<p><strong><em>Mein Ich ist, wie auch mein Schreiben, eine Form der Polemik<\/em><\/strong><\/p>\n<p><a href=\"https:\/\/www.waxmann.com\/waxmann-buecher\/?no_cache=1&amp;tx_p2waxmann_pi2%5Bbuch%5D=BUC121206&amp;tx_p2waxmann_pi2%5Baction%5D=show&amp;tx_p2waxmann_pi2%5Bcontroller%5D=Buch&amp;cHash=78f306ecc28df19c673fc7feb31b70de\" target=\"_blank\"><img loading=\"lazy\" decoding=\"async\" class=\"img-responsive cover alignleft\" src=\"https:\/\/www.waxmann.com\/fileadmin\/media\/cover\/2464gross.jpg\" alt=\"Menno ter Braak (1902\u20131940)\" width=\"126\" height=\"187\" \/><\/a>Kommt Ihnen das Bild auf dem Buchdeckel links bekannt vor?<br \/>\nDann trinken Sie bestimmt gelegentlich einen Kaffee im Literaturhaus in der Fasanenstra\u00dfe.<br \/>\nAn der Wand &#8211; wenn Se reinkommen, jleich rechts &#8211; h\u00e4ngt dieses Bild vom Mann mit der Brille, ein Kunstwerk von dem K\u00fcnstler <a href=\"https:\/\/www.elbocho.net\/2011\/02\/\" target=\"_blank\">El Bocho<\/a>.<\/p>\n<p>Das ist der niederl\u00e4ndische Autor und Essayist <a href=\"https:\/\/de.wikipedia.org\/wiki\/Menno_ter_Braak\" target=\"_blank\">Menno ter Braak<\/a>.<\/p>\n<p><a href=\"https:\/\/blogs.fu-berlin.de\/nederlands\/2016\/07\/29\/alumnis-laus-1\/\" target=\"_blank\">Marlene M\u00fcller-Haas<\/a> \u00fcbersetzte die Biografie ter Braaks von L\u00e9on Hanssen: <a href=\"https:\/\/www.waxmann.com\/waxmann-buecher\/?no_cache=1&amp;tx_p2waxmann_pi2%5Bbuchnr%5D=2464&amp;tx_p2waxmann_pi2%5Baction%5D=show&amp;tx_p2waxmann_pi2%5Bcontroller%5D=Buch&amp;cHash=63865325df4ea6831e5826bc37db50f2\" target=\"_blank\"><em>Menno ter Braak<\/em>, (1902\u20131940) Leben und Werk eines Querdenkers<\/a>, 2011, Niederlande-Studien, Band 51.<\/p>\n<p>Menno ter Braak kannte und sch\u00e4tzte die deutsche Literaturlandschaft wie kaum ein anderer. Er begleitete die politischen Entwicklungen in den Niederlanden, in Deutschland kritisch. Als die Deutschen im Mai 1940 die Niederlande \u00fcberfielen, w\u00e4hlte er den Freitod. <em><br \/>\n<\/em><\/p>\n<blockquote><p><em>Ich brauche Ihnen nicht zu sagen, wie schmerzlich nahe mir der Tod der beiden<strong>*<\/strong> holl\u00e4ndischen Schriftsteller, vor allem das Ende unseres Freundes ter Braak, gegangen ist. Es war ein ersch\u00fctternder Schlag f\u00fcr mich, denn ich habe diesen Mann, der auch f\u00fcr meine Arbeit Sch\u00f6nes und R\u00fchrendes getan hat, wahrhaft gern gehabt. Ich glaube, da\u00df die geistvolle Besprechung von \u00bbLotte in Weimar\u00ab, die er wenige Tage vor dem Nazi-Einbruch in Het Vaderland ver\u00f6ffentlichte, das letzte gewesen ist, was er geschrieben hat. <\/em><a href=\"https:\/\/www.literaturhaus-berlin.de\/archiv-statisch\/unten\/prosa\/p_april_11.html\" target=\"_blank\">Quelle<\/a><em><br \/>\n<\/em><\/p><\/blockquote>\n<p>Das schrieb Thomas Mann an <a href=\"https:\/\/de.wikipedia.org\/wiki\/Albert_Vigoleis_Thelen\" target=\"_blank\">Albert Vigoleis Thelen<\/a> am 5. Oktober 1941.<\/p>\n<hr \/>\n<p><strong>*<\/strong>Am selben Tag wie Menno ter Braak, am 14 Mai 1940, starb <a href=\"https:\/\/nl.wikipedia.org\/wiki\/E._du_Perron\" target=\"_blank\">Edgar du Perron<\/a> an einem Herzinfarkt. Wenige Tage sp\u00e4ter, am 21. Mai, ging das Schiff, auf dem <a href=\"https:\/\/de.wikipedia.org\/wiki\/Hendrik_Marsman\" target=\"_blank\">Hendrik Marsman<\/a> nach England unterwegs war, unter. Du Perron und Marsman waren sowohl mit Thomas Mann wie mit Albert Vigoleis Thelen bekannt.<\/p>\n","protected":false},"excerpt":{"rendered":"<p>Mein Ich ist, wie auch mein Schreiben, eine Form der Polemik Kommt Ihnen das Bild auf dem Buchdeckel links bekannt vor? Dann trinken Sie bestimmt gelegentlich einen Kaffee im Literaturhaus in der Fasanenstra\u00dfe. An der Wand &#8211; wenn Se reinkommen, jleich rechts &#8211; h\u00e4ngt dieses Bild vom Mann mit der Brille, ein Kunstwerk von dem [&hellip;]<\/p>\n","protected":false},"author":1834,"featured_media":0,"comment_status":"open","ping_status":"open","sticky":false,"template":"","format":"standard","meta":{"footnotes":""},"categories":[720],"tags":[44141,1542,71799],"class_list":["post-13046","post","type-post","status-publish","format-standard","hentry","category-niederlande","tag-beitraege-auf-deutsch","tag-kultur","tag-was-wir-teilen"],"_links":{"self":[{"href":"https:\/\/blogs.fu-berlin.de\/nederlands\/wp-json\/wp\/v2\/posts\/13046","targetHints":{"allow":["GET"]}}],"collection":[{"href":"https:\/\/blogs.fu-berlin.de\/nederlands\/wp-json\/wp\/v2\/posts"}],"about":[{"href":"https:\/\/blogs.fu-berlin.de\/nederlands\/wp-json\/wp\/v2\/types\/post"}],"author":[{"embeddable":true,"href":"https:\/\/blogs.fu-berlin.de\/nederlands\/wp-json\/wp\/v2\/users\/1834"}],"replies":[{"embeddable":true,"href":"https:\/\/blogs.fu-berlin.de\/nederlands\/wp-json\/wp\/v2\/comments?post=13046"}],"version-history":[{"count":34,"href":"https:\/\/blogs.fu-berlin.de\/nederlands\/wp-json\/wp\/v2\/posts\/13046\/revisions"}],"predecessor-version":[{"id":13165,"href":"https:\/\/blogs.fu-berlin.de\/nederlands\/wp-json\/wp\/v2\/posts\/13046\/revisions\/13165"}],"wp:attachment":[{"href":"https:\/\/blogs.fu-berlin.de\/nederlands\/wp-json\/wp\/v2\/media?parent=13046"}],"wp:term":[{"taxonomy":"category","embeddable":true,"href":"https:\/\/blogs.fu-berlin.de\/nederlands\/wp-json\/wp\/v2\/categories?post=13046"},{"taxonomy":"post_tag","embeddable":true,"href":"https:\/\/blogs.fu-berlin.de\/nederlands\/wp-json\/wp\/v2\/tags?post=13046"}],"curies":[{"name":"wp","href":"https:\/\/api.w.org\/{rel}","templated":true}]}}