{"id":13204,"date":"2016-09-03T09:55:16","date_gmt":"2016-09-03T07:55:16","guid":{"rendered":"https:\/\/blogs.fu-berlin.de\/nederlands\/?p=13204"},"modified":"2017-01-08T13:19:43","modified_gmt":"2017-01-08T12:19:43","slug":"deutsland-vuer-nederlaenders-4","status":"publish","type":"post","link":"https:\/\/blogs.fu-berlin.de\/nederlands\/2016\/09\/03\/deutsland-vuer-nederlaenders-4\/","title":{"rendered":"Deutsland v\u00fcr Nederl\u00e4nders &#8211; 4"},"content":{"rendered":"<p>Das Experiment geht weiter: vorletzter Teil der Beobachtungen zur <a href=\"https:\/\/dewerelddraaitdoor.vara.nl\/media\/362480\" target=\"_blank\">summer school<\/a> von <em>De Wereld Draait Door.<\/em><\/p>\n<p><strong>29:10<\/strong> \u2013 \u201eDuitsland organiseerde het Sommerm\u00e4rchen, het zomersprookje.\u201c Erstaunlich, dass diese Wortsch\u00f6pfung auch zehn Jahre nach der Weltmeisterschaft 2006 noch so bekannt ist. Ein interessantes Wort, denn ein <a href=\"https:\/\/blogs.fu-berlin.de\/nederlands\/2014\/12\/22\/een-sprookje\/\" target=\"_blank\">M\u00e4rchen<\/a> ist schlie\u00dflich Fiktion. Heute dient das \u201eSommerm\u00e4rchen\u201c vielen als eine Art Whitewashing von Patriotismus \u2013 also auf Basis einer Geschichte, die eigentlich dem Wortsinn nach gar nicht wahr sein kann.<\/p>\n<div style=\"width: 239px\" class=\"wp-caption alignright\"><a href=\"https:\/\/commons.wikimedia.org\/wiki\/File:Wm2006_cologne_fan003.jpg\" target=\"_blank\"><img loading=\"lazy\" decoding=\"async\" src=\"https:\/\/upload.wikimedia.org\/wikipedia\/commons\/thumb\/2\/2a\/Wm2006_cologne_fan003.jpg\/480px-Wm2006_cologne_fan003.jpg\" width=\"229\" height=\"229\" \/><\/a><p class=\"wp-caption-text\">Alfred war beim Sommerm\u00e4rchen dabei. Er trug oranje aus dienstlichen Gr\u00fcnden. (E. Wetzig, CC-BY-SA-3.0)<\/p><\/div>\n<p><strong>30:05<\/strong> \u2013 Wollaars purzelt das \u2013n von <em>M\u00fcnchen <\/em>weg. Dem Kollegen Nachrichtensprecher aus dem Ausschnitt vorher in der Sendung dagegen nicht. Vielleicht eine Art Heimateffekt des Deutschlandkorrespondenten: Hier bin ich zuhause, hier spreche ich niederl\u00e4ndisch, <em>hier mag het<\/em>.<\/p>\n<p><strong>30:08<\/strong> \u2013 Wurzburg. Hatten wir so auch noch nicht.<\/p>\n<p><strong>30:58<\/strong> \u2013 \u201eDe softe Duitse Gutmenschen-kant\u201c. Morphologisch ist das faszinierend. <a href=\"https:\/\/blogs.fu-berlin.de\/nederlands\/2015\/07\/09\/goedmens\/\" target=\"_blank\"><em>Gutmensch<\/em><\/a> kann ein Kompositum bilden und vielleicht ist das -en- hier sogar ein Fugenelement und nicht unbedingt ein Plural. Aber wer kann das schon unterscheiden?<\/p>\n<p><strong>31:49<\/strong> \u2013 Auch was Pegida ist, muss offenbar niemandem mehr erkl\u00e4rt werden. Das gilt wohl auch in den Niederlanden leider inzwischen <a href=\"https:\/\/blogs.fu-berlin.de\/nederlands\/2015\/02\/01\/vlagida-und-die-luegenpresse\/\" target=\"_blank\">als Allgemeinwissen<\/a>.<\/p>\n<p><strong>32:32<\/strong> \u2013 In einem Reportageausschnitt wird ein junger Demonstrant befragt, der sich gegen Multikulturalismus als \u201eSt\u00f6rung der nat\u00fcrlichen Ordnung\u201c ausspricht. Er wird vorgestellt im Zusammenhang mit Rechtsradikalismus in Ostdeutschland. Seine Dialektf\u00e4rbung ist aber s\u00fcddeutsch.<\/p>\n<p><strong>34:03<\/strong> \u2013 \u201eDe AfD, de Alternative f\u00fcr Deutschland\u201c <a href=\"https:\/\/blogs.fu-berlin.de\/nederlands\/2016\/03\/14\/aufmarsch-der-partei-ohne-artikel\/\" target=\"_blank\">bekommt einen Artikel<\/a>. Und zwar kein Neutrum, wie <em>het Stunde Null.<\/em> Obwohl es im Niederl\u00e4ndischen doch mit <em>het alternatief <\/em>sogar exakt dasselbe Wort mit anderem Genus gibt, wohingegen sich <em>het uur <\/em>und <em>die Stunde <\/em>auch strukturell und etymologisch unterscheiden. Vielleicht ist das gerade der Grund?<\/p>\n<p><strong>35:26<\/strong> \u2013 <em>Aufarbeiten<\/em>, ganz abstrakt, jetzt ohne erneute Erl\u00e4uterung. Also doch <em>summer school<\/em>: Wer seine Vokabeln vor 25 Minuten nicht gelernt hat, versteht jetzt nicht mehr, worum es gehen soll.<\/p>\n<p>In der letzten Folge k\u00fcmmern wir uns um die bayerischen Christsozialen, eine wieder neue niederlandisierte Fassung von <em>Wir schaffen das <\/em>und nat\u00fcrlich vor allem um ein Fazit.<\/p>\n","protected":false},"excerpt":{"rendered":"<p>Das Experiment geht weiter: vorletzter Teil der Beobachtungen zur summer school von De Wereld Draait Door. 29:10 \u2013 \u201eDuitsland organiseerde het Sommerm\u00e4rchen, het zomersprookje.\u201c Erstaunlich, dass diese Wortsch\u00f6pfung auch zehn Jahre nach der Weltmeisterschaft 2006 noch so bekannt ist. Ein interessantes Wort, denn ein M\u00e4rchen ist schlie\u00dflich Fiktion. Heute dient das \u201eSommerm\u00e4rchen\u201c vielen als eine [&hellip;]<\/p>\n","protected":false},"author":2044,"featured_media":0,"comment_status":"open","ping_status":"open","sticky":false,"template":"","format":"standard","meta":{"footnotes":""},"categories":[1,23502,23484,720,3099,6940],"tags":[44141,116],"class_list":["post-13204","post","type-post","status-publish","format-standard","hentry","category-allgemein","category-aussprache","category-idiom","category-niederlande","category-sprachvergleich","category-wortschatz","tag-beitraege-auf-deutsch","tag-politik"],"_links":{"self":[{"href":"https:\/\/blogs.fu-berlin.de\/nederlands\/wp-json\/wp\/v2\/posts\/13204","targetHints":{"allow":["GET"]}}],"collection":[{"href":"https:\/\/blogs.fu-berlin.de\/nederlands\/wp-json\/wp\/v2\/posts"}],"about":[{"href":"https:\/\/blogs.fu-berlin.de\/nederlands\/wp-json\/wp\/v2\/types\/post"}],"author":[{"embeddable":true,"href":"https:\/\/blogs.fu-berlin.de\/nederlands\/wp-json\/wp\/v2\/users\/2044"}],"replies":[{"embeddable":true,"href":"https:\/\/blogs.fu-berlin.de\/nederlands\/wp-json\/wp\/v2\/comments?post=13204"}],"version-history":[{"count":6,"href":"https:\/\/blogs.fu-berlin.de\/nederlands\/wp-json\/wp\/v2\/posts\/13204\/revisions"}],"predecessor-version":[{"id":13357,"href":"https:\/\/blogs.fu-berlin.de\/nederlands\/wp-json\/wp\/v2\/posts\/13204\/revisions\/13357"}],"wp:attachment":[{"href":"https:\/\/blogs.fu-berlin.de\/nederlands\/wp-json\/wp\/v2\/media?parent=13204"}],"wp:term":[{"taxonomy":"category","embeddable":true,"href":"https:\/\/blogs.fu-berlin.de\/nederlands\/wp-json\/wp\/v2\/categories?post=13204"},{"taxonomy":"post_tag","embeddable":true,"href":"https:\/\/blogs.fu-berlin.de\/nederlands\/wp-json\/wp\/v2\/tags?post=13204"}],"curies":[{"name":"wp","href":"https:\/\/api.w.org\/{rel}","templated":true}]}}