{"id":13210,"date":"2016-09-06T10:01:59","date_gmt":"2016-09-06T08:01:59","guid":{"rendered":"https:\/\/blogs.fu-berlin.de\/nederlands\/?p=13210"},"modified":"2017-01-08T13:19:30","modified_gmt":"2017-01-08T12:19:30","slug":"deutsland-vuer-nederlaenders-5","status":"publish","type":"post","link":"https:\/\/blogs.fu-berlin.de\/nederlands\/2016\/09\/06\/deutsland-vuer-nederlaenders-5\/","title":{"rendered":"Deutsland v\u00fcr Nederl\u00e4nders &#8211; 5"},"content":{"rendered":"<p>Noch ein paar Minuten bleiben \u00fcbrig von der <a href=\"https:\/\/dewerelddraaitdoor.vara.nl\/media\/362480\" target=\"_blank\">summer school<\/a> \u00fcber Deutschland bei <em>De Wereld Draait Door. <\/em>Die lassen wir uns nat\u00fcrlich nicht entgehen und wir fragen uns am Ende: Was haben wir nun gelernt?<\/p>\n<p><strong>36:22<\/strong> \u2013 \u201eWie gaat op dat moment zeggen, ja, wij schaffen het toch maar niet.\u201c Neue Variation des Themas, die Halb\u00fcbersetzung: <em>schaffen <\/em>muss als Verb stehen bleiben, sonst ist das Motto nicht mehr erkennbar. Alles rundherum, die kleinen W\u00f6rtchen wie <em>wij <\/em>und <em>het<\/em>, die sind doch austauschbar.<\/p>\n<p><strong>36:39<\/strong> \u2013 Die CSU hei\u00dft [tse \u2013 es \u2013 u]. Nicht [se \u2013 es \u2013 y]. Wir buchstabieren also auch auf Deutsch. Das Parteik\u00fcrzel f\u00fchlt sich f\u00fcr Wollaars wahrscheinlich mehr wie ein Name an und nicht nur wie eine Buchstabenkombination.<\/p>\n<p><strong>41:49<\/strong> \u2013 Wollaars erkl\u00e4rt das deutsche Mediensystem als St\u00fctzpfeiler der Demokratie, entworfen als Teil der Nachkriegsordnung der USA. Die zwei \u00f6ffentlich-rechtlichen Rundfunkanstalten sieht er als Beispiel daf\u00fcr: Wenn eine in die H\u00e4nde eines Diktators falle, g\u00e4be es immer noch eine zweite, die unabh\u00e4ngig bliebe. Aber die <a href=\"https:\/\/www.deutschlandfunk.de\/adenauer-fernsehen-als-alternative-zur-ard.761.de.html?dram:article_id=114435\" target=\"_blank\">Geschichte des ZDF<\/a> als sogenanntes <em>Adenauer-Fernsehen <\/em>sieht irgendwie anders aus.<\/p>\n<div style=\"width: 273px\" class=\"wp-caption alignright\"><a href=\"https:\/\/nl.wikipedia.org\/wiki\/ZDF\" target=\"_blank\"><img loading=\"lazy\" decoding=\"async\" src=\"https:\/\/upload.wikimedia.org\/wikipedia\/commons\/thumb\/0\/02\/ZDF.svg\/320px-ZDF.svg.png\" width=\"263\" height=\"158\" \/><\/a><p class=\"wp-caption-text\">Bestimmt auch nicht die Farbe, die Adenauer sich gew\u00fcnscht h\u00e4tte&#8230;<\/p><\/div>\n<p><strong>45:52<\/strong> \u2013 \u201eEn dat was het\u201c, mit leiser Stimme, fast geheimnisvoll. Wie am Ende eines M\u00e4rchens, fast gefl\u00fcstert: \u201eUnd wenn sie nicht gestorben sind\u2026\u201c Ein Sommerm\u00e4rchen?<\/p>\n<p>Jedenfalls ein \u00fcberaus merkw\u00fcrdiges TV-Format. Erstaunlich statisch, ein Monolog eines Menschen, der sich offenbar gerne selbst sprechen h\u00f6rt. Es soll ein seri\u00f6ses Format sein, ein Lehr- und Lernformat. Der belehrende Ton und die eindringlich inszenierte Faszination sind dabei vielleicht sogar erw\u00fcnscht. Hat das Publikum nun etwas gelernt? Funktioniert das Bild einer Volkspsychologie, das Wollaars in breiten Linien zeigen wollte? Es soll ja ein <em>college <\/em>sein, bei uns an der Uni w\u00fcrden wir sagen: eine Seminarsitzung. Es war eher eine Vorlesung. Fast schon reflexhaft habe ich am Ende auf die Diskussion nach dem Vortrag gewartet, die dann ausblieb. Mit Fragen aus dem Publikum h\u00e4tte das Format sicher etwas gewonnen.<\/p>\n<p>Und wie sieht die sprachliche Bilanz aus? Systematisieren wir einmal.<\/p>\n<p>Nicht \u00fcbersetzt oder erl\u00e4utert werden:<\/p>\n<blockquote><p>Wir schaffen das, Willkommenskultur, Gutmensch, Pegida.<\/p><\/blockquote>\n<p>Erkl\u00e4rt oder \u00fcbersetzt werden:<\/p>\n<blockquote><p>aufarbeiten, Sommerm\u00e4rchen, Sonderweg, merkeln, die Stunde Null, im Alleingang.<\/p><\/blockquote>\n<p>Zwei interessante Kategorien zeichnen sich ab. Erkl\u00e4ren musste Wollaars die Begriffe, die mit deutscher Geschichte zu tun haben, sei es junge Geschichte (<em>Sommerm\u00e4rchen<\/em>) oder \u00e4ltere (<em>Stunde Null<\/em>), sowie allgemeine Begriffe der politischen Kultur in Deutschland (<em>merkeln <\/em>und <em>Alleingang <\/em>gab es schon lange vor der Fl\u00fcchtlingspolitik). Ohne Erl\u00e4uterung funktionieren offenbar alle Schlagworte der aktuellen Fl\u00fcchtlings- und Migrationspolitik und der Rhetorik, die damit verbunden ist. Vielleicht wissen die Niederl\u00e4nder \u00fcber das aktuelle politische Deutschland l\u00e4ngst viel besser Bescheid, als der Deutschland-Korrespondent es glaubt.<\/p>\n","protected":false},"excerpt":{"rendered":"<p>Noch ein paar Minuten bleiben \u00fcbrig von der summer school \u00fcber Deutschland bei De Wereld Draait Door. Die lassen wir uns nat\u00fcrlich nicht entgehen und wir fragen uns am Ende: Was haben wir nun gelernt? 36:22 \u2013 \u201eWie gaat op dat moment zeggen, ja, wij schaffen het toch maar niet.\u201c Neue Variation des Themas, die [&hellip;]<\/p>\n","protected":false},"author":2044,"featured_media":0,"comment_status":"open","ping_status":"open","sticky":false,"template":"","format":"standard","meta":{"footnotes":""},"categories":[1,23502,23484,720,3099,6940],"tags":[44141,116],"class_list":["post-13210","post","type-post","status-publish","format-standard","hentry","category-allgemein","category-aussprache","category-idiom","category-niederlande","category-sprachvergleich","category-wortschatz","tag-beitraege-auf-deutsch","tag-politik"],"_links":{"self":[{"href":"https:\/\/blogs.fu-berlin.de\/nederlands\/wp-json\/wp\/v2\/posts\/13210","targetHints":{"allow":["GET"]}}],"collection":[{"href":"https:\/\/blogs.fu-berlin.de\/nederlands\/wp-json\/wp\/v2\/posts"}],"about":[{"href":"https:\/\/blogs.fu-berlin.de\/nederlands\/wp-json\/wp\/v2\/types\/post"}],"author":[{"embeddable":true,"href":"https:\/\/blogs.fu-berlin.de\/nederlands\/wp-json\/wp\/v2\/users\/2044"}],"replies":[{"embeddable":true,"href":"https:\/\/blogs.fu-berlin.de\/nederlands\/wp-json\/wp\/v2\/comments?post=13210"}],"version-history":[{"count":9,"href":"https:\/\/blogs.fu-berlin.de\/nederlands\/wp-json\/wp\/v2\/posts\/13210\/revisions"}],"predecessor-version":[{"id":13417,"href":"https:\/\/blogs.fu-berlin.de\/nederlands\/wp-json\/wp\/v2\/posts\/13210\/revisions\/13417"}],"wp:attachment":[{"href":"https:\/\/blogs.fu-berlin.de\/nederlands\/wp-json\/wp\/v2\/media?parent=13210"}],"wp:term":[{"taxonomy":"category","embeddable":true,"href":"https:\/\/blogs.fu-berlin.de\/nederlands\/wp-json\/wp\/v2\/categories?post=13210"},{"taxonomy":"post_tag","embeddable":true,"href":"https:\/\/blogs.fu-berlin.de\/nederlands\/wp-json\/wp\/v2\/tags?post=13210"}],"curies":[{"name":"wp","href":"https:\/\/api.w.org\/{rel}","templated":true}]}}