{"id":13235,"date":"2016-08-13T09:53:44","date_gmt":"2016-08-13T07:53:44","guid":{"rendered":"https:\/\/blogs.fu-berlin.de\/nederlands\/?p=13235"},"modified":"2017-10-11T17:31:11","modified_gmt":"2017-10-11T15:31:11","slug":"wenn-nicht-naoc-dann-coa-oder-nocnsf","status":"publish","type":"post","link":"https:\/\/blogs.fu-berlin.de\/nederlands\/2016\/08\/13\/wenn-nicht-naoc-dann-coa-oder-nocnsf\/","title":{"rendered":"Wenn nicht NAOC, dann COA oder NOC*NSF"},"content":{"rendered":"<p>Gendersternchen? Nein, mit Geschlechtergerechtigkeit hat das NOC*NSF nicht viel zu tun, jedenfalls nicht hauptberuflich. Sicher wird man sich beim NOC*NSF hinter zentrale Werte wie die Gleichberechtigung der Geschlechter und die Anerkennung von Diversit\u00e4t stellen, daran besteht gar kein Zweifel. Aber wer oder was in aller Welt ist das NOC*NSF? Oder <em>der <\/em>oder <em>die<\/em>?<br \/>\nDas K\u00fcrzel steht f\u00fcr Nederlands Olympisch Comit\u00e9 * Nederlandse Sport Federatie. Und damit hat der Name gleich drei Merkw\u00fcrdigkeiten in sich vereint. Zum Einen das seltsame Sternchen \u2013 was es zu bedeutet hat, daf\u00fcr l\u00e4sst sich auch auf der <a href=\"https:\/\/www.nocnsf.nl\/home\" target=\"_blank\" rel=\"noopener\">Website<\/a> des NOC*NSF so leicht keine Erkl\u00e4rung auftreiben. Man erkl\u00e4rt zwar ausf\u00fchrlich, was man mit dem Logo der Olympischen Spiele, des Komitees und so ziemlich allen anderen Begriffen, Grafiken oder Slogans <a href=\"https:\/\/nocnsf.nl\/merkbescherming\" target=\"_blank\" rel=\"noopener\"><em>nicht <\/em>tun darf<\/a> (Vorsicht: selbst die Worte <em>Rio 2016 <\/em>k\u00f6nnen in eine Copyrightfalle f\u00fchren). Klar, wegen der olympischen Werte und weil der Sport gesch\u00fctzt werden muss. Oder damit die Lizenzgeb\u00fchren weiter sch\u00f6n flie\u00dfen k\u00f6nnen, aber das sagt man lieber nur zwischen den Zeilen.<\/p>\n<p>Warum da nun ein Sternchen im K\u00fcrzel auftaucht, auch in s\u00e4mtlichen Texten, das d\u00fcrfen wir uns wohl selbst ausdenken. Vielleicht multiplizieren sich die Kr\u00e4fte von NOC und NSF zur sportpolitischen Superpower. Oder wir sollen irgendwo eine Fu\u00dfnote suchen, in der das mit dem Copyright nochmal ganz genau erl\u00e4utert wird. Oder aber das Sternchen bedeutet, dass die Sache mit dem Sport einfach nur supertoll und total klasse ist. Vermutlich ist es vor allem Marketing \u2013 und es funktioniert: Wir haben jetzt schon minutenlang dar\u00fcber nachgedacht. Und vergessen, dass es wie oben erw\u00e4hnt noch zwei weitere Merkw\u00fcrdigkeiten gibt. N\u00e4mlich die Frage, warum die <em>Sport Federatie<\/em> getrennt geschrieben wird (vielleicht eher etwas f\u00fcr <a href=\"https:\/\/blogs.fu-berlin.de\/nederlands\/2015\/12\/14\/kommaneuken\/\" target=\"_blank\" rel=\"noopener\"><em>kommaneukers<\/em><\/a>). Und die Frage, warum das NOC*NSF im Niederl\u00e4ndischen keinen Artikel bekommt, zum Beispiel unter den <a href=\"https:\/\/www.nocnsf.nl\/cms\/showpage.aspx?id=243\" target=\"_blank\" rel=\"noopener\"><em>veel gestelde vragen <\/em><\/a>auf der Website:<\/p>\n<div style=\"width: 264px\" class=\"wp-caption alignright\"><a href=\"https:\/\/nl.wikipedia.org\/wiki\/Churandy_Martina\"><img loading=\"lazy\" decoding=\"async\" class=\"\" src=\"https:\/\/upload.wikimedia.org\/wikipedia\/commons\/8\/88\/Churandy_Martina2.jpg\" width=\"254\" height=\"368\" \/><\/a><p class=\"wp-caption-text\">Der Sprinter Churandy Martina aus Cura\u00e7ao startete fr\u00fcher f\u00fcr das NAOC, heute gezwungenerma\u00dfen f\u00fcr das NOC*NSF. (E.v.Leeuwen, CC-BY-SA-3.0)<\/p><\/div>\n<blockquote><p>Hoe kan ik lid worden van NOC*NSF?<\/p>\n<p>Hoeveel leden heeft NOC*NSF?<\/p><\/blockquote>\n<p>Offenbar ist das K\u00fcrzel so sehr zum Markenzeichen geworden, dass das<em> C <\/em>nicht mehr unmittelbar auf <em>het comit\u00e9<\/em> zur\u00fcckgef\u00fchrt wird, sondern der Verband seinen Namen einfach nur noch als eine Ansammlung von Buchstaben sieht.<\/p>\n<p>Abgelenkt hat uns das alles au\u00dferdem von der Frage, was denn neben dem NOC*NSF nun das COA oder das NAOC tun. Letzteres tut gar nichts mehr. Das NAOC war das Nederlands Antilliaans Olympisch Comit\u00e9, also der olympische Sportverband der Niederl\u00e4ndischen Antillen. Mit deren Aufl\u00f6sung vor sechs Jahren musste auch das Olympische Komitee der Inseln die Arbeit einstellen. Aruba hatte sich gl\u00fccklicherweise schon fr\u00fcher losgesagt und hat seitdem sein eigenes Olympisches Komitee, n\u00e4mlich das COA, mit <a href=\"https:\/\/blogs.fu-berlin.de\/nederlands\/2015\/07\/05\/bastardisierte-mischsprache\/\" target=\"_blank\" rel=\"noopener\">papiamentischem<\/a> Namen: Comit\u00e9 Ol\u00edmpico Arubano. Dummerweise hat das Internationale Olympische Komitee (das kennen wir alle: das IOC) vor einiger Zeit die Regeln ge\u00e4ndert und es d\u00fcrfen nur noch wirklich unabh\u00e4ngige L\u00e4nder neue Komitees gr\u00fcnden. Die alten bestehen weiter, Aruba kann seins behalten, weil es das schon vor der Regel\u00e4nderung gab. Cura\u00e7ao und Sint Maarten d\u00fcrfen aber nun als neue autonome L\u00e4nder des K\u00f6nigreichs keine neuen gr\u00fcnden. Das hat ziemlich doofe Folgen f\u00fcr Sportlerinnen und Sportler dieser Inseln, wie <a href=\"https:\/\/nos.nl\/artikel\/2114121-olympische-droom-niet-voor-curacao.html\" target=\"_blank\" rel=\"noopener\">die NOS-Redaktion<\/a> aufschl\u00fcsselt.<\/p>\n<p>In der \u00f6ffentlichen Wirkung bedeutet das, dass wir in der Er\u00f6ffnungsfeier nicht die Fahnen der Inseln sehen konnten und dass Sint Maarten und Cura\u00e7ao nicht im Medaillenspiegel auftauchen. Sprachlich bringt es uns um das sch\u00f6ne K\u00fcrzel KOK, denn ein <em>Komit\u00e9 Ol\u00edmpiko di K\u00f2rsou <\/em>d\u00fcrfte es auf absehbare Zeit nicht geben. Die cura\u00e7aischen Athletinnen und Athleten m\u00fcssen sich nun einiges gefallen lassen: Nicht nur fehlt ihnen bis heute ein vern\u00fcnftiges deutsches Adjektiv (Cura\u00e7aoisch? Cura\u00e7anisch? Curassesisch?), sondern sie m\u00fcssen das Komitee der Nachbarinsel auch noch in der \u201afalschen\u2018 Rechtschreibung ertragen. Das Komitee von Aruba tr\u00e4gt n\u00e4mlich seinen Namen selbstverst\u00e4ndlich in der Papiamento-Variante wie sie dort geschrieben wird und nicht in der Orthographie, die Cura\u00e7ao benutzt.<\/p>\n<p>Mit am Start sind in Brasilien auch ein paar Sportler*innen aus dem n\u00f6rdlichen Nachbarland, die das Surinaams Olympisch Comit\u00e9 schickt, sowie die Auserw\u00e4hlten des Belgisch Olympisch en Interfederaal Comit\u00e9 (BOIC), oder auf Franz\u00f6sisch wie immer verkehrtherum: Comit\u00e9 olympique et interf\u00e9d\u00e9ral belge (COIB). Anders als das NOC*NSF rechtfertigt sich das BOIC <a href=\"https:\/\/teambelgium.be\/nl\/pagina\/het-boic\" target=\"_blank\" rel=\"noopener\">auf seiner Internetseite<\/a> durchaus f\u00fcr die seltsame Benennung:<\/p>\n<blockquote><p>Het BOIC is een &#8222;interfederale&#8220; vzw. Het Comit\u00e9 overkoepelt de nationale sportbonden die gewoonlijk uit twee of zelfs drie communautaire liga\u2019s bestaan.<\/p><\/blockquote>\n<p>Den Athletinnen und Athleten aus dem niederl\u00e4ndischsprachigen Raum w\u00fcnschen wir jedenfalls weiter viel Erfolg in Rio. Also&#8230; dem von 2016. Mit \u00a9 und so.<\/p>\n","protected":false},"excerpt":{"rendered":"<p>Gendersternchen? Nein, mit Geschlechtergerechtigkeit hat das NOC*NSF nicht viel zu tun, jedenfalls nicht hauptberuflich. Sicher wird man sich beim NOC*NSF hinter zentrale Werte wie die Gleichberechtigung der Geschlechter und die Anerkennung von Diversit\u00e4t stellen, daran besteht gar kein Zweifel. Aber wer oder was in aller Welt ist das NOC*NSF? Oder der oder die? Das K\u00fcrzel [&hellip;]<\/p>\n","protected":false},"author":2044,"featured_media":0,"comment_status":"open","ping_status":"open","sticky":false,"template":"","format":"standard","meta":{"footnotes":""},"categories":[2983,720,3099,64050,6940],"tags":[44141,71812],"class_list":["post-13235","post","type-post","status-publish","format-standard","hentry","category-belgien","category-niederlande","category-sprachvergleich","category-suriname","category-wortschatz","tag-beitraege-auf-deutsch","tag-schriftsprache"],"_links":{"self":[{"href":"https:\/\/blogs.fu-berlin.de\/nederlands\/wp-json\/wp\/v2\/posts\/13235","targetHints":{"allow":["GET"]}}],"collection":[{"href":"https:\/\/blogs.fu-berlin.de\/nederlands\/wp-json\/wp\/v2\/posts"}],"about":[{"href":"https:\/\/blogs.fu-berlin.de\/nederlands\/wp-json\/wp\/v2\/types\/post"}],"author":[{"embeddable":true,"href":"https:\/\/blogs.fu-berlin.de\/nederlands\/wp-json\/wp\/v2\/users\/2044"}],"replies":[{"embeddable":true,"href":"https:\/\/blogs.fu-berlin.de\/nederlands\/wp-json\/wp\/v2\/comments?post=13235"}],"version-history":[{"count":18,"href":"https:\/\/blogs.fu-berlin.de\/nederlands\/wp-json\/wp\/v2\/posts\/13235\/revisions"}],"predecessor-version":[{"id":16198,"href":"https:\/\/blogs.fu-berlin.de\/nederlands\/wp-json\/wp\/v2\/posts\/13235\/revisions\/16198"}],"wp:attachment":[{"href":"https:\/\/blogs.fu-berlin.de\/nederlands\/wp-json\/wp\/v2\/media?parent=13235"}],"wp:term":[{"taxonomy":"category","embeddable":true,"href":"https:\/\/blogs.fu-berlin.de\/nederlands\/wp-json\/wp\/v2\/categories?post=13235"},{"taxonomy":"post_tag","embeddable":true,"href":"https:\/\/blogs.fu-berlin.de\/nederlands\/wp-json\/wp\/v2\/tags?post=13235"}],"curies":[{"name":"wp","href":"https:\/\/api.w.org\/{rel}","templated":true}]}}