{"id":13522,"date":"2016-10-11T09:26:46","date_gmt":"2016-10-11T07:26:46","guid":{"rendered":"https:\/\/blogs.fu-berlin.de\/nederlands\/?p=13522"},"modified":"2016-10-08T12:23:21","modified_gmt":"2016-10-08T10:23:21","slug":"nur-mal-so","status":"publish","type":"post","link":"https:\/\/blogs.fu-berlin.de\/nederlands\/2016\/10\/11\/nur-mal-so\/","title":{"rendered":"Nur mal so"},"content":{"rendered":"<p>Geschwindigkeit ist Weg pro Zeit, so haben wir es alle im Physikunterricht gelernt. Was aber wenn Weg und Zeit dasselbe sind? Dann sind wir nicht mehr in der Physik, sondern in der Sprache. R\u00e4umliche Metaphern erleichtern das Verst\u00e4ndnis von der Abstraktheit der Zeit. Eine Tradition, die weit <em>zur\u00fcckreicht<\/em>, greift nicht etwa hinter sich, sondern sie ist alt \u2013 das Alter begreifen wir besser, wenn wir es uns r\u00e4umlich vorstellen. \u00c4hnlich wenn wir in die Zukunft <em>vooruitkijken<\/em>, denn nat\u00fcrlich liegt die kommende Zeit nicht im Wortsinne r\u00e4umlich vor uns.<\/p>\n<p><em>Vor <\/em>und <em>zur\u00fcck<\/em> sind als \u00fcbertragene Richtungskonzepte einigerma\u00dfen transparent und intuitiv fassbar (jedenfalls in unseren Sprachr\u00e4umen, andere Sprachen gehen mit Raum-Zeit-Verh\u00e4ltnissen anders um). Etwas schwieriger ist es mit Zeitpunkten oder klar abgeschlossenen Zeitabschnitten. Nicht so durchsichtig ist beispielsweise der r\u00e4umliche Hintergrund von <em>Mal <\/em>oder <em>keer<\/em>. <em>Einmal ist keinmal<\/em> oder <em>\u00e9\u00e9n keer is geen keer<\/em> \u2013 was soll daran r\u00e4umlich sein?<\/p>\n<div style=\"width: 280px\" class=\"wp-caption alignright\"><a href=\"https:\/\/commons.wikimedia.org\/wiki\/File:Kehrengruppe_am_Stilfserjoch.jpg\" target=\"_blank\"><img loading=\"lazy\" decoding=\"async\" src=\"https:\/\/upload.wikimedia.org\/wikipedia\/commons\/thumb\/a\/a8\/Kehrengruppe_am_Stilfserjoch.jpg\/362px-Kehrengruppe_am_Stilfserjoch.jpg\" width=\"270\" height=\"357\" \/><\/a><p class=\"wp-caption-text\">Kehren, wie hier in S\u00fcdtirol, sind im niederl\u00e4ndischen Sprachraum eher selten. (Horemu, CC-BY-SA 2.0)<\/p><\/div>\n<p>Das deutsche <em>Mal <\/em>und auch das niederl\u00e4ndische <em>maal<\/em> sind in einem nebul\u00f6sen <a href=\"https:\/\/www.etymologiebank.nl\/trefwoord\/maal2\" target=\"_blank\">etymologischen Dickicht<\/a> verstrickt, in dem sich r\u00e4umliche und zeitliche Bedeutung gegenseitig bedingen. Eine indogermanische Wurzel mit dem Bedeutungskern <em>abschreiten, messen<\/em> ergab eine Bewegung, die man auch als Zeitabschnitt deuten konnte. Konkurrierende Vorschl\u00e4ge weisen aber auf das <em>Mal <\/em>im Sinne von <em>Fleck<\/em>, <em>Punkt <\/em>\u00a0&#8211; wie beispielsweise in <em>Wundmal <\/em>oder<em> Denkmal<\/em> -, das genauso gut einen Zeitpunkt andeuten kann. So oder so ist jedenfalls das deutsche <em>Mal <\/em>ein r\u00e4umlich-zeitlicher Begriff. Damit h\u00e4ngt wohl auch das <em>Mahl <\/em>zusammen, n\u00e4mlich als regelm\u00e4\u00dfig wiederkehrender Zeitpunkt, an dem gegessen wird.<\/p>\n<p>Auf Niederl\u00e4ndisch ist anstelle von <em>maal<\/em> in der Regel das W\u00f6rtchen <em>keer <\/em>gel\u00e4ufiger. \u00dcberraschend simpel geht das Wort zur\u00fcck auf <em>keren<\/em>, also das Verb mit der Bedeutung von <em>umdrehen, wenden, zur\u00fcckkommen<\/em> \u2013 auf Deutsch: <em>(um)kehren. <\/em>Wer <em>twee keer op bezoek komt<\/em>, der kehrt zweimal um \u2013 oder sogar: er kehrt wieder, in etwas veraltetem Deutsch. Wer aber <em>twee keer belt<\/em>, der kann dabei auch auf dem Sofa sitzen bleiben, das Umdrehen oder Zur\u00fcckkehren zur T\u00e4tigkeit des Anrufens ist dann g\u00e4nzlich metaphorisch. Das Luxemburgische ist hier \u00fcbrigens wieder ganz nah beim Niederl\u00e4ndischen: <em>eng k\u00e9ier<\/em> \u2013 <em>een keer \u2013 einmal<\/em>. Und selbst das Italienische schlie\u00dft sich dem Muster an, mit <em>una volta<\/em>.<\/p>\n<p>Zur\u00fcckgekehrt sind inzwischen auch wir alle aus unserem Urlaub, und wir bereiten uns ein weiteres Mal auf ein neues Semester vor, in dem wir bestimmt wieder neue sprachliche Kuriosit\u00e4ten ausgraben.<\/p>\n","protected":false},"excerpt":{"rendered":"<p>Geschwindigkeit ist Weg pro Zeit, so haben wir es alle im Physikunterricht gelernt. Was aber wenn Weg und Zeit dasselbe sind? Dann sind wir nicht mehr in der Physik, sondern in der Sprache. R\u00e4umliche Metaphern erleichtern das Verst\u00e4ndnis von der Abstraktheit der Zeit. Eine Tradition, die weit zur\u00fcckreicht, greift nicht etwa hinter sich, sondern sie [&hellip;]<\/p>\n","protected":false},"author":2044,"featured_media":0,"comment_status":"open","ping_status":"open","sticky":false,"template":"","format":"standard","meta":{"footnotes":""},"categories":[10102,3099],"tags":[44141,1239],"class_list":["post-13522","post","type-post","status-publish","format-standard","hentry","category-etymologie","category-sprachvergleich","tag-beitraege-auf-deutsch","tag-zeit"],"_links":{"self":[{"href":"https:\/\/blogs.fu-berlin.de\/nederlands\/wp-json\/wp\/v2\/posts\/13522","targetHints":{"allow":["GET"]}}],"collection":[{"href":"https:\/\/blogs.fu-berlin.de\/nederlands\/wp-json\/wp\/v2\/posts"}],"about":[{"href":"https:\/\/blogs.fu-berlin.de\/nederlands\/wp-json\/wp\/v2\/types\/post"}],"author":[{"embeddable":true,"href":"https:\/\/blogs.fu-berlin.de\/nederlands\/wp-json\/wp\/v2\/users\/2044"}],"replies":[{"embeddable":true,"href":"https:\/\/blogs.fu-berlin.de\/nederlands\/wp-json\/wp\/v2\/comments?post=13522"}],"version-history":[{"count":3,"href":"https:\/\/blogs.fu-berlin.de\/nederlands\/wp-json\/wp\/v2\/posts\/13522\/revisions"}],"predecessor-version":[{"id":13564,"href":"https:\/\/blogs.fu-berlin.de\/nederlands\/wp-json\/wp\/v2\/posts\/13522\/revisions\/13564"}],"wp:attachment":[{"href":"https:\/\/blogs.fu-berlin.de\/nederlands\/wp-json\/wp\/v2\/media?parent=13522"}],"wp:term":[{"taxonomy":"category","embeddable":true,"href":"https:\/\/blogs.fu-berlin.de\/nederlands\/wp-json\/wp\/v2\/categories?post=13522"},{"taxonomy":"post_tag","embeddable":true,"href":"https:\/\/blogs.fu-berlin.de\/nederlands\/wp-json\/wp\/v2\/tags?post=13522"}],"curies":[{"name":"wp","href":"https:\/\/api.w.org\/{rel}","templated":true}]}}