{"id":13777,"date":"2016-11-13T17:54:41","date_gmt":"2016-11-13T16:54:41","guid":{"rendered":"https:\/\/blogs.fu-berlin.de\/nederlands\/?p=13777"},"modified":"2016-11-15T15:14:40","modified_gmt":"2016-11-15T14:14:40","slug":"literaturherbst-in-berlin","status":"publish","type":"post","link":"https:\/\/blogs.fu-berlin.de\/nederlands\/2016\/11\/13\/literaturherbst-in-berlin\/","title":{"rendered":"Literaturherbst in Berlin"},"content":{"rendered":"<p><img loading=\"lazy\" decoding=\"async\" class=\"alignleft\" src=\"https:\/\/upload.wikimedia.org\/wikipedia\/commons\/9\/92\/Open_book_nae_02.svg\" width=\"93\" height=\"52\" \/>Haben Sie noch Lust auf ein paar Leseproben? Dann hier eine \u00dcbersicht von Veranstaltungen in unserer Stadt am 16. und am 18. und 19. November: <em>Literatur aus Flandern und den Niederlanden &#8211; <\/em>Frankfurter Buchmesse 2016.<\/p>\n<hr \/>\n<p>&nbsp;<\/p>\n<p>Die \u00dcbersetzerin <a href=\"https:\/\/blogs.fu-berlin.de\/nederlands\/2016\/08\/10\/alumnis-laus-3\/\" target=\"_blank\">Waltraud H\u00fcsmert<\/a> liest aus <em>Knabenzeit<\/em> \/ <em>Het jongensuur<\/em> von Andreas Burnier.<\/p>\n<div><em>Der autobiographische Roman der in den Niederlanden kanonisch gewordenen Autorin beginnt an einem Fr\u00fchlingstag zu Kriegsende.<br \/>\n<\/em><em>Die 14-j\u00e4hrige Simone m\u00f6chte die neue Freiheit genie\u00dfen und nichts mehr verbergen, auch nicht, dass sie viel lieber ein Junge w\u00e4re. In R\u00fcckblicken erz\u00e4hlt sie von diesem langsamen Erwachsenwerden im Verborgenen \u2013 wie sie als Kind j\u00fcdischer Eltern bei verschiedenen Familien Unterschlupf fand, von der st\u00e4ndigen Angst, entdeckt zu werden, die ihr ein ebenso treuer Begleiter war wie der sehnliche Wunsch nach einem anderen K\u00f6rper. (<\/em><a href=\"https:\/\/www.wagenbach.de\/buecher\/ebooks\/titel\/1036--knabenzeit.html\" target=\"_blank\">Wagenbach Verlag<\/a><em>)<br \/>\n<\/em><\/div>\n<div><\/div>\n<div><strong><br \/>\nWann<\/strong>: 16. November, 19:30 Uhr<br \/>\n<strong>Wo<\/strong>: <a href=\"https:\/\/walthers-buchladen.de\/lesung-knabenzeit-am-16-11-2016\/\" target=\"_blank\">Walthers Buchladen<\/a>, Bismarckstra\u00dfe 71, 12157 Berlin-Steglitz<br \/>\n<strong>Eintritt<\/strong>: <strong>5,-<\/strong> und <strong>3,-<\/strong> erm\u00e4\u00dfigt<\/div>\n<p>&nbsp;<\/p>\n<hr \/>\n<p>&nbsp;<\/p>\n<p>Unsere Kollegin <a href=\"https:\/\/www.geisteswissenschaften.fu-berlin.de\/we04\/institut\/mitarbeiter\/bundschuh\/\" target=\"_blank\">Johanna Bundschuh-van Duikeren<\/a> ist zu Gast in Buchhandlung <em>Die gute Seite<\/em>. Dort werden 6 ausgesuchte Titel genauer vorgestellt und Sie sind zum Zuh\u00f6ren, Schm\u00f6kern und Plaudern eingeladen.<\/p>\n<p><em>Mit ihr sprechen wir, so die Anwesenden m\u00f6gen bspw. dar\u00fcber, worin der Unterschied zwischen der fl\u00e4mischen und niederl\u00e4ndischen Literatur besteht. Spielt auch heute noch die kolonialistische Geschichte der Niederlande f\u00fcr die zeitgen\u00f6ssische Literatur eine Rolle? Was ist mit Fahrr\u00e4dern, Tulpen, Tomaten, K\u00e4se, Anne Frank, Amsterdam, dem I<span style=\"color: #ff0000\"><strong>j<\/strong><\/span>sselmeer, Fu\u00dfball und dem K\u00f6nigshaus?<\/em><\/p>\n<div style=\"width: 153px\" class=\"wp-caption alignright\"><a href=\"https:\/\/commons.wikimedia.org\/wiki\/File:Van_Gogh_-_Stillleben_mit_Flasche,_Zwei_Gl%C3%A4sern,_K%C3%A4se_und_Brot.jpeg\" target=\"_blank\"><img loading=\"lazy\" decoding=\"async\" class=\"\" src=\"https:\/\/upload.wikimedia.org\/wikipedia\/commons\/thumb\/4\/40\/Van_Gogh_-_Stillleben_mit_Flasche%2C_Zwei_Gl%C3%A4sern%2C_K%C3%A4se_und_Brot.jpeg\/295px-Van_Gogh_-_Stillleben_mit_Flasche%2C_Zwei_Gl%C3%A4sern%2C_K%C3%A4se_und_Brot.jpeg\" width=\"143\" height=\"116\" \/><\/a><p class=\"wp-caption-text\">Vincent van Gogh<\/p><\/div>\n<p><em> <strong>Schnackende K\u00e4seh\u00e4ppchen: <\/strong>Es wird ein gem\u00fctlicher Abend mit K\u00e4seh\u00e4ppchen und Wein &amp; Tomatensaft ? \u2013 aber vor allem mit euch und Ihnen, denn am Fr, 18.11. soll es um Vorlesen, Erz\u00e4hlen und Austausch zu Neuem wie Bekanntem gehen. Vorbeikommen, genie\u00dfen und \u00fcberraschen lassen!<\/em><\/p>\n<p><strong>Wann<\/strong>: 18. November, 20:00 Uhr<br \/>\n<strong>Wo<\/strong>: <a href=\"https:\/\/www.dieguteseiteberlin.de\/event\/welkom-literatur-aus-den-niederlanden-und-flandern-zum-zuhoeren-und-anfassen\/\" target=\"_blank\">Die gute Seite<\/a>, Richardplatz 16, 12055 Berlin<\/p>\n<p>&nbsp;<\/p>\n<hr \/>\n<p>&nbsp;<\/p>\n<p><a href=\"https:\/\/commons.wikimedia.org\/wiki\/File:Jan_Wolkers_signature.svg\" target=\"_blank\"><img loading=\"lazy\" decoding=\"async\" class=\"alignleft\" src=\"https:\/\/upload.wikimedia.org\/wikipedia\/commons\/thumb\/1\/10\/Jan_Wolkers_signature.svg\/275px-Jan_Wolkers_signature.svg.png\" width=\"104\" height=\"91\" \/><\/a>Und im Berliner Ensemble geht es um Jan Wolkers&#8216; <em>Kort Amerikaans<\/em> (1962), \u00fcbersetzt von <a href=\"https:\/\/de.wikipedia.org\/wiki\/Rosemarie_Still\" target=\"_blank\">Rosemarie Still<\/a>: <em>Amerikanisch kurz<\/em>.<\/p>\n<p><em>1944, S\u00fcdholland unter deutscher Besatzung: Der achtzehnj\u00e4hrige Kunststudent Eric ist untergetaucht, hat seine streng religi\u00f6se Familie verlassen und lebt, bedroht vom Kriegsalltag und zerrissen von seinen erotischen Obsessionen, in der verwaisten Akademie. Seit der Kindheit von einer Narbe am Kopf gezeichnet, ist er ein Au\u00dfenseiter, der sich von seiner Umwelt zunehmend isoliert. Bei der Befreiung durch die Alliierten kommt es zum dramatischen Finale.<\/em><\/p>\n<p><em>Mit Amerikanisch kurz erscheint erstmals auf Deutsch ein Klassiker der niederl\u00e4ndischen Literatur. Das 1962 erschienene Buch l\u00f6ste wegen der d\u00fcsteren Thematik und der von Kritikern teilweise als pornographisch angeprangerten Sprache heftige Reaktionen aus. Niemandem konnte jedoch entgehen, dass mit Wolkers eine neue, authentische Stimme in der Literatur erklungen war.<\/em><br \/>\n<em> Der Schauspieler Thomas Thieme liest aus dem Buch. Sein Sohn Arthur Thieme begleitet die Lesung am E-Bass.<\/em><\/p>\n<p><strong>Wann<\/strong>: 19. November um 20:00 Uhr<br \/>\n<strong>Wo<\/strong>: <a href=\"https:\/\/www.berliner-ensemble.de\/zugabe\" target=\"_blank\">Berliner Ensemble<\/a>, Bertolt-Brecht-Platz 1 10117 Berlin<br \/>\n<strong>Eintritt<\/strong>: 15.-\/9.- <strong>Telefon<\/strong>: (030) 284-08-155 <strong>Email<\/strong>: <u><a href=\"mailto:theaterkasse@berliner-ensemble.de\">theaterkasse@berliner-ensemble.de<\/a><\/u><\/p>\n","protected":false},"excerpt":{"rendered":"<p>Haben Sie noch Lust auf ein paar Leseproben? Dann hier eine \u00dcbersicht von Veranstaltungen in unserer Stadt am 16. und am 18. und 19. November: Literatur aus Flandern und den Niederlanden &#8211; Frankfurter Buchmesse 2016. &nbsp; Die \u00dcbersetzerin Waltraud H\u00fcsmert liest aus Knabenzeit \/ Het jongensuur von Andreas Burnier. Der autobiographische Roman der in den [&hellip;]<\/p>\n","protected":false},"author":1834,"featured_media":0,"comment_status":"open","ping_status":"open","sticky":false,"template":"","format":"standard","meta":{"footnotes":""},"categories":[1],"tags":[44141,1542,71799],"class_list":["post-13777","post","type-post","status-publish","format-standard","hentry","category-allgemein","tag-beitraege-auf-deutsch","tag-kultur","tag-was-wir-teilen"],"_links":{"self":[{"href":"https:\/\/blogs.fu-berlin.de\/nederlands\/wp-json\/wp\/v2\/posts\/13777","targetHints":{"allow":["GET"]}}],"collection":[{"href":"https:\/\/blogs.fu-berlin.de\/nederlands\/wp-json\/wp\/v2\/posts"}],"about":[{"href":"https:\/\/blogs.fu-berlin.de\/nederlands\/wp-json\/wp\/v2\/types\/post"}],"author":[{"embeddable":true,"href":"https:\/\/blogs.fu-berlin.de\/nederlands\/wp-json\/wp\/v2\/users\/1834"}],"replies":[{"embeddable":true,"href":"https:\/\/blogs.fu-berlin.de\/nederlands\/wp-json\/wp\/v2\/comments?post=13777"}],"version-history":[{"count":26,"href":"https:\/\/blogs.fu-berlin.de\/nederlands\/wp-json\/wp\/v2\/posts\/13777\/revisions"}],"predecessor-version":[{"id":13875,"href":"https:\/\/blogs.fu-berlin.de\/nederlands\/wp-json\/wp\/v2\/posts\/13777\/revisions\/13875"}],"wp:attachment":[{"href":"https:\/\/blogs.fu-berlin.de\/nederlands\/wp-json\/wp\/v2\/media?parent=13777"}],"wp:term":[{"taxonomy":"category","embeddable":true,"href":"https:\/\/blogs.fu-berlin.de\/nederlands\/wp-json\/wp\/v2\/categories?post=13777"},{"taxonomy":"post_tag","embeddable":true,"href":"https:\/\/blogs.fu-berlin.de\/nederlands\/wp-json\/wp\/v2\/tags?post=13777"}],"curies":[{"name":"wp","href":"https:\/\/api.w.org\/{rel}","templated":true}]}}