{"id":14164,"date":"2017-01-06T15:36:05","date_gmt":"2017-01-06T14:36:05","guid":{"rendered":"https:\/\/blogs.fu-berlin.de\/nederlands\/?p=14164"},"modified":"2018-03-10T17:50:47","modified_gmt":"2018-03-10T16:50:47","slug":"binsen-und-kuehe-und-das-paradies","status":"publish","type":"post","link":"https:\/\/blogs.fu-berlin.de\/nederlands\/2017\/01\/06\/binsen-und-kuehe-und-das-paradies\/","title":{"rendered":"Binsen und K\u00fche und das Paradies"},"content":{"rendered":"<p>Im Deutschen kennen wir das sch\u00f6ne Wort <em>Binsenwahrheit<\/em> (oder <em>Binsenweisheit<\/em>) f\u00fcr etwas, das allgemein bekannt ist, f\u00fcr einen Gemeinplatz also. Auf Niederl\u00e4ndisch sagen wir dann <em>Dat is een waarheid als een koe<\/em>. Wie eine Kuh? Warum &#8222;wie eine Kuh&#8220;?? Ich wei\u00df es nicht, und Frederik van Eeden hat sich Ende des 19. Jahrhunderts anscheinend auch schon dar\u00fcber gewundert als er schrieb: &#8222;Mijn bedoeling is niets anders dan bekende waarheden te herinneren. Waarheden als koeien, of als varkens, of als leeuwen&#8220; (vgl. <a href=\"https:\/\/gtb.inl.nl\/iWDB\/search?actie=article&amp;wdb=WNT&amp;id=M083319&amp;lemmodern=waarheid\" target=\"_blank\" rel=\"noopener\">WNT<\/a>).<\/p>\n<p>Auch bei der <em>Binsenwahrheit<\/em> kann man sich fragen: warum Binsen? Die etymologischen W\u00f6rterb\u00fccher sind sich nicht ganz sicher; es wird u.a. an einen lateinischen Ausdruck als Quelle gedacht (vgl. u.a. Pfeifers <a href=\"https:\/\/www.dwds.de\/wb\/Binsenwahrheit#et-1\" target=\"_blank\" rel=\"noopener\">Etymologisches W\u00f6rterbuch<\/a>).<\/p>\n<p>Sch\u00f6ner ist aber, wie so oft, eine Erkl\u00e4rung, die sich an der griechischen Mythologie orientiert, und zwar an einer Geschichte \u00fcber <a href=\"https:\/\/de.wikipedia.org\/wiki\/Midas\" target=\"_blank\" rel=\"noopener\">K\u00f6nig Midas<\/a>, dem Eselsohren gewachsen waren. Ein Geheimnis, das nur sein Barbier kannte. Der musste es aber unbedingt irgendwie loswerden, und er grub daher am Flussufer ein Loch, in das er hineinrief &#8222;K\u00f6nig Midas hat Eselsohren&#8220;.<\/p>\n<div style=\"width: 172px\" class=\"wp-caption alignright\"><a href=\"http:\/\/www.dbnl.org\/tekst\/mand001schi01_01\/index.php\" target=\"_blank\" rel=\"noopener\"><img loading=\"lazy\" decoding=\"async\" src=\"http:\/\/www.dbnl.org\/tekst\/mand001schi01_01\/mand001schi01_01_tpg.gif\" width=\"162\" height=\"230\" \/><\/a><p class=\"wp-caption-text\">Van Mander, <em>Het Schilder-Boeck<\/em> (1604)<\/p><\/div>\n<p>Das Loch sch\u00fcttete er wieder zu, aber die Gr\u00e4ser (Binsen), die dort standen, verbreiteten diese Nachricht mit dem Rauschen des Windes an andere Binsen und \u00fcber die ganze Welt, so dass schlie\u00dflich jeder Bescheid wusste.<\/p>\n<p>Warum erz\u00e4hle ich Ihnen das? Nun, wegen Karel van Mander. Das war ein ber\u00fchmter Maler, der aber heute vor allem als Autor des <em>Schilder-Boeck<\/em> (&#8218;Maler-Buch&#8216;, 1604), einer fr\u00fchen kunsttheoretischen Schrift, bekannt ist. Und in diesem Buch findet sich ein Kapitel zu <a href=\"https:\/\/www.dbnl.org\/tekst\/mand001schi01_01\/mand001schi01_01_0367.php\" target=\"_blank\" rel=\"noopener\">K\u00f6nig Midas<\/a> und seinen Eselsohren.<\/p>\n<p>Van Mander hat aber nicht nur \u00fcber Midas geschrieben, sondern er hat die Szene auch in einem Gem\u00e4lde verewigt. Es geht um die <em>Landschaft mit dem Urteil des Midas<\/em>, die er zusammen mit Gillis van Coninxloo im Jahr 1598 gemalt hat. Und dieses Bild h\u00e4ngt zur Zeit in der Kunsthalle im Lipsiusbau in Dresden, als einer der H\u00f6hepunkte der Ausstellung <em>Das Paradies auf Erden<\/em>. Diese sch\u00f6ne Ausstellung zur fl\u00e4mischen Landschaftsmalerei (&#8222;von Bruegel bis Rubens&#8220;) haben wir im Dezember mit Niederlandistik-Student*innen besucht.<\/p>\n<div class=\"lyte-wrapper\" style=\"width:640px;max-width:100%;margin:5px;\"><div class=\"lyMe\" id=\"WYL_WlEt3TtplTk\"><div id=\"lyte_WlEt3TtplTk\" data-src=\"https:\/\/blogs.fu-berlin.de\/nederlands\/wp-content\/plugins\/wp-youtube-lyte\/lyteCache.php?origThumbUrl=%2F%2Fi.ytimg.com%2Fvi%2FWlEt3TtplTk%2Fhqdefault.jpg\" class=\"pL\"><div class=\"tC\"><div class=\"tT\"><\/div><\/div><div class=\"play\"><\/div><div class=\"ctrl\"><div class=\"Lctrl\"><\/div><div class=\"Rctrl\"><\/div><\/div><\/div><noscript><a href=\"https:\/\/youtu.be\/WlEt3TtplTk\" rel=\"nofollow\"><img loading=\"lazy\" decoding=\"async\" src=\"https:\/\/blogs.fu-berlin.de\/nederlands\/wp-content\/plugins\/wp-youtube-lyte\/lyteCache.php?origThumbUrl=https%3A%2F%2Fi.ytimg.com%2Fvi%2FWlEt3TtplTk%2F0.jpg\" alt=\"YouTube-Video-Thumbnail\" width=\"640\" height=\"340\" \/><br \/>Dieses Video auf YouTube ansehen<\/a><\/noscript><\/div><\/div><div class=\"lL\" style=\"max-width:100%;width:640px;margin:5px;\"><br\/><span class=\"lyte_disclaimer\">ACHTUNG: Daten nach YouTube werden erst beim Abspielen des Videos \u00fcbertragen.<\/span><\/div><\/p>\n<p>Das Bild von Van Mander und Van Coninxloo ist f\u00fcr die Ausstellung aufw\u00e4ndig restauriert worden, und der Restaurator erl\u00e4utert in einem anderen <a href=\"https:\/\/youtu.be\/x1jBzWrrdsc\" target=\"_blank\" rel=\"noopener\">YouTube-Video<\/a> auch die Geschichte mit den Eselsohren und ihre Darstellung auf dem Gem\u00e4lde.<\/p>\n<p>Dieses Gem\u00e4lde und andere Exponate kann man auch in einem Beitrag des <a href=\"https:\/\/www.art-magazin.de\/kunst\/kunstgeschichte\/17526-rtkl-flaemische-landschaftsmalerei-goettliche-welt-aus-malers-hand\" target=\"_blank\" rel=\"noopener\">Art Magazin<\/a> zur Paradies-Ausstellung bewundern. Die Ausstellung in Dresden l\u00e4uft noch bis zum 15. Januar 2017. Es lohnt sich.<\/p>\n","protected":false},"excerpt":{"rendered":"<p>Im Deutschen kennen wir das sch\u00f6ne Wort Binsenwahrheit (oder Binsenweisheit) f\u00fcr etwas, das allgemein bekannt ist, f\u00fcr einen Gemeinplatz also. Auf Niederl\u00e4ndisch sagen wir dann Dat is een waarheid als een koe. Wie eine Kuh? Warum &#8222;wie eine Kuh&#8220;?? Ich wei\u00df es nicht, und Frederik van Eeden hat sich Ende des 19. Jahrhunderts anscheinend auch [&hellip;]<\/p>\n","protected":false},"author":1127,"featured_media":0,"comment_status":"open","ping_status":"open","sticky":false,"template":"","format":"standard","meta":{"footnotes":""},"categories":[1,23484],"tags":[44141,1542],"class_list":["post-14164","post","type-post","status-publish","format-standard","hentry","category-allgemein","category-idiom","tag-beitraege-auf-deutsch","tag-kultur"],"_links":{"self":[{"href":"https:\/\/blogs.fu-berlin.de\/nederlands\/wp-json\/wp\/v2\/posts\/14164","targetHints":{"allow":["GET"]}}],"collection":[{"href":"https:\/\/blogs.fu-berlin.de\/nederlands\/wp-json\/wp\/v2\/posts"}],"about":[{"href":"https:\/\/blogs.fu-berlin.de\/nederlands\/wp-json\/wp\/v2\/types\/post"}],"author":[{"embeddable":true,"href":"https:\/\/blogs.fu-berlin.de\/nederlands\/wp-json\/wp\/v2\/users\/1127"}],"replies":[{"embeddable":true,"href":"https:\/\/blogs.fu-berlin.de\/nederlands\/wp-json\/wp\/v2\/comments?post=14164"}],"version-history":[{"count":13,"href":"https:\/\/blogs.fu-berlin.de\/nederlands\/wp-json\/wp\/v2\/posts\/14164\/revisions"}],"predecessor-version":[{"id":16888,"href":"https:\/\/blogs.fu-berlin.de\/nederlands\/wp-json\/wp\/v2\/posts\/14164\/revisions\/16888"}],"wp:attachment":[{"href":"https:\/\/blogs.fu-berlin.de\/nederlands\/wp-json\/wp\/v2\/media?parent=14164"}],"wp:term":[{"taxonomy":"category","embeddable":true,"href":"https:\/\/blogs.fu-berlin.de\/nederlands\/wp-json\/wp\/v2\/categories?post=14164"},{"taxonomy":"post_tag","embeddable":true,"href":"https:\/\/blogs.fu-berlin.de\/nederlands\/wp-json\/wp\/v2\/tags?post=14164"}],"curies":[{"name":"wp","href":"https:\/\/api.w.org\/{rel}","templated":true}]}}