{"id":14187,"date":"2017-01-27T09:59:12","date_gmt":"2017-01-27T08:59:12","guid":{"rendered":"https:\/\/blogs.fu-berlin.de\/nederlands\/?p=14187"},"modified":"2017-10-11T17:31:00","modified_gmt":"2017-10-11T15:31:00","slug":"p-von-der-a-und-p-von-der-z","status":"publish","type":"post","link":"https:\/\/blogs.fu-berlin.de\/nederlands\/2017\/01\/27\/p-von-der-a-und-p-von-der-z\/","title":{"rendered":"P von der A und P von der Z"},"content":{"rendered":"<p><a href=\"https:\/\/blogs.fu-berlin.de\/nederlands\/files\/2017\/01\/verkiezing.jpg\"><img loading=\"lazy\" decoding=\"async\" class=\" wp-image-14188 alignleft\" src=\"https:\/\/blogs.fu-berlin.de\/nederlands\/files\/2017\/01\/verkiezing.jpg\" alt=\"verkiezing\" width=\"47\" height=\"45\" \/><\/a><em>Den niederl\u00e4ndischen Parlamentswahlen am 15. 3. 2017 widmen wir eine kleine Serie.<\/em><\/p>\n<p>Im M\u00e4rz finden die <em>Tweede Kamerverkiezingen<\/em> in den Niederlanden statt. Das sind, trotz der etwas verwirrenden Getrennt- und Zusammenschreibung, nicht etwa die <em>zweiten Kammerwahlen <\/em>(als h\u00e4tte es eine erste Runde gegeben, wie beispielsweise in Frankreich), sondern es sind die <em>Wahlen zur Zweiten Kammer<\/em>.<\/p>\n<p>Es haben sich ganze 81 Parteien <a href=\"https:\/\/www.kiesraad.nl\/verkiezingen\/inhoud\/tweede-kamer\/partijnamen-en-logos\/register\" target=\"_blank\" rel=\"noopener\">zur Wahl angemeldet<\/a>, davon 18 neue, die noch nie vorher teilgenommen haben. Die Zahl der tats\u00e4chlich teilnehmenden Parteien wird wegen verschiedener Formalit\u00e4ten wahrscheinlich noch zur\u00fcckgehen.<\/p>\n<p>Bei den Namen der Parteien gibt es einiges zu entdecken. Schauen wir uns einmal an, wie sie hei\u00dfen und was die Namen zu bedeuten haben. Die wichtigsten der Reihe nach, entsprechend dem Stimmanteil bei den letzten Wahlen, und einige interessante kleinere oder neue Parteien:<\/p>\n<p><strong><em>Volkspartij voor Vrijheid en Democratie<\/em><\/strong><\/p>\n<p>Die liberale VVD stellt mit Mark Rutte bisher den Ministerpr\u00e4sidenten. In Deutschland debattieren wir in den letzten Jahren \u00fcber die schwindende Bedeutung der sogenannten \u201eVolksparteien\u201c, f\u00fcr die fr\u00fcher gro\u00dfe Teile der Bev\u00f6lkerung stimmten. Die VVD war bei der letzten Wahl mit nur 26,58% der Stimmen st\u00e4rkste Partei. Solche Werte w\u00fcrden, wie auch bei der SPD, hierzulande wohl Spott und Zweifel angesichts der Eigenbezeichnung als <em>Volkspartei <\/em>provozieren.<\/p>\n<p><strong><em>Partij van de Arbeid<\/em><\/strong><\/p>\n<div style=\"width: 245px\" class=\"wp-caption alignright\"><a href=\"https:\/\/commons.wikimedia.org\/wiki\/File:1946_election_poster_PvdA_-_uw_kind.jpg\" target=\"_blank\" rel=\"noopener\"><img loading=\"lazy\" decoding=\"async\" class=\"\" src=\"https:\/\/upload.wikimedia.org\/wikipedia\/commons\/thumb\/4\/41\/1946_election_poster_PvdA_-_uw_kind.jpg\/327px-1946_election_poster_PvdA_-_uw_kind.jpg\" width=\"235\" height=\"345\" \/><\/a><p class=\"wp-caption-text\">Wahlplakat der PvdA aus dem Jahr 1946 (PvdA, CC-BY-SA 2.0)<\/p><\/div>\n<p>Die Sozialdemokraten, mit einem sehr klassischen Namen, der die urspr\u00fcngliche Klientel ansprechen soll. Nicht unbedingt einzigartig, wenn man die Namen mancher Schwesterparteien anschaut wie z.B. <em>Labour <\/em>in Gro\u00dfbritannien, die <em>L\u00ebtzebuerger Sozialistesch Aarbechterpartei<\/em> (LSAP) in Luxemburg oder <em>Arbeiderpartiet <\/em>(AP) in Norwegen. Den Namensbestandteil <em>Arbeit <\/em>beanspruchen aber gerne auch Parteien f\u00fcr sich, die noch weiter links stehen als die Sozialdemokraten. Das gilt beispielsweise f\u00fcr die gleichnamige <em>Partij van de Arbeid van Belgi\u00eb \/ Parti du travail de Belgique<\/em>, die in letzter Zeit in den Umfragen <a href=\"https:\/\/www.knack.be\/nieuws\/belgie\/peiling-pvda-stijgt-van-2-naar-10-zetels-regeringspartijen-zouden-meerderheid-verliezen\/article-normal-750533.html\" target=\"_blank\" rel=\"noopener\">stark im Aufwind ist<\/a>. Die belgische Arbeiterpartei ist eine der wenigen, die gesamtbelgisch arbeiten, also nicht in eine fl\u00e4mische und eine frankophone Partei gespalten sind.<\/p>\n<p>Interessant ist bei der PvdA die Abk\u00fcrzung. In Deutschland ist es ungew\u00f6hnlich, dass Parteien Kleinbuchstaben in ihrer Abk\u00fcrzung nutzen (die AfD ist eine der wenigen Ausnahmen). In der gesprochenen Sprache verk\u00fcrzt man die niederl\u00e4ndischen Sozialdemokraten oft auf kuriose Weise zu <em>P van de A<\/em>: Von den Substantiven bleiben nur die Anfangsbuchstaben, Pr\u00e4position und Artikel bleiben.<\/p>\n<p>Die PvdA stellt mit <a href=\"https:\/\/nl.wikipedia.org\/wiki\/Jet_Bussemaker\" target=\"_blank\" rel=\"noopener\">Jet Bussemaker<\/a> momentan \u00fcbrigens die Ministerin f\u00fcr Bildung, Kultur und Wissenschaft, die f\u00fcr die Niederlande Mitglied des Ministerkomitees der <em>Taalunie<\/em> ist.<\/p>\n<p><strong><em>Partij voor de Vrijheid<\/em><\/strong><\/p>\n<p>Die extremrechte PVV d\u00fcrfte auch im Ausland wahrscheinlich momentan die bekannteste Partei sein. Sie teilt sich mit den Liberalen das Schlagwort <em>Vrijheid<\/em>, \u00fcberl\u00e4sst diesen aber (vielleicht zu Recht?) die <em>Demokratie<\/em> im Namen. Der Bezug auf die Freiheit ist nicht einzigartig bei den Rechtspopulisten \u2013 auch andere Parteien mit solchen Ausrichtungen in Europa sind aus urspr\u00fcnglich liberalen Bewegungen hervorgegangen, etwa die FP\u00d6 in \u00d6sterreich. Der gro\u00dfspurige Name verschleiert, dass die Freiheit nach \u00dcberzeugung der Partei eher selektiv ist und f\u00fcr viele B\u00fcrger (Journalisten, Muslime, K\u00fcnstler) nicht uneingeschr\u00e4nkt gelten sollen.<\/p>\n<p>Anders als die PvdA l\u00e4sst die PVV in ihrer Abk\u00fcrzung den Artikel ganz unter den Tisch fallen und schreibt daf\u00fcr den Buchstaben der Pr\u00e4position gro\u00df.<\/p>\n<p><strong><em>Socialistische Partij<\/em><\/strong><\/p>\n<p>Wie man mit dem Begriff <em>sozialistisch <\/em>umgeht, ist von Land zu Land sehr verschieden. Mancherorts nennen sich die Mitte-Links-Parteien so, beispielsweise in Flandern (<em>Socialistische Partij Anders, <\/em>sp.a) und Wallonien (<em>Parti Socialiste, <\/em>PS). In Frankreich ist es innerhalb des <em>Parti Socialiste <\/em>sogar ein Risiko, sich als <em>sozialdemokratisch <\/em>zu bezeichnen, weil man dann schon als verd\u00e4chtig rechts gilt. In den Niederlanden positioniert sich die SP links der Sozialdemokratie und hat ihre Wurzeln in maoistischen Prinzipien. Bis in die 70er Jahre schrieb sich die Partei <em>Socialistiese Partij<\/em>, in einer <a href=\"https:\/\/nl.wikipedia.org\/wiki\/Alternatieve_spelling#Fonetisch\" target=\"_blank\" rel=\"noopener\">alternativen Orthographie<\/a>, die besonders im linken Milieu beliebt war<em>.<\/em> Damit lag man n\u00e4her an der tats\u00e4chlichen Aussprache als mit der Schreibung &lt;-isch&gt;. Allerdings w\u00e4hlte man ausgerechnet dieselbe Schreibweise wie das Afrikaans, das damals als Sprache der Apartheid und des Kolonialismus galt.<\/p>\n<p><strong><em>Christen-Democratisch App\u00e8l<\/em><\/strong><\/p>\n<p>Die Schwesterpartei der deutschen CDU war einst sehr stark und stellte bis 2010 mit Jan-Peter Balkenende noch den Ministerpr\u00e4sidenten. Bei den letzten Wahlen sackte sie auf nur noch 8,51% ab. Vorsicht f\u00fcr Deutschsprachige: <em>app\u00e8l <\/em>ist Neutrum, man spricht also von <em>het CDA. <\/em>Unter allen niederl\u00e4ndischen Parteien ist der\/das CDA die einzige mit einem Akzent im Namen, der die Betonung auf der Endsilbe anzeigt. Mit der Schreibweise von <em>appel <\/em>ging es immer wieder hin und her, nach den <a href=\"https:\/\/onzetaal.nl\/taaladvies\/appel-appl\" target=\"_blank\" rel=\"noopener\">aktuellen Rechtschreibregeln<\/a> ist der Akzent nicht n\u00f6tig. Beim CDA h\u00e4lt man vielleicht aus Tradition daran fest, oder um nicht als christdemokratischer Apfel verspottet zu werden (der allerdings ein <em>de<\/em>-Wort ist und kein <em>het<\/em>-Wort).<\/p>\n<p>Im n\u00e4chsten Beitrag geht es weiter mit br\u00fcllenden Senioren, hehren Tugenden und einer Partei, die sonntags offline ist.<\/p>\n","protected":false},"excerpt":{"rendered":"<p>Den niederl\u00e4ndischen Parlamentswahlen am 15. 3. 2017 widmen wir eine kleine Serie. Im M\u00e4rz finden die Tweede Kamerverkiezingen in den Niederlanden statt. Das sind, trotz der etwas verwirrenden Getrennt- und Zusammenschreibung, nicht etwa die zweiten Kammerwahlen (als h\u00e4tte es eine erste Runde gegeben, wie beispielsweise in Frankreich), sondern es sind die Wahlen zur Zweiten Kammer. [&hellip;]<\/p>\n","protected":false},"author":2044,"featured_media":0,"comment_status":"open","ping_status":"open","sticky":false,"template":"","format":"standard","meta":{"footnotes":""},"categories":[720,6940],"tags":[44141,116,71812,71809],"class_list":["post-14187","post","type-post","status-publish","format-standard","hentry","category-niederlande","category-wortschatz","tag-beitraege-auf-deutsch","tag-politik","tag-schriftsprache","tag-wahl-2017"],"_links":{"self":[{"href":"https:\/\/blogs.fu-berlin.de\/nederlands\/wp-json\/wp\/v2\/posts\/14187","targetHints":{"allow":["GET"]}}],"collection":[{"href":"https:\/\/blogs.fu-berlin.de\/nederlands\/wp-json\/wp\/v2\/posts"}],"about":[{"href":"https:\/\/blogs.fu-berlin.de\/nederlands\/wp-json\/wp\/v2\/types\/post"}],"author":[{"embeddable":true,"href":"https:\/\/blogs.fu-berlin.de\/nederlands\/wp-json\/wp\/v2\/users\/2044"}],"replies":[{"embeddable":true,"href":"https:\/\/blogs.fu-berlin.de\/nederlands\/wp-json\/wp\/v2\/comments?post=14187"}],"version-history":[{"count":7,"href":"https:\/\/blogs.fu-berlin.de\/nederlands\/wp-json\/wp\/v2\/posts\/14187\/revisions"}],"predecessor-version":[{"id":16197,"href":"https:\/\/blogs.fu-berlin.de\/nederlands\/wp-json\/wp\/v2\/posts\/14187\/revisions\/16197"}],"wp:attachment":[{"href":"https:\/\/blogs.fu-berlin.de\/nederlands\/wp-json\/wp\/v2\/media?parent=14187"}],"wp:term":[{"taxonomy":"category","embeddable":true,"href":"https:\/\/blogs.fu-berlin.de\/nederlands\/wp-json\/wp\/v2\/categories?post=14187"},{"taxonomy":"post_tag","embeddable":true,"href":"https:\/\/blogs.fu-berlin.de\/nederlands\/wp-json\/wp\/v2\/tags?post=14187"}],"curies":[{"name":"wp","href":"https:\/\/api.w.org\/{rel}","templated":true}]}}