{"id":14229,"date":"2017-01-21T12:43:14","date_gmt":"2017-01-21T11:43:14","guid":{"rendered":"https:\/\/blogs.fu-berlin.de\/nederlands\/?p=14229"},"modified":"2017-01-23T10:22:56","modified_gmt":"2017-01-23T09:22:56","slug":"mark-und-youssef","status":"publish","type":"post","link":"https:\/\/blogs.fu-berlin.de\/nederlands\/2017\/01\/21\/mark-und-youssef\/","title":{"rendered":"Mark und Youssef"},"content":{"rendered":"<p><a href=\"https:\/\/blogs.fu-berlin.de\/nederlands\/files\/2017\/01\/verkiezing.jpg\"><img loading=\"lazy\" decoding=\"async\" class=\" wp-image-14188 alignleft\" src=\"https:\/\/blogs.fu-berlin.de\/nederlands\/files\/2017\/01\/verkiezing.jpg\" alt=\"verkiezing\" width=\"47\" height=\"45\" \/><\/a><em>Den niederl\u00e4ndischen Parlamentswahlen am 15. 3. 2017 widmen wir eine kleine Serie.<\/em><\/p>\n<p>Der Wahlkampf in den Niederlanden nimmt langsam Fahrt auf und die &#8218;etablierten&#8216; Parteien \u00fcberlegen, wie sie dem drohenden Wahlsieg von Geert Wilders <em>Partij voor de Vrijheid<\/em> (PVV) etwas entgegensetzen k\u00f6nnen. Wilders treibt die Koalition von rechtsliberaler VVD und Sozialdemokraten (PvdA) seit Jahren vor sich her, und die versuchen jetzt unter anderem, junge W\u00e4hler\/innen zu erreichen. Und wo findet man die? Klar &#8211; auf YouTube. Angela Merkel hatte sich daher 2015 schon von LeFloid interviewen lassen, und der niederl\u00e4ndische Premier Mark Rutte hat sich jetzt auch einen bekannten YouTuber gesucht: Youssef Koukouh, 21, geboren im Schilderswijk, einem Stadtteil von Den Haag mit hohem Migrantenanteil, der oft als Problembezirk galt und gilt. Koukouh, ein lustiger junger Mann mit marokkanischen Wurzeln, erz\u00e4hlt in seinem Video-Tagbuch, was er so treibt, er singt, macht kleine Sketche, er macht Reklame f\u00fcr einen neuen Friseur oder verschenkt auch mal Laptops eines Sponsors. Damit hat der Vlogger es auf \u00fcber 200.000 YouTube-Follower gebracht, was f\u00fcr niederl\u00e4ndische Verh\u00e4ltnisse sehr viel ist. <strong><a href=\"https:\/\/www.youtube.com\/user\/Youstoub\" target=\"_blank\">YousToub<\/a><\/strong> nennt er sich, und er ist nat\u00fcrlich auch auf anderen Social Media unterwegs, z.B. auf <a href=\"https:\/\/www.instagram.com\/youstoub\/\" target=\"_blank\">Instagram<\/a>, wo er zur Zeit ca. 145.000 Abonnenten hat.<\/p>\n<div id=\"attachment_14228\" style=\"width: 226px\" class=\"wp-caption alignright\"><a href=\"https:\/\/www.ad.nl\/dossier-nieuws\/mark-rutte-interviewt-vlogger-youstoub~af827bf6\/\" target=\"_blank\"><img loading=\"lazy\" decoding=\"async\" aria-describedby=\"caption-attachment-14228\" class=\"wp-image-14228\" src=\"https:\/\/blogs.fu-berlin.de\/nederlands\/files\/2017\/01\/Mark_Youssef.jpg\" width=\"216\" height=\"121\" \/><\/a><p id=\"caption-attachment-14228\" class=\"wp-caption-text\">Videos von der Aufnahme des Podcasts in einem Beitrag des <a href=\"https:\/\/www.ad.nl\/dossier-nieuws\/mark-rutte-interviewt-vlogger-youstoub~af827bf6\/\" target=\"_blank\">Algemeen Dagblad<\/a><\/p><\/div>\n<p>Damit erreicht er eine interessante Zielgruppe, die ansonsten f\u00fcr Politiker wie Mark Rutte kaum erreichbar ist. Darum hat der sich jetzt mit Koukouh\/YousToub zu einem Interview getroffen. Anders als Angela Merkel l\u00e4sst er sich aber nicht interviewen, sondern er interviewt Youssef Koukouh. Rutte gibt sich jovial; die beiden duzen sich gleich. Das erscheint irgendwie unpassend, obwohl es im niederl\u00e4ndischen Kontext viel weniger auff\u00e4llig ist als in einem deutschen. Es verst\u00e4rkt den Eindruck, der sich schon nach wenigen Momenten einstellt: die joviale Attit\u00fcde wird zur Anbiederung und das Interesse an Koukouh wirkt &#8211; zumindest auf mich &#8211; doch recht gewollt und k\u00fcnstlich. 200.000 Abonnenten? Rutte: &#8222;Daar zouden Geert Wilders en ik een moord voor doen&#8220;. Rutte fragt dann gleich mal danach, ob sich die Videos denn auch finanziell \u00fcberhaupt lohnen und ob man davon denn auch leben kann (f\u00fcr einen aufrechten Rechts- oder Neoliberalen nat\u00fcrlich das zentrale Kriterium) und er l\u00e4sst sich erkl\u00e4ren, wie bekannte YouTuber von Google\/YouTube be- und entlohnt werden. Er l\u00e4sst sich auch von Koukouh zeigen, wie der seine Videos aufnimmt und spielt mit dessen Kamera herum. Alles ganz einfach, sagt Koukouh, und Rutte scheint angetan. Das will er in Zukunft auch mal ausprobieren, sagt (oder droht) er.<\/p>\n<p>Ab und zu bekommt das &#8218;Interview&#8216; leicht paternalistische Z\u00fcge. Rutte erkl\u00e4rt, wie wichtig es ist, dass die Migranten-Jungs sich integrieren. Koukouh wird dann zum Vorzeige-Migranten stilisiert und eingenordet, um den Kollegen, die nicht so nett sind wie er, mal wieder zu sagen, dass sie sich gef\u00e4lligst zu benehmen und zu integrieren haben. Das richtet sich u.a. gegen die <a href=\"https:\/\/youtu.be\/zUez5zicHzE\" target=\"_blank\"><em>treitervloggers<\/em><\/a> (aus <em>treiteren<\/em> &#8217;nerven, triezen&#8216; und <em>vlogger<\/em> &#8218;Video-Blogger&#8216;), die im vergangenen Jahr f\u00fcr Furore sorgten, weil sie in Zaandam Leute bel\u00e4stigt haben und Videos dieser Aktionen online gestellt haben. Damals hatte Rutte einen dieser Vlogger, Ismail Ilg\u00fcn, als <em>tuig van de richel<\/em> bezeichnet (Van Dale \u00fcbersetzt das als &#8218;lichtscheues Gesindel&#8216;). Entschuldigen wollte er sich daf\u00fcr nicht, aber Ilg\u00fcn wird das egal sein: der umstrittene 19-J\u00e4hrige hat aufgrund der ganzen Publizit\u00e4t immerhin einen Vertrag mit dem Plattenlabel <em>TopNotch<\/em> bekommen\u2026<\/p>\n<p>Rutte erw\u00e4hnt immer wieder gerne, dass er nah dran ist am Leben der jungen Niederl\u00e4nder\/innen aus migrantisch gepr\u00e4gten Milieus, da er ja schlie\u00dflich ab und zu ehrenamtlich an einer Schule im Schilderswijk in Den Haag unterrichte und auch &#8218;marokkanische Freunde&#8216; hat. Das erz\u00e4hlt er auch in dem Interview mit YousToub, wo sich aber auch zeigt, wie wenig er tats\u00e4chlich \u00fcber deren Leben wei\u00df. In dem Gespr\u00e4ch geht es um den Ramadan und Rutte zeigt sich erstaunt, dass im Fastenmonat der Muslime zwischen Sonnenauf- und untergang nicht nur nicht gegessen, sondern auch nicht getrunken werden darf (&#8222;Echt? Auch kein Wasser?&#8220;). Integration als Einbahnstra\u00dfe: wir m\u00fcssen uns nicht f\u00fcr euch interessieren; ihr m\u00fcsst euch einfach an uns anpassen. Hauptsache, ihr macht keinen \u00c4rger. An sich ist es nat\u00fcrlich gut, dass der Ministerpr\u00e4sident auch mit jungen Leuten spricht. Aber hier entsteht dann letztlich &#8211; bei mir &#8211; doch das Bild eines Wahlk\u00e4mpfers auf Stimmenfang und einer als Toleranz verkleideten Gleichg\u00fcltigkeit. Ob man so die Probleme der multikulturellen Gesellschaft in den Griff bekommt? Und ob man sich so von Geert Wilders und der PVV abgrenzen kann?<br \/>\n(Nachtrag am 22.1.: Nachdem ich diesen Text geschrieben hatte, hat Rutte eine Zusammenarbeit mit der PVV nahezu ausgeschlossen. Es bleibt abzuwarten, ob es nach den Wahlen dabei bleibt.)<\/p>\n<p>Das ganze Interview dauert 45 Minuten (= zu lange); es ist der erste Teil eines Spotify-Podcasts, in dem Rutte sich mit den Ansichten und Problemen der Niederl\u00e4nder\/innen auseinandersetzen will. Man darf gespannt sein.<\/p>\n<p>Aus der deutschen Perspektive ist es \u00fcbrigens auch ganz interessant, das Interview von Rutte mit YousToub mit dem von Merkel und LeFloid zu vergleichen. Wenn man mehr wissen will \u00fcber die kulturellen Unterschiede zwischen Deutschland und den Niederlanden, dann kann dieser Vergleich recht instruktiv sein&#8230;<\/p>\n<p>Hier die Links:<\/p>\n<ul>\n<li><a href=\"https:\/\/vvd.nl\/nieuws\/mark-ruttes-podcast-met-youstoub\/\" target=\"_blank\">Audio-Podcast des Interviews von Mark Rutte mit YousToub<\/a><br \/>\nVideos von der Aufnahme des Podcasts in einem Beitrag des <a href=\"https:\/\/www.ad.nl\/dossier-nieuws\/mark-rutte-interviewt-vlogger-youstoub~af827bf6\/\" target=\"_blank\">Algemeen Dagblad<\/a><\/li>\n<li><a href=\"https:\/\/youtu.be\/5OemiOryt3c\" target=\"_blank\">Video des Interviews von Florian Mund (LeFloid) mit Angela Merkel<\/a><\/li>\n<\/ul>\n","protected":false},"excerpt":{"rendered":"<p>Den niederl\u00e4ndischen Parlamentswahlen am 15. 3. 2017 widmen wir eine kleine Serie. Der Wahlkampf in den Niederlanden nimmt langsam Fahrt auf und die &#8218;etablierten&#8216; Parteien \u00fcberlegen, wie sie dem drohenden Wahlsieg von Geert Wilders Partij voor de Vrijheid (PVV) etwas entgegensetzen k\u00f6nnen. Wilders treibt die Koalition von rechtsliberaler VVD und Sozialdemokraten (PvdA) seit Jahren vor [&hellip;]<\/p>\n","protected":false},"author":1127,"featured_media":0,"comment_status":"open","ping_status":"open","sticky":false,"template":"","format":"standard","meta":{"footnotes":""},"categories":[1,720],"tags":[44141,116,71809],"class_list":["post-14229","post","type-post","status-publish","format-standard","hentry","category-allgemein","category-niederlande","tag-beitraege-auf-deutsch","tag-politik","tag-wahl-2017"],"_links":{"self":[{"href":"https:\/\/blogs.fu-berlin.de\/nederlands\/wp-json\/wp\/v2\/posts\/14229","targetHints":{"allow":["GET"]}}],"collection":[{"href":"https:\/\/blogs.fu-berlin.de\/nederlands\/wp-json\/wp\/v2\/posts"}],"about":[{"href":"https:\/\/blogs.fu-berlin.de\/nederlands\/wp-json\/wp\/v2\/types\/post"}],"author":[{"embeddable":true,"href":"https:\/\/blogs.fu-berlin.de\/nederlands\/wp-json\/wp\/v2\/users\/1127"}],"replies":[{"embeddable":true,"href":"https:\/\/blogs.fu-berlin.de\/nederlands\/wp-json\/wp\/v2\/comments?post=14229"}],"version-history":[{"count":12,"href":"https:\/\/blogs.fu-berlin.de\/nederlands\/wp-json\/wp\/v2\/posts\/14229\/revisions"}],"predecessor-version":[{"id":14253,"href":"https:\/\/blogs.fu-berlin.de\/nederlands\/wp-json\/wp\/v2\/posts\/14229\/revisions\/14253"}],"wp:attachment":[{"href":"https:\/\/blogs.fu-berlin.de\/nederlands\/wp-json\/wp\/v2\/media?parent=14229"}],"wp:term":[{"taxonomy":"category","embeddable":true,"href":"https:\/\/blogs.fu-berlin.de\/nederlands\/wp-json\/wp\/v2\/categories?post=14229"},{"taxonomy":"post_tag","embeddable":true,"href":"https:\/\/blogs.fu-berlin.de\/nederlands\/wp-json\/wp\/v2\/tags?post=14229"}],"curies":[{"name":"wp","href":"https:\/\/api.w.org\/{rel}","templated":true}]}}