{"id":14669,"date":"2017-03-31T18:00:57","date_gmt":"2017-03-31T16:00:57","guid":{"rendered":"https:\/\/blogs.fu-berlin.de\/nederlands\/?p=14669"},"modified":"2017-03-29T20:34:25","modified_gmt":"2017-03-29T18:34:25","slug":"nulpen-aus-amsterdam","status":"publish","type":"post","link":"https:\/\/blogs.fu-berlin.de\/nederlands\/2017\/03\/31\/nulpen-aus-amsterdam\/","title":{"rendered":"Nulpen aus Amsterdam"},"content":{"rendered":"<p>F\u00fcr die Sekret\u00e4rin, die uns &#8211; <strong>WARUM<\/strong> <strong>eigentlich<\/strong>? &#8211; verlassen hat&#8230;<\/p>\n<p>&nbsp;<\/p>\n<div style=\"width: 583px\" class=\"wp-caption alignleft\"><a href=\"https:\/\/commons.wikimedia.org\/wiki\/File:Tulpen_in_Meersburg.JPG\" target=\"_blank\"><img loading=\"lazy\" decoding=\"async\" class=\"\" src=\"https:\/\/upload.wikimedia.org\/wikipedia\/commons\/thumb\/b\/b7\/Tulpen_in_Meersburg.JPG\/320px-Tulpen_in_Meersburg.JPG\" width=\"573\" height=\"430\" \/><\/a><p class=\"wp-caption-text\">Kritzolina, CC-BY-SA-3.0<\/p><\/div>\n<p>&nbsp;<\/p>\n<p><a href=\"https:\/\/www.youtube.com\/watch?v=aPiON7tR8P8\" target=\"_blank\">Nulpen aus Amsterdam!<\/a><\/p>\n<p>Nicht die Nulpen (<em>sukkels, domkoppen, nullen<\/em>) aus Amsterdam, <strong>wir <\/strong>danken ihr f\u00fcr die hervorragende Zusammenarbeit. Von ganzem Herzen w\u00fcnschen wir ihr alles Gute und viel Gl\u00fcck!<\/p>\n","protected":false},"excerpt":{"rendered":"<p>F\u00fcr die Sekret\u00e4rin, die uns &#8211; WARUM eigentlich? &#8211; verlassen hat&#8230; &nbsp; &nbsp; Nulpen aus Amsterdam! Nicht die Nulpen (sukkels, domkoppen, nullen) aus Amsterdam, wir danken ihr f\u00fcr die hervorragende Zusammenarbeit. Von ganzem Herzen w\u00fcnschen wir ihr alles Gute und viel Gl\u00fcck!<\/p>\n","protected":false},"author":1834,"featured_media":0,"comment_status":"open","ping_status":"open","sticky":false,"template":"","format":"standard","meta":{"footnotes":""},"categories":[1,6940],"tags":[44141,1542],"class_list":["post-14669","post","type-post","status-publish","format-standard","hentry","category-allgemein","category-wortschatz","tag-beitraege-auf-deutsch","tag-kultur"],"_links":{"self":[{"href":"https:\/\/blogs.fu-berlin.de\/nederlands\/wp-json\/wp\/v2\/posts\/14669","targetHints":{"allow":["GET"]}}],"collection":[{"href":"https:\/\/blogs.fu-berlin.de\/nederlands\/wp-json\/wp\/v2\/posts"}],"about":[{"href":"https:\/\/blogs.fu-berlin.de\/nederlands\/wp-json\/wp\/v2\/types\/post"}],"author":[{"embeddable":true,"href":"https:\/\/blogs.fu-berlin.de\/nederlands\/wp-json\/wp\/v2\/users\/1834"}],"replies":[{"embeddable":true,"href":"https:\/\/blogs.fu-berlin.de\/nederlands\/wp-json\/wp\/v2\/comments?post=14669"}],"version-history":[{"count":17,"href":"https:\/\/blogs.fu-berlin.de\/nederlands\/wp-json\/wp\/v2\/posts\/14669\/revisions"}],"predecessor-version":[{"id":14694,"href":"https:\/\/blogs.fu-berlin.de\/nederlands\/wp-json\/wp\/v2\/posts\/14669\/revisions\/14694"}],"wp:attachment":[{"href":"https:\/\/blogs.fu-berlin.de\/nederlands\/wp-json\/wp\/v2\/media?parent=14669"}],"wp:term":[{"taxonomy":"category","embeddable":true,"href":"https:\/\/blogs.fu-berlin.de\/nederlands\/wp-json\/wp\/v2\/categories?post=14669"},{"taxonomy":"post_tag","embeddable":true,"href":"https:\/\/blogs.fu-berlin.de\/nederlands\/wp-json\/wp\/v2\/tags?post=14669"}],"curies":[{"name":"wp","href":"https:\/\/api.w.org\/{rel}","templated":true}]}}