{"id":14823,"date":"2017-06-07T17:10:53","date_gmt":"2017-06-07T15:10:53","guid":{"rendered":"https:\/\/blogs.fu-berlin.de\/nederlands\/?p=14823"},"modified":"2017-06-07T20:06:07","modified_gmt":"2017-06-07T18:06:07","slug":"bruehrungspunkte-spanien","status":"publish","type":"post","link":"https:\/\/blogs.fu-berlin.de\/nederlands\/2017\/06\/07\/bruehrungspunkte-spanien\/","title":{"rendered":"Ber\u00fchrungspunkte: Spanien"},"content":{"rendered":"<p><span style=\"color: #808000\"><a href=\"https:\/\/upload.wikimedia.org\/wikipedia\/commons\/3\/33\/Michelangelo_Touching_Hands.jpg\" target=\"_blank\"><img loading=\"lazy\" decoding=\"async\" class=\"alignright\" src=\"https:\/\/upload.wikimedia.org\/wikipedia\/commons\/3\/33\/Michelangelo_Touching_Hands.jpg\" width=\"102\" height=\"70\" \/><\/a><strong>Was wir teilen\u00a0 |\u00a0\u00a0 Wat wij delen<\/strong><\/span><\/p>\n<p><span style=\"color: #808000\">Das war das Motto der letzten Frankfurter Buchmesse, wo Flandern und die Niederlande Ehreng\u00e4ste waren.<br \/>\n<\/span><\/p>\n<p>&nbsp;<\/p>\n<p><a href=\"https:\/\/blogs.fu-berlin.de\/nederlands\/files\/2018\/05\/WatWijDelen.jpg\" target=\"_blank\"><img loading=\"lazy\" decoding=\"async\" class=\"alignleft wp-image-12582\" src=\"https:\/\/blogs.fu-berlin.de\/nederlands\/files\/2018\/05\/WatWijDelen-300x225.jpg\" alt=\"WatWijDelen\" width=\"287\" height=\"215\" srcset=\"https:\/\/blogs.fu-berlin.de\/nederlands\/files\/2018\/05\/WatWijDelen-300x225.jpg 300w, https:\/\/blogs.fu-berlin.de\/nederlands\/files\/2018\/05\/WatWijDelen-768x576.jpg 768w, https:\/\/blogs.fu-berlin.de\/nederlands\/files\/2018\/05\/WatWijDelen-1024x768.jpg 1024w, https:\/\/blogs.fu-berlin.de\/nederlands\/files\/2018\/05\/WatWijDelen.jpg 2048w\" sizes=\"auto, (max-width: 287px) 100vw, 287px\" \/><\/a> Wir hatten in der Philologischen Bibliothek dazu drei Vitrinen mit niederl\u00e4ndischsprachiger Literatur in deutscher \u00dcbersetzung eingerichtet. Die zahlreichen Schiffchen, die Sie auf dem Bild sehen, sind mittlerweile in die Vitrinen der Hispanistik umgezogen. Das hat eine gewisse Logik, hat ja auch Spanien die Weltmeere befahren und (80 Jahre lang) auch auf dem Wasser vergeblich die aufst\u00e4ndischen Niederlande bek\u00e4mpft.<\/p>\n<p>Wir haben also mit dem K\u00f6nigreich Spanien einiges an Geschichte gemeinsam, auch wenn der 80-j\u00e4hrige Krieg (1568-1648) dort lediglich unter &#8222;Scharm\u00fctzel im Norden&#8220; resortiert.<\/p>\n<p><strong>GESCHICHTE<\/strong><\/p>\n<p>1628 eroberte <a href=\"https:\/\/de.wikipedia.org\/wiki\/Piet_Pieterszoon_Heyn\" target=\"_blank\">Piet Hein<\/a> &#8211; er war von der WIC (der West-Indischen Compagnie, eine Art Aktiengesellschaft, bei der auch die Republik mitredete) zum Kapern beauftragt &#8211; bei Kuba die sogenannte <a href=\"https:\/\/de.wikipedia.org\/wiki\/Silberflotte#Verluste_durch_feindliche_Angriffe\" target=\"_blank\">Silberflotte<\/a> (zilvervloot). Man sch\u00e4tzt den Wert der Beute auf 11 bis 12 Millionen damaliger Gulden; gemessen an dem heutigen Silberwert waren das 100 Millionen Euro; f\u00fcr die damalige Zeit war das ein Betrag von 100 Milliarden Euro. Ein empfindlicher Schlag ins Portemonnaie f\u00fcr den spanischen K\u00f6nig Philipp IV. Die niederl\u00e4ndischen Provinzen konnten mit dem Geld den Aufstand wieder eine Weile finanzieren.<\/p>\n<p>1648 war nicht nur der Drei\u00dfigj\u00e4hrige Krieg (1618 bis 1648) zu Ende, auch die Republik vers\u00f6hnte sich mit Spanien. Auf Deutsch spricht man vom <em><span id=\"Der_Westf.C3.A4lische_Friede_und_die_Kriegsfolgen\" class=\"mw-headline\">Westf\u00e4lischen Frieden<\/span><\/em><span id=\"Der_Westf.C3.A4lische_Friede_und_die_Kriegsfolgen\" class=\"mw-headline\">, in den Niederlanden vom <a href=\"https:\/\/de.wikipedia.org\/wiki\/Friede_von_M%C3%BCnster\" target=\"_blank\">Frieden von M\u00fcnster<\/a> (<em>de Vrede van M\u00fcnster<\/em>). Die katholischen Streiter trafen sich in M\u00fcnster, die Protestanten in Osnabr\u00fcck. Aber die reformierten Niederl\u00e4nder brauchten ja nur mit Spanien Frieden zu schlie\u00dfen. Der Spanisch-Niederl\u00e4ndische Friede wurde, nach langen Verhandlungen, im <a href=\"https:\/\/www.stadt-muenster.de\/kulturamt\/haus-der-niederlande-im-krameramtshaus.html\" target=\"_blank\">Krameramtshaus<\/a>, dem Quartier der niederl\u00e4ndischen Friedensdelegation, unterzeichnet. Das Geb\u00e4ude wird heute von der M\u00fcnsteraner Niederlandistik als <a href=\"https:\/\/www.uni-muenster.de\/HausDerNiederlande\/\" target=\"_blank\"><span id=\"Der_Westf.C3.A4lische_Friede_und_die_Kriegsfolgen\" class=\"mw-headline\">Haus der Niederlande<\/span><\/a> genutzt.<br \/>\n<\/span><span id=\"Der_Westf.C3.A4lische_Friede_und_die_Kriegsfolgen\" class=\"mw-headline\">Der Kutschentransport der Delegierten wurde \u00fcbrigens von der Firma <a href=\"https:\/\/blogs.fu-berlin.de\/nederlands\/2015\/02\/10\/tour-taxis\/\" target=\"_blank\">Thurn und Taxis<\/a> organisiert.<\/span><span id=\"Der_Westf.C3.A4lische_Friede_und_die_Kriegsfolgen\" class=\"mw-headline\"> <\/span><\/p>\n<div style=\"width: 158px\" class=\"wp-caption alignright\"><a href=\"https:\/\/commons.wikimedia.org\/wiki\/File:Locator_Duchy_of_Brabant_(1350).svg\" target=\"_blank\"><img loading=\"lazy\" decoding=\"async\" src=\"https:\/\/upload.wikimedia.org\/wikipedia\/commons\/thumb\/d\/d1\/Locator_Duchy_of_Brabant_%281350%29.svg\/187px-Locator_Duchy_of_Brabant_%281350%29.svg.png\" width=\"148\" height=\"189\" \/><\/a><p class=\"wp-caption-text\">Sir lain, CC-BY-SA-3.0<\/p><\/div>\n<p>1648 wurde die Grenze, die heute Belgien von den Niederlanden trennt, offiziell anerkannt. Das historische Herzogtum Brabant, das sich von &#8217;s-Hertogenbosch bis s\u00fcdlich von Waterloo erstreckte (Bild), wurde endg\u00fcltig geteilt. In der niederl\u00e4ndischen Provinz Seeland, im \u00e4u\u00dfersten S\u00fcdwesten gibt es ein Gebiet mit dem Namen <a href=\"https:\/\/de.wikipedia.org\/wiki\/Zeeuws_Vlaanderen\" target=\"_blank\">Seel\u00e4ndisch-Flandern<\/a> (<em>Zeeuws-Vlaanderen<\/em>). Nun ja, da hatten die aufst\u00e4ndischen <a href=\"https:\/\/de.wikipedia.org\/wiki\/Geusen\" target=\"_blank\">Geusen<\/a> (<em>Geuzen<\/em>) <a href=\"https:\/\/nl.wikipedia.org\/wiki\/Slag_bij_Reimerswaal\" target=\"_blank\">1574<\/a> die spanische Flotte geschlagen.<\/p>\n<p>Der Norden war ab 1648 offiziell die <a href=\"https:\/\/de.wikipedia.org\/wiki\/Republik_der_Sieben_Vereinigten_Provinzen\" target=\"_blank\">Republik der Vereinigten Niederlande<\/a>, der S\u00fcden blieb spanisch und katholisch, also <span style=\"color: #99cc00\"><span style=\"color: #333333\">habsburgisch,<\/span> <span style=\"color: #333333\">sp\u00e4ter <a href=\"https:\/\/de.wikipedia.org\/wiki\/%C3%96sterreichische_Niederlande\" target=\"_blank\">\u00f6sterreichisch<\/a>.<\/span><\/span><\/p>\n<p><span style=\"color: #333333\"><strong>WAS NOCH?<\/strong><\/span><\/p>\n<p>Es gab Niederl\u00e4nder, die im Spanischen B\u00fcrgerkrieg 1936-39 (selbstredend auf der republikanischen Seite) gek\u00e4mpft haben: der Filmemacher <a href=\"https:\/\/de.wikipedia.org\/wiki\/Joris_Ivens\" target=\"_blank\">Joris Ivens<\/a>, der Autor <a href=\"https:\/\/de.wikipedia.org\/wiki\/Albert_Helman\" target=\"_blank\">Albert Helman<\/a>, der Publizist <a href=\"https:\/\/de.wikipedia.org\/wiki\/Arthur_Lehning\" target=\"_blank\">Arthur Lehning<\/a> &#8211; und <a href=\"https:\/\/nl.wikipedia.org\/wiki\/Fanny_Schoonheyt\" target=\"_blank\">Fanny Schoonheyt<\/a> &#8230;<\/p>\n<p>Spanien nennt einen griechischen Maler <em>El Greco<\/em>, einen Niederl\u00e4nder <a href=\"https:\/\/es.wikipedia.org\/wiki\/El_Bosco\" target=\"_blank\"><em>El Bosco<\/em><\/a>! Und dieser hie\u00df eigentlich van Aken (<em>von Aachen<\/em>): <a href=\"https:\/\/nl.wikipedia.org\/wiki\/Jheronimus_Bosch\" target=\"_blank\">Jeroen Bosch<\/a>. Philipp II. konnte die Protestanten im\u00a0 Norden nicht leiden, aber deren Kunst&#8230; davon hat er einiges nach Spanien geschafft. Gehen Sie mal ins Prado-Museum oder in den Escorial.<\/p>\n<p>Vallfogona de Riucorb, im spanischen Katalonien, war weltweit die allererste Ortschaft, die eine Stra\u00dfe nach dem Jahrhundertfu\u00dfballer <a href=\"https:\/\/blogs.fu-berlin.de\/nederlands\/2014\/06\/20\/ver-geschopt\/\" target=\"_blank\">Johan Cruijff<\/a> benannte: <em>Carrer de Johan Cruyff.<\/em><\/p>\n<p>Und ja, den Urlaub &#8211; den verbringen wir liebend gern in diesem sonnigen K\u00f6nigreich am Mittelmeer.<\/p>\n<p style=\"text-align: right\">Morgen kommt noch ein kurzes <strong>PS<\/strong>.<\/p>\n","protected":false},"excerpt":{"rendered":"<p>Was wir teilen\u00a0 |\u00a0\u00a0 Wat wij delen Das war das Motto der letzten Frankfurter Buchmesse, wo Flandern und die Niederlande Ehreng\u00e4ste waren. &nbsp; Wir hatten in der Philologischen Bibliothek dazu drei Vitrinen mit niederl\u00e4ndischsprachiger Literatur in deutscher \u00dcbersetzung eingerichtet. Die zahlreichen Schiffchen, die Sie auf dem Bild sehen, sind mittlerweile in die Vitrinen der Hispanistik [&hellip;]<\/p>\n","protected":false},"author":1834,"featured_media":0,"comment_status":"open","ping_status":"open","sticky":false,"template":"","format":"standard","meta":{"footnotes":""},"categories":[1],"tags":[44141,71810,471,1542,71806],"class_list":["post-14823","post","type-post","status-publish","format-standard","hentry","category-allgemein","tag-beitraege-auf-deutsch","tag-beruehrungspunkte","tag-geschichte","tag-kultur","tag-wie-is-wie"],"_links":{"self":[{"href":"https:\/\/blogs.fu-berlin.de\/nederlands\/wp-json\/wp\/v2\/posts\/14823","targetHints":{"allow":["GET"]}}],"collection":[{"href":"https:\/\/blogs.fu-berlin.de\/nederlands\/wp-json\/wp\/v2\/posts"}],"about":[{"href":"https:\/\/blogs.fu-berlin.de\/nederlands\/wp-json\/wp\/v2\/types\/post"}],"author":[{"embeddable":true,"href":"https:\/\/blogs.fu-berlin.de\/nederlands\/wp-json\/wp\/v2\/users\/1834"}],"replies":[{"embeddable":true,"href":"https:\/\/blogs.fu-berlin.de\/nederlands\/wp-json\/wp\/v2\/comments?post=14823"}],"version-history":[{"count":49,"href":"https:\/\/blogs.fu-berlin.de\/nederlands\/wp-json\/wp\/v2\/posts\/14823\/revisions"}],"predecessor-version":[{"id":15291,"href":"https:\/\/blogs.fu-berlin.de\/nederlands\/wp-json\/wp\/v2\/posts\/14823\/revisions\/15291"}],"wp:attachment":[{"href":"https:\/\/blogs.fu-berlin.de\/nederlands\/wp-json\/wp\/v2\/media?parent=14823"}],"wp:term":[{"taxonomy":"category","embeddable":true,"href":"https:\/\/blogs.fu-berlin.de\/nederlands\/wp-json\/wp\/v2\/categories?post=14823"},{"taxonomy":"post_tag","embeddable":true,"href":"https:\/\/blogs.fu-berlin.de\/nederlands\/wp-json\/wp\/v2\/tags?post=14823"}],"curies":[{"name":"wp","href":"https:\/\/api.w.org\/{rel}","templated":true}]}}