{"id":14826,"date":"2017-05-23T10:01:12","date_gmt":"2017-05-23T08:01:12","guid":{"rendered":"https:\/\/blogs.fu-berlin.de\/nederlands\/?p=14826"},"modified":"2017-10-19T15:27:39","modified_gmt":"2017-10-19T13:27:39","slug":"beruehrungspunkte-ostbelgien","status":"publish","type":"post","link":"https:\/\/blogs.fu-berlin.de\/nederlands\/2017\/05\/23\/beruehrungspunkte-ostbelgien\/","title":{"rendered":"Ber\u00fchrungspunkte: Ostbelgien"},"content":{"rendered":"<p><span style=\"color: #808000\"><a href=\"https:\/\/upload.wikimedia.org\/wikipedia\/commons\/3\/33\/Michelangelo_Touching_Hands.jpg\" target=\"_blank\" rel=\"noopener\"><img loading=\"lazy\" decoding=\"async\" class=\"alignright\" src=\"https:\/\/upload.wikimedia.org\/wikipedia\/commons\/3\/33\/Michelangelo_Touching_Hands.jpg\" width=\"122\" height=\"84\" \/><\/a><strong>Hallo Nachbar!<\/strong><br \/>\nZur Germanistik geh\u00f6rt ganz selbstverst\u00e4ndlich die deutschsprachige Literatur der Schweiz (Max Frisch u.a.) und von \u00d6sterreich (Thomas Bernhard u.a.). Auch die historisch deutschsprachigen Gebiete geh\u00f6ren dazu: Josef Roth, Paul Celan&#8230;<br \/>\nUnd der Linguist Horst Simon hat ein Forschungsprojekt zur deutschen Sprache in Namibia.<\/span><\/p>\n<div style=\"width: 208px\" class=\"wp-caption alignleft\"><a href=\"https:\/\/commons.wikimedia.org\/wiki\/File:Karte_Deutschsprachige_Gemeinschaft.svg\" target=\"_blank\" rel=\"noopener\"><img loading=\"lazy\" decoding=\"async\" src=\"https:\/\/upload.wikimedia.org\/wikipedia\/commons\/thumb\/8\/8f\/Karte_Deutschsprachige_Gemeinschaft.svg\/308px-Karte_Deutschsprachige_Gemeinschaft.svg.png\" width=\"198\" height=\"384\" \/><\/a><p class=\"wp-caption-text\">NordNordWest, CC-BY-SA-3.0-DE<\/p><\/div>\n<p>Aber Ostbelgien?<br \/>\nWieso denn das, fragen Sie?<\/p>\n<p>Nun, im <a href=\"https:\/\/blogs.fu-berlin.de\/nederlands\/2015\/02\/16\/oud-belgie-en-nieuw-belgie\/\" target=\"_blank\" rel=\"noopener\">Osten von Belgien<\/a> wird Deutsch gesprochen und geschrieben (<a href=\"https:\/\/blogs.fu-berlin.de\/nederlands\/2015\/02\/16\/oud-belgie-en-nieuw-belgie\/\" target=\"_blank\" rel=\"noopener\">Eupen, Malmedy, St. Vith<\/a>). Die <a href=\"https:\/\/de.wikipedia.org\/wiki\/Deutschsprachige_Gemeinschaft\" target=\"_blank\" rel=\"noopener\">Deutschsprachige Gemeinschaft<\/a> hat sogar eine eigene Regierung. Diese zeichnet unter anderem verantwortlich f\u00fcr die Kulturpolitik in weitestem Sinne. Was den \u00f6ffentlichen Raum betrifft (Infrastruktur und so) geh\u00f6rt dieses Gebiet zum franz\u00f6sischsprachigen Wallonien.<\/p>\n<p>Und die Literatur?<br \/>\n<a href=\"https:\/\/de.wikipedia.org\/wiki\/Josef_Ponten\" target=\"_blank\" rel=\"noopener\">Josef Ponten<\/a> (1883 in Raeren bei Eupen geboren) &#8211; ich gebe zu: nicht der sympathischte unter den Literaten &#8211; geh\u00f6rt dazu. Aber auch <a href=\"https:\/\/de.wikipedia.org\/wiki\/Peter_Schmitz_(Schriftsteller)\" target=\"_blank\" rel=\"noopener\">Peter Schmitz<\/a>. Er schrieb den sehr lesenswerten anti-Kriegsroman <a href=\"https:\/\/blogs.fu-berlin.de\/nederlands\/2015\/02\/18\/peter-schmitz-uit-eupen\/\" target=\"_blank\" rel=\"noopener\">Golgatha<\/a>. Beim Verlag Peter Lang erschien <em>Umstrittenes Grenzland: Selbst- <span class=\"searchword\">und<\/span> Fremdbilder bei Josef <span class=\"searchword\">Ponten<\/span> <span class=\"searchword\">und<\/span> Peter <span class=\"searchword\">Schmitz<\/span>, 1918 &#8211; 1940<\/em>.<\/p>\n<p>Aus der von der Romanistin [sic] Anne Begenat-Neusch\u00e4fer ebenfalls bei Peter Lang herausgegeben Reihe <a href=\"https:\/\/www.peterlang.com\/view\/serial\/FRANK\" target=\"_blank\" rel=\"noopener\">Belgien im Fokus<\/a> hat die Philologische Bibliothek bislang die Teile <em>Comic und Jugendliteratur in Belgien von ihren Anf\u00e4ngen bis heute <\/em>(Band 2) und <em>Die Deutschsprachige Gemeinschaft Belgiens. Eine Bestandsaufnahme<\/em> (Band 3). Und bald, so hoffe ich doch, auch den ersten Band: <em>Belgien im Blick: Interkulturelle Bestandsaufnahmen &#8211; Regards crois\u00e9s sur la Belgique contemporaine &#8211; Blikken op Belgi\u00eb: Interculturele Beschouwingen<\/em>.<br \/>\nMal sehen, ob es einen Geldtopf gibt, aus dem gleich 3 Philologien bedient werden k\u00f6nnten&#8230;<\/p>\n<p><a href=\"https:\/\/de.wikipedia.org\/wiki\/Freddy_Derwahl\" target=\"_blank\" rel=\"noopener\">Freddie Derwahl<\/a> schrieb <em>Bosch in Belgien<\/em>.<br \/>\nNein, dieser Roman hat nichts mit dem gro\u00dfen Maler aus dem brabantischen <a href=\"https:\/\/upload.wikimedia.org\/wikipedia\/commons\/c\/cb\/Nl-%27s-Hertogenbosch.ogg\" target=\"_blank\" rel=\"noopener\">&#8217;s-Hertogenbosch<\/a> zu tun. <em>Bosch<\/em> d\u00fcrfen Sie in diesem Fall deutsch aussprechen, und Sie landen dann beim franz\u00f6sischen (es lebe Europa!) <a href=\"https:\/\/de.wikipedia.org\/wiki\/Boche\" target=\"_blank\" rel=\"noopener\">boche<\/a>. Die deutschsprachige Gemeinschaft in Belgien wurde ger\u00fcttelt und gesch\u00fcttelt von Kriegen. Auch im K\u00f6nigreich Belgien (ab 1945), wo der Sprachenstreit zwischen Franz\u00f6sisch und Niederl\u00e4ndisch ausgefochten wurde, hatten es die Deutschsprachigen nicht leicht.<\/p>\n<p>Davon zeugt auch <em>Grenzlandfrau. Ein Frauenschicksal im belgisch-deutschen Grenzgebiet <\/em>von <a href=\"https:\/\/www.maryanne-becker.de\/grenzlandfrau.html\" target=\"_blank\" rel=\"noopener\">Maryanne Becker<\/a>.<\/p>\n<p>Schauen Sie sich unsere Bibliotheksvitrine mal an. Auf Anfrage k\u00f6nnen Sie diese B\u00fccher auch ausleihen.<\/p>\n<hr \/>\n<p>Das kleine f\u00f6derale K\u00f6nigreich Belgien ist schon etwas ganz Besonderes&#8230;<br \/>\nEs gibt 1. die Bundesregierung (<em>federale regering<\/em>). Dann gibt es die Regierungen der Gemeinschaften: der Fl\u00e4mischen (2), der Franz\u00f6sischen (3) und der Deutschsprachigen Gemeinschaft (4). Und es gibt die Regierungen der Regionen: der Fl\u00e4mischen Region (5), der Region Br\u00fcssel-Hauptstadt (6) und der Wallonischen Region (7).<br \/>\nDie Regierungen der fl\u00e4mischen Gemeinschaft und der fl\u00e4mischen Region sind fusiert. <strong>Insgesamt also 6! <\/strong>Provinzen und Kommunen gibt es auch noch.<strong><br \/>\n<\/strong><\/p>\n","protected":false},"excerpt":{"rendered":"<p>Hallo Nachbar! Zur Germanistik geh\u00f6rt ganz selbstverst\u00e4ndlich die deutschsprachige Literatur der Schweiz (Max Frisch u.a.) und von \u00d6sterreich (Thomas Bernhard u.a.). Auch die historisch deutschsprachigen Gebiete geh\u00f6ren dazu: Josef Roth, Paul Celan&#8230; Und der Linguist Horst Simon hat ein Forschungsprojekt zur deutschen Sprache in Namibia. Aber Ostbelgien? Wieso denn das, fragen Sie? Nun, im Osten [&hellip;]<\/p>\n","protected":false},"author":1834,"featured_media":0,"comment_status":"open","ping_status":"open","sticky":false,"template":"","format":"standard","meta":{"footnotes":""},"categories":[2983],"tags":[44141,71810,471,1542],"class_list":["post-14826","post","type-post","status-publish","format-standard","hentry","category-belgien","tag-beitraege-auf-deutsch","tag-beruehrungspunkte","tag-geschichte","tag-kultur"],"_links":{"self":[{"href":"https:\/\/blogs.fu-berlin.de\/nederlands\/wp-json\/wp\/v2\/posts\/14826","targetHints":{"allow":["GET"]}}],"collection":[{"href":"https:\/\/blogs.fu-berlin.de\/nederlands\/wp-json\/wp\/v2\/posts"}],"about":[{"href":"https:\/\/blogs.fu-berlin.de\/nederlands\/wp-json\/wp\/v2\/types\/post"}],"author":[{"embeddable":true,"href":"https:\/\/blogs.fu-berlin.de\/nederlands\/wp-json\/wp\/v2\/users\/1834"}],"replies":[{"embeddable":true,"href":"https:\/\/blogs.fu-berlin.de\/nederlands\/wp-json\/wp\/v2\/comments?post=14826"}],"version-history":[{"count":32,"href":"https:\/\/blogs.fu-berlin.de\/nederlands\/wp-json\/wp\/v2\/posts\/14826\/revisions"}],"predecessor-version":[{"id":16243,"href":"https:\/\/blogs.fu-berlin.de\/nederlands\/wp-json\/wp\/v2\/posts\/14826\/revisions\/16243"}],"wp:attachment":[{"href":"https:\/\/blogs.fu-berlin.de\/nederlands\/wp-json\/wp\/v2\/media?parent=14826"}],"wp:term":[{"taxonomy":"category","embeddable":true,"href":"https:\/\/blogs.fu-berlin.de\/nederlands\/wp-json\/wp\/v2\/categories?post=14826"},{"taxonomy":"post_tag","embeddable":true,"href":"https:\/\/blogs.fu-berlin.de\/nederlands\/wp-json\/wp\/v2\/tags?post=14826"}],"curies":[{"name":"wp","href":"https:\/\/api.w.org\/{rel}","templated":true}]}}