{"id":14848,"date":"2017-05-02T08:00:20","date_gmt":"2017-05-02T06:00:20","guid":{"rendered":"https:\/\/blogs.fu-berlin.de\/nederlands\/?p=14848"},"modified":"2017-06-08T20:44:40","modified_gmt":"2017-06-08T18:44:40","slug":"maria-sibylla-merian","status":"publish","type":"post","link":"https:\/\/blogs.fu-berlin.de\/nederlands\/2017\/05\/02\/maria-sibylla-merian\/","title":{"rendered":"Maria Sibylla Merian"},"content":{"rendered":"<p>Im Kupferstichkabinett findet zur Zeit die Ausstellung <a href=\"https:\/\/www.smb.museum\/museen-einrichtungen\/kupferstichkabinett\/home.html\" target=\"_blank\">Maria Sibylla Merian und die Tradition des Blumenbildes <\/a>statt (bis zum 2. Juli). Bis zum 25. Juni kann man als Erg\u00e4nzung in der Gem\u00e4ldegalerie die kleine schmucke Ausstellung <a href=\"https:\/\/www.smb.museum\/museen-und-einrichtungen\/kupferstichkabinett\/ausstellungen\/detail\/der-reiz-des-kleinen.html\" target=\"_blank\">Der Reiz des Kleinen &#8211; Naturstudien in Hollands Goldenem Jahrhundert<\/a> besuchen.<\/p>\n<p>Gehen Sie hin: es lohnt!<\/p>\n<p>Aus gegebenem Anla\u00df haben wir in der Philologischen Bibliothek eine kleine Vitrine zu Maria Sibylla Merian eingerichtet. Warum wir, die Niederl\u00e4ndische Philologie?<br \/>\nNun, Maria Sibylla Merian (als Kind hatte sie die Raupen und ihre Verwandlung, die Insekten lieben gelernt) landete nach der Trennung von ihrem Ehemann bei den <a href=\"https:\/\/de.wikipedia.org\/wiki\/Maria_Sibylla_Merian#Niederlande\" target=\"_blank\">Labadisten in Friesland<\/a>. Das Anwesen, das sie bewohnten, geh\u00f6rte den Schwestern von Cornelis van Aerssen van Sommelsdijk, dem Gouverneur der Kolonie Surinam. Sp\u00e4ter zog es sie nach Amsterdam, wo auch die Schiffe der WIC (West-Indischen Compagnie) anlegten.<\/p>\n<blockquote><p>\u201eIn Holland sah ich jedoch voller Verwunderung, was f\u00fcr sch\u00f6ne Tiere man aus Ost- und West-Indien kommen lie\u00df, \u2026 In jenen Sammlungen habe ich diese und zahllose andere Insekten gefunden, aber so, dass dort ihr Ursprung und ihre Fortpflanzung fehlten, das hei\u00dft, wie sie sich aus Raupen in Puppen und so weiter verwandeln. Das alles hat mich dazu angeregt, eine gro\u00dfe und teure Reise zu unternehmen und nach Surinam zu fahren (ein hei\u00dfes und feuchtes Land\u00a0\u2026), um dort meine Beobachtungen fortzusetzen.\u201c <a href=\"https:\/\/de.wikipedia.org\/wiki\/Maria_Sibylla_Merian#Reise_nach_Surinam\" target=\"_blank\">Quelle<\/a><\/p><\/blockquote>\n<div style=\"width: 171px\" class=\"wp-caption alignright\"><a href=\"https:\/\/commons.wikimedia.org\/wiki\/File:Merian_Metamorphosis_XXVII.jpg\" target=\"_blank\"><img loading=\"lazy\" decoding=\"async\" class=\"\" src=\"https:\/\/upload.wikimedia.org\/wikipedia\/commons\/thumb\/9\/93\/Merian_Metamorphosis_XXVII.jpg\/175px-Merian_Metamorphosis_XXVII.jpg\" width=\"161\" height=\"221\" \/><\/a><p class=\"wp-caption-text\">Zitrone (PD-Art)<\/p><\/div>\n<p>Die Neugier siegte: 1699 schiffte sie sich ein. In Surinam entstanden die Zeichnungen, die zusammen mit ihren Beschreibungen zu ihrem allersch\u00f6nsten Buch f\u00fchrten: im Jahre 1705 erschien <a href=\"https:\/\/de.wikipedia.org\/wiki\/Metamorphosis_insectorum_Surinamensium\" target=\"_blank\"><b>Metamorphosis insectorum Surinamensium<\/b><\/a><b>.<br \/>\n<\/b>Die Universit\u00e4t G\u00f6ttingen hat den Band digitalisiert; Sie k\u00f6nnen <a href=\"https:\/\/gdz.sub.uni-goettingen.de\/dms\/load\/img\/?PPN=PPN477653782&amp;IDDOC=275685\" target=\"_blank\">hier<\/a> durch dieses pr\u00e4chtige Buch bl\u00e4ttern.<\/p>\n<p>Nicht unerw\u00e4hnt bleiben soll, dass die Merian sich auch interessiert mit der einheimischen Bev\u00f6lkerung unterhalten hat, und so von Indianerinnen einiges \u00fcber Kr\u00e4uter, Pflanzen und deren heilsame Wirkung erfuhr, u.a. Informationen dar\u00fcber, wie Abtreibungen eingeleitet wurden.<br \/>\nAlexander von Humboldt blieben, exakt 100 Jahre sp\u00e4ter, solche, eher &#8218;weiblich&#8216; konnotierten Zusammenh\u00e4nge, die Merian als Pionierin ausweisen, trotz seiner umfassenden &#8218;zweiten Entdeckung&#8216; Lateinamerikas verborgen.<\/p>\n<p>&nbsp;<\/p>\n<p><a href=\"https:\/\/blogs.fu-berlin.de\/nederlands\/files\/2016\/01\/Berlijn-Suriname_klein.jpg\" target=\"_blank\"><img loading=\"lazy\" decoding=\"async\" class=\"alignleft wp-image-7057\" src=\"https:\/\/blogs.fu-berlin.de\/nederlands\/files\/2016\/01\/Berlijn-Suriname_klein-225x300.jpg\" alt=\"Berlijn-Suriname_klein\" width=\"146\" height=\"194\" srcset=\"https:\/\/blogs.fu-berlin.de\/nederlands\/files\/2016\/01\/Berlijn-Suriname_klein-225x300.jpg 225w, https:\/\/blogs.fu-berlin.de\/nederlands\/files\/2016\/01\/Berlijn-Suriname_klein.jpg 369w\" sizes=\"auto, (max-width: 146px) 100vw, 146px\" \/><\/a><\/p>\n<p>In unserer Vitrine finden Sie auch zwei Biographien &#8211; die eine von Dieter K\u00fchn: <a href=\"https:\/\/www.perlentaucher.de\/buch\/dieter-kuehn\/frau-merian.html\" target=\"_blank\">Frau Merian! Eine Lebensgeschichte<\/a>.<\/p>\n<p>Die andere von der niederl\u00e4ndischen Autorin Inez van Dullemen: <a href=\"https:\/\/kunst-en-cultuur.infonu.nl\/biografie\/75009-maria-sibylla-een-ongebruikelijke-passie-boekbespreking.html\" target=\"_blank\">Maria Sibylla: een ongebruikelijke passie<\/a>.<\/p>\n<p>Beide B\u00fccher sind auf Wunsch auszuleihen&#8230;<\/p>\n<p>Jetzt sind Sie bestimmt neugierig geworden auf dieses Land in den Tropen, wo man sogar in Berlin, am Rande des Regenwaldes, Niederl\u00e4ndisch spricht, oder?<\/p>\n","protected":false},"excerpt":{"rendered":"<p>Im Kupferstichkabinett findet zur Zeit die Ausstellung Maria Sibylla Merian und die Tradition des Blumenbildes statt (bis zum 2. Juli). Bis zum 25. Juni kann man als Erg\u00e4nzung in der Gem\u00e4ldegalerie die kleine schmucke Ausstellung Der Reiz des Kleinen &#8211; Naturstudien in Hollands Goldenem Jahrhundert besuchen. Gehen Sie hin: es lohnt! Aus gegebenem Anla\u00df haben [&hellip;]<\/p>\n","protected":false},"author":1834,"featured_media":0,"comment_status":"open","ping_status":"open","sticky":false,"template":"","format":"standard","meta":{"footnotes":""},"categories":[1,64050],"tags":[44141,471,1542,71806],"class_list":["post-14848","post","type-post","status-publish","format-standard","hentry","category-allgemein","category-suriname","tag-beitraege-auf-deutsch","tag-geschichte","tag-kultur","tag-wie-is-wie"],"_links":{"self":[{"href":"https:\/\/blogs.fu-berlin.de\/nederlands\/wp-json\/wp\/v2\/posts\/14848","targetHints":{"allow":["GET"]}}],"collection":[{"href":"https:\/\/blogs.fu-berlin.de\/nederlands\/wp-json\/wp\/v2\/posts"}],"about":[{"href":"https:\/\/blogs.fu-berlin.de\/nederlands\/wp-json\/wp\/v2\/types\/post"}],"author":[{"embeddable":true,"href":"https:\/\/blogs.fu-berlin.de\/nederlands\/wp-json\/wp\/v2\/users\/1834"}],"replies":[{"embeddable":true,"href":"https:\/\/blogs.fu-berlin.de\/nederlands\/wp-json\/wp\/v2\/comments?post=14848"}],"version-history":[{"count":26,"href":"https:\/\/blogs.fu-berlin.de\/nederlands\/wp-json\/wp\/v2\/posts\/14848\/revisions"}],"predecessor-version":[{"id":15299,"href":"https:\/\/blogs.fu-berlin.de\/nederlands\/wp-json\/wp\/v2\/posts\/14848\/revisions\/15299"}],"wp:attachment":[{"href":"https:\/\/blogs.fu-berlin.de\/nederlands\/wp-json\/wp\/v2\/media?parent=14848"}],"wp:term":[{"taxonomy":"category","embeddable":true,"href":"https:\/\/blogs.fu-berlin.de\/nederlands\/wp-json\/wp\/v2\/categories?post=14848"},{"taxonomy":"post_tag","embeddable":true,"href":"https:\/\/blogs.fu-berlin.de\/nederlands\/wp-json\/wp\/v2\/tags?post=14848"}],"curies":[{"name":"wp","href":"https:\/\/api.w.org\/{rel}","templated":true}]}}