{"id":14981,"date":"2017-06-15T19:00:20","date_gmt":"2017-06-15T17:00:20","guid":{"rendered":"https:\/\/blogs.fu-berlin.de\/nederlands\/?p=14981"},"modified":"2017-06-14T18:16:53","modified_gmt":"2017-06-14T16:16:53","slug":"ver-van-mijn-bed","status":"publish","type":"post","link":"https:\/\/blogs.fu-berlin.de\/nederlands\/2017\/06\/15\/ver-van-mijn-bed\/","title":{"rendered":"Ver van mijn bed"},"content":{"rendered":"<p><span id=\"a38160\" class=\"ga\"><span class=\"gah\"><span class=\"gy gah1\"><span class=\"gv\"><span id=\"v5618\" class=\"gq gad gk\"><span class=\"gg\"><span class=\"gba\">Dat is <strong>ver <\/strong><\/span><strong><span class=\"gae\">van<\/span><\/strong><span class=\"gba\"><strong> mijn bed<\/strong> &#8211; of ook: <\/span><\/span><\/span><\/span><\/span><\/span><\/span><span id=\"a531172\" class=\"ga\"><span class=\"gah\"><span class=\"gy gah1\"><span class=\"gv\"><span class=\"gab\"><span id=\"v77779\" class=\"gab gad\"><span class=\"gba\">dat <\/span><span class=\"gae\">is<\/span><span class=\"gba\"><strong> een ver-van-mijn-bedshow<\/strong>: <\/span><\/span><\/span><\/span><\/span><\/span><\/span><span id=\"a38160\" class=\"ga\"><span class=\"gah\"><span class=\"gy gah1\"><span class=\"gv\"><span id=\"v5618\" class=\"gq gad gk\"><span class=\"gg\"><em><span class=\"gaj\">damit habe ich nichts zu tun, das ber\u00fchrt mich nicht.<\/span><\/em><\/span><\/span><\/span><\/span><\/span><\/span><\/p>\n<p>Wanneer de mammoet leefde? Dankzij collega <a href=\"https:\/\/blogs.fu-berlin.de\/nederlands\/2017\/05\/07\/zij-is-van-voor-de-mammoet\/comment-page-1\/#comment-973\" target=\"_blank\">Marc van Oostendorp<\/a> weet ik het nu. Maar mammoeten, dinosauri\u00ebrs, prehistorie en zo: allemaal <strong>ver van mijn bed<\/strong>!<\/p>\n<div style=\"width: 212px\" class=\"wp-caption alignleft\"><a href=\"https:\/\/commons.wikimedia.org\/wiki\/File:Harikalar_Diyari_Flintstones_06029_nevit.jpg\" target=\"_blank\"><img loading=\"lazy\" decoding=\"async\" src=\"https:\/\/upload.wikimedia.org\/wikipedia\/commons\/thumb\/2\/2d\/Harikalar_Diyari_Flintstones_06029_nevit.jpg\/320px-Harikalar_Diyari_Flintstones_06029_nevit.jpg\" width=\"202\" height=\"151\" \/><\/a><p class=\"wp-caption-text\">N.Dilmen, CC-BY-SA-3.0-migrated<\/p><\/div>\n<p>Dinosauri\u00ebrs ken ik dankzij <a href=\"https:\/\/www.youtube.com\/watch?v=2M6QTsRKy2o\" target=\"_blank\">Buster Keaton<\/a> (02:55), hun geraamte (<em>Skelett<\/em>) dankzij <a href=\"https:\/\/www.youtube.com\/watch?v=0JoIRmQW2es\" target=\"_blank\">Cary Grant<\/a> en uiteraard dankzij het Berlijnse <a href=\"https:\/\/www.freizeiterlebnisse.eu\/data\/uploads\/originals\/gallery\/1513\/08118aa5eb64fe8da48950bbea0757b2.jpg\" target=\"_blank\">natuurkundemuseum<\/a>&#8230;.<\/p>\n<p>Fred Flintstone &#8211; die in het Duits <em>Feuerstein<\/em> heet &#8211; ja, die ken ik.<br \/>\n<strong><em>Wilma! open the door!<\/em><\/strong> Dat waren zo ongeveer mijn eerste Engelse woorden.<br \/>\nFoto links: Wilma, Fred en Pebbles met Dino.<\/p>\n<blockquote><p>De serie speelt zich af in de steentijd, in het fictieve plaatsje Bedrock. Hierin leven uitgestorven dieren als mammoeten, dinosauri\u00ebrs, pterosauri\u00ebrs, sabeltandtijgers en dodo&#8217;s samen met holbewoners. Daarbij ging men eraan voorbij dat dinosauri\u00ebrs en pterosauri\u00ebrs allang uitgestorven waren toen de mens op aarde verscheen. <a href=\"https:\/\/nl.wikipedia.org\/wiki\/The_Flintstones_(televisieserie)#Verhaal\" target=\"_blank\">Bron<\/a><\/p><\/blockquote>\n<p>Wat nog?<br \/>\nIemand die <strong>met het verkeerde been uit bed<\/strong> stapt, is bijzonder slecht gehumeurd (<em>gelaunt<\/em><span id=\"a522162\" class=\"ga\"><span class=\"gah\"><span class=\"gy gah1\"><span class=\"gv\"><span id=\"v75972\" class=\"gq gad gk\"><span class=\"gg\"><span class=\"gaj\"><em>)<\/em>.<br \/>\nMaar laat ik vooral de ontroerende <em>jonge sla in <a href=\"https:\/\/recensies.infonu.nl\/kunst-en-cultuur\/124250-het-gedicht-van-rutger-kopland-jonge-sla.html\" target=\"_blank\">vochtige bedjes<\/a><\/em> <\/span><\/span><\/span><\/span><\/span><\/span><\/span><span id=\"a522162\" class=\"ga\"><span class=\"gah\"><span class=\"gy gah1\"><span class=\"gv\"><span id=\"v75972\" class=\"gq gad gk\"><span class=\"gg\"><span class=\"gaj\">niet vergeten<\/span><\/span><\/span><\/span><\/span><\/span><\/span><span id=\"a522162\" class=\"ga\"><span class=\"gah\"><span class=\"gy gah1\"><span class=\"gv\"><span id=\"v75972\" class=\"gq gad gk\"><span class=\"gg\"><span class=\"gaj\">: <\/span><\/span><\/span><\/span><\/span><\/span><\/span><span id=\"a522162\" class=\"ga\"><span class=\"gah\"><span class=\"gy gah1\"><span class=\"gv\"><span id=\"v75972\" class=\"gq gad gk\"><span class=\"gg\"><span class=\"gaj\">niet \u00e9\u00e9n maar h\u00e9t gedicht van Rutger Kopland.<br \/>\n<\/span><\/span><\/span><\/span><\/span><\/span><\/span><\/p>\n<p style=\"text-align: right\"><a href=\"https:\/\/www.youtube.com\/watch?v=gdX6fwfrULI\" target=\"_blank\"><b>Yabadabadoo!<\/b><\/a><\/p>\n","protected":false},"excerpt":{"rendered":"<p>Dat is ver van mijn bed &#8211; of ook: dat is een ver-van-mijn-bedshow: damit habe ich nichts zu tun, das ber\u00fchrt mich nicht. Wanneer de mammoet leefde? Dankzij collega Marc van Oostendorp weet ik het nu. Maar mammoeten, dinosauri\u00ebrs, prehistorie en zo: allemaal ver van mijn bed! Dinosauri\u00ebrs ken ik dankzij Buster Keaton (02:55), hun [&hellip;]<\/p>\n","protected":false},"author":1834,"featured_media":0,"comment_status":"open","ping_status":"open","sticky":false,"template":"","format":"standard","meta":{"footnotes":""},"categories":[23484,23488,3099,6940],"tags":[],"class_list":["post-14981","post","type-post","status-publish","format-standard","hentry","category-idiom","category-sprachvariation","category-sprachvergleich","category-wortschatz"],"_links":{"self":[{"href":"https:\/\/blogs.fu-berlin.de\/nederlands\/wp-json\/wp\/v2\/posts\/14981","targetHints":{"allow":["GET"]}}],"collection":[{"href":"https:\/\/blogs.fu-berlin.de\/nederlands\/wp-json\/wp\/v2\/posts"}],"about":[{"href":"https:\/\/blogs.fu-berlin.de\/nederlands\/wp-json\/wp\/v2\/types\/post"}],"author":[{"embeddable":true,"href":"https:\/\/blogs.fu-berlin.de\/nederlands\/wp-json\/wp\/v2\/users\/1834"}],"replies":[{"embeddable":true,"href":"https:\/\/blogs.fu-berlin.de\/nederlands\/wp-json\/wp\/v2\/comments?post=14981"}],"version-history":[{"count":28,"href":"https:\/\/blogs.fu-berlin.de\/nederlands\/wp-json\/wp\/v2\/posts\/14981\/revisions"}],"predecessor-version":[{"id":15333,"href":"https:\/\/blogs.fu-berlin.de\/nederlands\/wp-json\/wp\/v2\/posts\/14981\/revisions\/15333"}],"wp:attachment":[{"href":"https:\/\/blogs.fu-berlin.de\/nederlands\/wp-json\/wp\/v2\/media?parent=14981"}],"wp:term":[{"taxonomy":"category","embeddable":true,"href":"https:\/\/blogs.fu-berlin.de\/nederlands\/wp-json\/wp\/v2\/categories?post=14981"},{"taxonomy":"post_tag","embeddable":true,"href":"https:\/\/blogs.fu-berlin.de\/nederlands\/wp-json\/wp\/v2\/tags?post=14981"}],"curies":[{"name":"wp","href":"https:\/\/api.w.org\/{rel}","templated":true}]}}