{"id":15034,"date":"2017-05-29T17:15:29","date_gmt":"2017-05-29T15:15:29","guid":{"rendered":"https:\/\/blogs.fu-berlin.de\/nederlands\/?p=15034"},"modified":"2019-09-18T21:38:37","modified_gmt":"2019-09-18T19:38:37","slug":"fu-gibt-raubgut-zurueck","status":"publish","type":"post","link":"https:\/\/blogs.fu-berlin.de\/nederlands\/2017\/05\/29\/fu-gibt-raubgut-zurueck\/","title":{"rendered":"Freie Universit\u00e4t gibt Raubgut zur\u00fcck"},"content":{"rendered":"<p>Provenienzforschung (<em>onderzoek naar de herkomst<\/em>) ist mittlerweile ein Bereich, in dem sich, namentlich bei den deutschen Museen (Raubkunst), viel tut. Auch unsere eigne Alma Mater, die Freie Universit\u00e4t Berlin, hat in der Universit\u00e4tsbibliothek eine Abteilung <a href=\"https:\/\/www.fu-berlin.de\/sites\/ub\/ueber-uns\/raubgut\/\" target=\"_blank\" rel=\"noopener\"><em>Stabsstelle NS-Raub- und Beutegut<\/em><\/a><em>. <\/em>Von dort erhielten wir die Nachricht \u00fcber einen ganz besonderen Fund und die \u00fcberaus gl\u00fcckliche Restituierung desselben an den niederl\u00e4ndischen Erben, wohnhaft in <a href=\"https:\/\/upload.wikimedia.org\/wikipedia\/commons\/0\/0c\/Nl-Maastricht.ogg\" target=\"_blank\" rel=\"noopener\">Maastricht<\/a>.<\/p>\n<div id=\"attachment_15130\" style=\"width: 361px\" class=\"wp-caption alignright\"><a href=\"https:\/\/blogs.fu-berlin.de\/nederlands\/files\/2019\/05\/Berets02.jpg\" target=\"_blank\" rel=\"noopener\"><img loading=\"lazy\" decoding=\"async\" aria-describedby=\"caption-attachment-15130\" class=\"wp-image-15130\" src=\"https:\/\/blogs.fu-berlin.de\/nederlands\/files\/2019\/05\/Berets02-300x225.jpg\" alt=\"Berets02\" width=\"351\" height=\"263\" srcset=\"https:\/\/blogs.fu-berlin.de\/nederlands\/files\/2019\/05\/Berets02-300x225.jpg 300w, https:\/\/blogs.fu-berlin.de\/nederlands\/files\/2019\/05\/Berets02-768x576.jpg 768w, https:\/\/blogs.fu-berlin.de\/nederlands\/files\/2019\/05\/Berets02-1024x768.jpg 1024w\" sizes=\"auto, (max-width: 351px) 100vw, 351px\" \/><\/a><p id=\"caption-attachment-15130\" class=\"wp-caption-text\"><a href=\"https:\/\/lootedculturalassets.de\/index.php\/Detail\/Entity\/Show\/entity_id\/8793\" target=\"_blank\" rel=\"noopener\">lootedculturalassets.de<\/a><\/p><\/div>\n<p>In der Fachbibliothek Judaistik der Campusbibliothek wurde <span style=\"color: #333333\">ein <em>Pentateuch<\/em> (die f\u00fcnf B\u00fccher des Mose) aus dem Jahre 1914 gefunden; darin eine Widmung vom Oberrabbiner Levy an Fritz Berets (21.6.1906 Krefeld &#8211; 28.3.1945 KZ Buchenwald) zu dessen Bar-Mizwa 1919 in Krefeld. Da die Provenienz nicht klar war, wandte man sich an obengenannte Stabstelle der UB. Die machte sich an die Arbeit.<br \/>\n<\/span><\/p>\n<p><span style=\"color: #333333\">Dabei stellte sich heraus, dass die Familie Berets in den 30er Jahren von Krefeld in die Niederlande ausgewandert war. Fritz Berets wurde mit seiner Frau und zwei Kindern im Februar 1944 ins Durchgangslager Westerbork gebracht. Im September wurde die Familie nach Auschwitz transportiert, wo Fritz&#8216; Frau Lena und die 4-j\u00e4hrigen Zwillinge Erik und Irene im Oktober ermordet wurden. Nach der R\u00e4umung des Vernichtunglagers durch die Nazis, kam Fritz Berets nach Buchenwald. Dort wurde er am 28. M\u00e4rz ermordet. Die meisten seiner neun <a href=\"http:\/\/www.joodsmonument.nl\/en\/page\/573828\/alexander-berets\" target=\"_blank\" rel=\"noopener\">Geschwister <\/a><\/span><span style=\"color: #1f497d\"><span style=\"color: #333333\">wurden ebenfalls in verschiedenen Konzentrationslagern umgebracht.<\/span><\/span><\/p>\n<div style=\"width: 220px\" class=\"wp-caption alignleft\"><a href=\"https:\/\/commons.wikimedia.org\/wiki\/File%3AMaastricht_Ernst_David_Berets.JPG\" target=\"_blank\" rel=\"noopener\"><img loading=\"lazy\" decoding=\"async\" src=\"https:\/\/upload.wikimedia.org\/wikipedia\/commons\/6\/63\/Maastricht_Ernst_David_Berets.JPG\" width=\"210\" height=\"214\" \/><\/a><p class=\"wp-caption-text\">Foto: A.E. van Kooten (CC BY-SA 4.0)<\/p><\/div>\n<p>Fritz&#8216; Bruder <span style=\"color: #1f497d\"><span style=\"color: #333333\"><a href=\"http:\/\/www.struikelsteentjes-maastricht.nl\/uimg\/struikelsteentjes\/b11877_att-wyckerbrugstraat-56-eng-ernst-david-berets.pdf\" target=\"_blank\" rel=\"noopener\">Ernst David Berets<\/a> (1898-1943) war bereits im Mai 1940 in den Niederlanden verhaftet und wegen <em>&#8218;landesverr\u00e4terischen Beziehungen&#8216; <\/em>zu 5 Jahren Gef\u00e4ngnis verurteilt worden. <\/span><\/span><span style=\"color: #1f497d\"><span style=\"color: #333333\">Er hatte im belgischen Grenzgebiet Informationen f\u00fcr den niederl\u00e4ndischen Nachrichtendienst gesammelt.<\/span><\/span><span style=\"color: #1f497d\"><span style=\"color: #333333\"> Im Dezember 1940 war er nach Auschwitz gebracht worden, <\/span><\/span><span style=\"color: #1f497d\"><span style=\"color: #333333\">wo er im Januar 1943 ermordet wurde.<br \/>\nF\u00fcr ihn wurde in Maastricht am 22. Oktober 2013 dieser Stolperstein gelegt.<\/span><\/span><\/p>\n<p><span style=\"color: #1f497d\"><span style=\"color: #333333\">Dar\u00fcber stolperten bei ihren Nachforschungen die FU-Mitarbeiter. Man nahm Kontakt auf zu <a href=\"http:\/\/www.struikelsteentjes-maastricht.nl\/\" target=\"_blank\" rel=\"noopener\">Struikelsteentjes Maastricht<\/a><\/span>. <span style=\"color: #333333\">Ein Mitarbeiter von <em>Struikelsteentjes<\/em> brachte die Forscher mit dem Neffen des ermordeten Fritz Berets in Kontakt: Alexander Ernst Berets.<br \/>\n<\/span><\/span><\/p>\n<p>Alexander Ernst Berets war <span id=\"a500686\" class=\"ga\"><span class=\"gah\"><span class=\"gy gah1\"><span class=\"gv\"><span class=\"gh\">zweieinhalb als sein Vater festgenommen wurde. Er hat an ihn also keine Erinnerungen, wie er in diesem <a href=\"https:\/\/www.rtvmaastricht.nl\/tv\/vitrien\/51837265\" target=\"_blank\" rel=\"noopener\">Interview<\/a> (ab 05:15) f\u00fcr den Maastrichter Fernsehsender erz\u00e4hlt; und <em>wen man nicht kennt, den kann man auch nicht vermissen. <\/em>Seine Mutter habe ihm ein gute Erziehung angedeihen lassen, weshalb er ein (er l\u00e4chelt) guter Staatsb\u00fcrger geworden sei. Die Ehre, die seinem Vater zuteil wurde (Stolperstein), habe ihn tief ger\u00fchrt. <\/span><\/span><\/span><\/span><\/span><\/p>\n<p><a href=\"https:\/\/blogs.fu-berlin.de\/nederlands\/files\/2017\/05\/Berets-met-boek.jpg\" target=\"_blank\" rel=\"noopener\"><img loading=\"lazy\" decoding=\"async\" class=\"alignright wp-image-15111\" src=\"https:\/\/blogs.fu-berlin.de\/nederlands\/files\/2017\/05\/Berets-met-boek-300x225.jpg\" alt=\"Berets met boek\" width=\"259\" height=\"194\" srcset=\"https:\/\/blogs.fu-berlin.de\/nederlands\/files\/2017\/05\/Berets-met-boek-300x225.jpg 300w, https:\/\/blogs.fu-berlin.de\/nederlands\/files\/2017\/05\/Berets-met-boek.jpg 640w\" sizes=\"auto, (max-width: 259px) 100vw, 259px\" \/><\/a>Und jetzt dieses Pentateuch aus Berlin!<br \/>\nEr <span id=\"a519665\" class=\"ga\"><span class=\"gah\"><span class=\"gy gac\"><span class=\"gv\"><span id=\"v75479\" class=\"gq gad gk\"><span class=\"gg\"><span class=\"gaj\">f\u00fchle sich sehr geehrt, dieses Buch, das mal seinem Onkel geh\u00f6rt hat, am 4. Mai 2017 <\/span><\/span><\/span><\/span><\/span><\/span><\/span><span id=\"a519665\" class=\"ga\"><span class=\"gah\"><span class=\"gy gac\"><span class=\"gv\"><span id=\"v75479\" class=\"gq gad gk\"><span class=\"gg\"><span class=\"gaj\">in der Maastrichter Synagoge <\/span><\/span><\/span><\/span><\/span><\/span><\/span><span id=\"a519665\" class=\"ga\"><span class=\"gah\"><span class=\"gy gac\"><span class=\"gv\"><span id=\"v75479\" class=\"gq gad gk\"><span class=\"gg\"><span class=\"gaj\">in Empfang nehmen zu d\u00fcrfen&#8230; und er sei nicht mal j\u00fcdisch!<br \/>\n(Seine Mutter war nicht j\u00fcdisch.)<br \/>\n<\/span><\/span><\/span><\/span><\/span><\/span><\/span><\/p>\n<p>Schauen Sie sich dieses Interview mal an. Sehen Sie \u00fcber das gezeigte Bibliotheksbild hinweg (das ist nicht die FU). Alexander Berets spricht <em>Mestreechs<\/em>, was es f\u00fcr mich &#8211; Limburgerin &#8211; noch anr\u00fchrender macht.<br \/>\nAm Ende (09:33): bewegende Bilder der \u00dcbergabe in der Synagoge &#8230;<\/p>\n<p style=\"text-align: right\">Gut gemacht FU!<\/p>\n","protected":false},"excerpt":{"rendered":"<p>Provenienzforschung (onderzoek naar de herkomst) ist mittlerweile ein Bereich, in dem sich, namentlich bei den deutschen Museen (Raubkunst), viel tut. Auch unsere eigne Alma Mater, die Freie Universit\u00e4t Berlin, hat in der Universit\u00e4tsbibliothek eine Abteilung Stabsstelle NS-Raub- und Beutegut. Von dort erhielten wir die Nachricht \u00fcber einen ganz besonderen Fund und die \u00fcberaus gl\u00fcckliche Restituierung [&hellip;]<\/p>\n","protected":false},"author":1834,"featured_media":0,"comment_status":"open","ping_status":"open","sticky":false,"template":"","format":"standard","meta":{"footnotes":""},"categories":[1],"tags":[44141,471,44154],"class_list":["post-15034","post","type-post","status-publish","format-standard","hentry","category-allgemein","tag-beitraege-auf-deutsch","tag-geschichte","tag-juedisch"],"_links":{"self":[{"href":"https:\/\/blogs.fu-berlin.de\/nederlands\/wp-json\/wp\/v2\/posts\/15034","targetHints":{"allow":["GET"]}}],"collection":[{"href":"https:\/\/blogs.fu-berlin.de\/nederlands\/wp-json\/wp\/v2\/posts"}],"about":[{"href":"https:\/\/blogs.fu-berlin.de\/nederlands\/wp-json\/wp\/v2\/types\/post"}],"author":[{"embeddable":true,"href":"https:\/\/blogs.fu-berlin.de\/nederlands\/wp-json\/wp\/v2\/users\/1834"}],"replies":[{"embeddable":true,"href":"https:\/\/blogs.fu-berlin.de\/nederlands\/wp-json\/wp\/v2\/comments?post=15034"}],"version-history":[{"count":52,"href":"https:\/\/blogs.fu-berlin.de\/nederlands\/wp-json\/wp\/v2\/posts\/15034\/revisions"}],"predecessor-version":[{"id":18010,"href":"https:\/\/blogs.fu-berlin.de\/nederlands\/wp-json\/wp\/v2\/posts\/15034\/revisions\/18010"}],"wp:attachment":[{"href":"https:\/\/blogs.fu-berlin.de\/nederlands\/wp-json\/wp\/v2\/media?parent=15034"}],"wp:term":[{"taxonomy":"category","embeddable":true,"href":"https:\/\/blogs.fu-berlin.de\/nederlands\/wp-json\/wp\/v2\/categories?post=15034"},{"taxonomy":"post_tag","embeddable":true,"href":"https:\/\/blogs.fu-berlin.de\/nederlands\/wp-json\/wp\/v2\/tags?post=15034"}],"curies":[{"name":"wp","href":"https:\/\/api.w.org\/{rel}","templated":true}]}}