{"id":15128,"date":"2017-07-09T10:21:50","date_gmt":"2017-07-09T08:21:50","guid":{"rendered":"https:\/\/blogs.fu-berlin.de\/nederlands\/?p=15128"},"modified":"2017-07-09T10:07:40","modified_gmt":"2017-07-09T08:07:40","slug":"beruehrungspunkte-suriname-deutschland","status":"publish","type":"post","link":"https:\/\/blogs.fu-berlin.de\/nederlands\/2017\/07\/09\/beruehrungspunkte-suriname-deutschland\/","title":{"rendered":"Ber\u00fchrungspunkte: Suriname-Deutschland"},"content":{"rendered":"<p><span style=\"color: #808000\"><a href=\"https:\/\/upload.wikimedia.org\/wikipedia\/commons\/3\/33\/Michelangelo_Touching_Hands.jpg\" target=\"_blank\" rel=\"noopener\"><img loading=\"lazy\" decoding=\"async\" class=\"alignright\" src=\"https:\/\/upload.wikimedia.org\/wikipedia\/commons\/3\/33\/Michelangelo_Touching_Hands.jpg\" width=\"101\" height=\"69\" \/><\/a>Wo kommt der niederl\u00e4ndische Sprach- und Kulturraum mit anderen in Ber\u00fchrung? Wo gibt es gemeinsame Interessensgebiete der Niederlandistik und ihrer Nachbarf\u00e4cher? Solche Ber\u00fchrungspunkte stellen wir in einer kleinen Serie vor.<\/span><\/p>\n<p><span style=\"color: #808000\"><span style=\"color: #333333\">Nein, Suriname, die seit 1975 unabh\u00e4ngige Republik (und vormalige Kolonie der Niederlande), grenzt nirgendwo am deutschen Sprachraum.<br \/>\n<\/span><span style=\"color: #333333\">Kulturraum? Das ist schon ein anderes Kapitel! Dazu hier ein wenig mehr.<\/span><br \/>\n<\/span><\/p>\n<div id=\"attachment_7052\" style=\"width: 222px\" class=\"wp-caption alignleft\"><a href=\"https:\/\/blogs.fu-berlin.de\/nederlands\/files\/2015\/02\/Goslar02.jpg\" target=\"_blank\" rel=\"noopener\"><img loading=\"lazy\" decoding=\"async\" aria-describedby=\"caption-attachment-7052\" class=\"wp-image-7052\" src=\"https:\/\/blogs.fu-berlin.de\/nederlands\/files\/2016\/01\/Goslar02_klein-300x225.jpg\" alt=\"Goslar02_klein\" width=\"212\" height=\"159\" srcset=\"https:\/\/blogs.fu-berlin.de\/nederlands\/files\/2016\/01\/Goslar02_klein-300x225.jpg 300w, https:\/\/blogs.fu-berlin.de\/nederlands\/files\/2016\/01\/Goslar02_klein.jpg 492w\" sizes=\"auto, (max-width: 212px) 100vw, 212px\" \/><\/a><p id=\"caption-attachment-7052\" class=\"wp-caption-text\">Paramaribo: die Goslar im Suriname-Fluss (Foto: JR)<\/p><\/div>\n<p>Landet man nach 10 Stunden Flug in Paramaribo und erwischt im Hotel <a href=\"https:\/\/de.wikipedia.org\/wiki\/Wilhelm_Krasnapolsky\" target=\"_blank\" rel=\"noopener\">Krasnapolsky<\/a> ein Zimmer mit Blick auf den Suriname-Fluss&#8230; dann liegt da auf einer Sandbank <em>die Goslar<\/em>, die am 10. Mai 1940 (die Deutschen fielen in die NL ein) zum Sinken gebracht wurde und bis heute nicht sinken wollte.<\/p>\n<p><span style=\"color: #333333\">Wir haben schon in einem Beitrag \u00fcber <a href=\"https:\/\/blogs.fu-berlin.de\/nederlands\/2017\/05\/02\/maria-sibylla-merian\/\" target=\"_blank\" rel=\"noopener\">Maria Sibylla Merian<\/a> &#8211; und auch in <a href=\"https:\/\/blogs.fu-berlin.de\/nederlands\/2015\/03\/05\/tot-bam\/\" target=\"_blank\" rel=\"noopener\">anderen<\/a> Beitr\u00e4gen &#8211; darauf hingewiesen, dass es Verbindungen zwischen Deutschland und diesem Lateinamerikanischem Land, in dem die Amtssprache Niederl\u00e4ndisch ist, gibt.<br \/>\n<\/span><\/p>\n<p>Es war der Deutsche <strong><a href=\"https:\/\/de.wikipedia.org\/wiki\/August_Kappler\" target=\"_blank\" rel=\"noopener\">August Kappler<\/a><\/strong>, der an der <a href=\"https:\/\/blogs.fu-berlin.de\/nederlands\/2017\/05\/20\/beruehrungspunkte-franzoesisch-guayana\/\" target=\"_blank\" rel=\"noopener\">Marowijne<\/a> die Stadt Albina gr\u00fcndete. Die Philologische Bibliothek verf\u00fcgt \u00fcber die deutsche wie \u00fcber die niederl\u00e4ndischsprachige Ausgabe seiner Erinnerungen.<\/p>\n<p>Die Herrnhuter haben einen wichtigen kulturellen Beitrag geleistet, indem sie die einheimischen Sprachen dokumentiert haben, indem sie die einheimische Bev\u00f6lkerung unterrichtet haben. Noch heute ist diese Kirche die gr\u00f6\u00dfte des Landes. <strong><a href=\"https:\/\/www.bol.de\/shop\/home\/artikeldetails\/ein_surinamer_in_der_ddr\/ricardo_macnack\/ISBN3-86583-899-5\/ID41840799.html;jsessionid=70C951D902D3E98C57D02DB379B5399F.tc5p\" target=\"_blank\" rel=\"noopener\">Ricardo Macnack<\/a><\/strong> verdankt dieser Kirche einen Aufenthalt in der DDR.<\/p>\n<p>Auch sprachlich gibt es deutsche Reste. Fast alles zu Deutschen in Suriname erfahren Sie bei Carl Haarnacks <a href=\"https:\/\/bukubooks.wordpress.com\/duitsers\/\" target=\"_blank\" rel=\"noopener\">Buku &#8211; Bibliotheca Surinamica<\/a>.<\/p>\n<p>Es geht mir hier aber um einen Kontakt in der Mitte des vorigen Jahrhunderts.<\/p>\n<div style=\"width: 160px\" class=\"wp-caption alignright\"><a href=\"https:\/\/commons.wikimedia.org\/wiki\/File:Helman3.jpg\" target=\"_blank\" rel=\"noopener\"><img loading=\"lazy\" decoding=\"async\" src=\"https:\/\/upload.wikimedia.org\/wikipedia\/commons\/thumb\/f\/f9\/Helman3.jpg\/232px-Helman3.jpg\" alt=\"\" width=\"150\" height=\"155\" \/><\/a><p class=\"wp-caption-text\">Helman \/ Lichtveld (M. van Kempen, PD-self)<\/p><\/div>\n<p>Der in Paramaribo geborene <strong><a href=\"https:\/\/de.wikipedia.org\/wiki\/Albert_Helman\" target=\"_blank\" rel=\"noopener\">Lou Lichtfeld<\/a><\/strong> (Pseudonym: Albert Helman) war befreundet mit dem deutschen Autor <a href=\"https:\/\/www.deutschlandfunk.de\/zum-hundertsten-geburtstag-von-a-v-thelen.700.de.html?dram:article_id=81042\" target=\"_blank\" rel=\"noopener\"><strong>Albert Vigoleis Thelen<\/strong><\/a> aus <a href=\"https:\/\/blogs.fu-berlin.de\/nederlands\/2014\/03\/17\/wohin-akkusativ\/\" target=\"_blank\" rel=\"noopener\">S\u00fcchteln an der Niers<\/a>. Letzterer hatte (im Grenzgebiet geboren) ein gro\u00dfes Herz f\u00fcr die niederl\u00e4ndische Literatur und die Niederlande (<em><a href=\"https:\/\/de.wikipedia.org\/wiki\/Der_schwarze_Herr_Bah%C3%9Fetup\" target=\"_blank\" rel=\"noopener\">Der schwarze Herr Bah\u00dfetup<\/a><\/em> zum Beispiel). Lichtfeld\/Helman war nicht der einzige niederl\u00e4ndische Schriftsteller, dem er verbunden war. Auch <a href=\"https:\/\/blogs.fu-berlin.de\/nederlands\/2016\/08\/22\/manno-menno\/\" target=\"_blank\" rel=\"noopener\">Menno ter Braak<\/a> kannte er gut.<\/p>\n<p>In seinem gro\u00dfartigen Roman &#8222;<em>Die Insel des zweiten Gesichts<\/em>&#8220; k\u00fcndigt Vigoleis Besuch aus den Niederlanden an: Albert (gemischter, auch indianischer Herkunft) Helman: <i>\u201e\u2026west-indischer Rimbuadel, mit Wasserzeichen, handgesch\u00f6pft<\/i>\u201c (S. 673)<\/p>\n<p>Der gro\u00dfe Wortk\u00fcnstler Vigoleis \u00fcbersetzte Lichtvelds populairwissenschaftliches Werk <strong><em>Suriname. Geboorte van een nieuw volk<\/em><\/strong>&#8230; &#8211;\u00a0 <strong><em>Surinam. Neues Leben auf alter Erde<\/em><\/strong>.<br \/>\nDie Philologische Bibliothek verf\u00fcgt \u00fcber beide Ausgaben.<\/p>\n<p>In der blumenreichen \u00dcbersetzung Thelens verschwand gelegentlich der Ernst des soziologischen Werkes Lichtvelds. Heinz Eickmans hat darauf in einem sehr lesenswerten Aufsatz in <a href=\"https:\/\/fu-berlin.hosted.exlibrisgroup.com\/primo_library\/libweb\/action\/search.do?ct=facet&amp;fctN=facet_tlevel&amp;fctV=printmedien&amp;rfnGrp=1&amp;rfnGrpCounter=1&amp;frbg=&amp;&amp;indx=1&amp;fn=search&amp;vl(225423520UI1)=all_items&amp;dscnt=0&amp;vl(1UIStartWith0)=contains&amp;scp.scps=scope%3A(%22FUB_SEM%22)%2Cscope%3A(FUB_ALMA)%2Cscope%3A(FUB_DBIS)%2Cscope%3A(FUB)%2Cprimo_central_multiple_fe&amp;tb=t&amp;vid=FUB&amp;mode=Basic&amp;ct=search&amp;srt=rank&amp;tab=fub&amp;vl(140561545UI0)=any&amp;dum=true&amp;vl(freeText0)=Albert%20Vigoleis%20Thelen%20%3A%20Mittler%20zwischen%20Sprachen%20und%20Kulturen%20&amp;dstmp=1498063328867\" target=\"_blank\" rel=\"noopener\"><em>Albert Vigoleis Thelen: Mittler zwischen Sprachen und Kulturen<\/em><\/a> hingewiesen. Er kritisiert (aus gutem Grund) die \u00dcbersetzung, aber nennt dieselbe&#8230;<\/p>\n<blockquote><p><span style=\"color: #000000\"><strong><em>&#8230; eine veritabele Vigoleisiade!<\/em><\/strong><\/span><\/p><\/blockquote>\n<p>Schauen Sie sich unsere Bibliotheksvitrine doch mal an! Dort gibt es auch ein paar Beispiel\u00fcbersetzungen.<\/p>\n<p>Und was denkt dann der Vigoleis-fan, der Helmans Werk auch bewundert?<br \/>\nSch\u00f6n, dass es das alles gibt!<\/p>\n<nav id=\"menu\"><\/nav>\n","protected":false},"excerpt":{"rendered":"<p>Wo kommt der niederl\u00e4ndische Sprach- und Kulturraum mit anderen in Ber\u00fchrung? Wo gibt es gemeinsame Interessensgebiete der Niederlandistik und ihrer Nachbarf\u00e4cher? Solche Ber\u00fchrungspunkte stellen wir in einer kleinen Serie vor. Nein, Suriname, die seit 1975 unabh\u00e4ngige Republik (und vormalige Kolonie der Niederlande), grenzt nirgendwo am deutschen Sprachraum. Kulturraum? Das ist schon ein anderes Kapitel! Dazu [&hellip;]<\/p>\n","protected":false},"author":1834,"featured_media":0,"comment_status":"open","ping_status":"open","sticky":false,"template":"","format":"standard","meta":{"footnotes":""},"categories":[64050],"tags":[44141,71810,471,1542],"class_list":["post-15128","post","type-post","status-publish","format-standard","hentry","category-suriname","tag-beitraege-auf-deutsch","tag-beruehrungspunkte","tag-geschichte","tag-kultur"],"_links":{"self":[{"href":"https:\/\/blogs.fu-berlin.de\/nederlands\/wp-json\/wp\/v2\/posts\/15128","targetHints":{"allow":["GET"]}}],"collection":[{"href":"https:\/\/blogs.fu-berlin.de\/nederlands\/wp-json\/wp\/v2\/posts"}],"about":[{"href":"https:\/\/blogs.fu-berlin.de\/nederlands\/wp-json\/wp\/v2\/types\/post"}],"author":[{"embeddable":true,"href":"https:\/\/blogs.fu-berlin.de\/nederlands\/wp-json\/wp\/v2\/users\/1834"}],"replies":[{"embeddable":true,"href":"https:\/\/blogs.fu-berlin.de\/nederlands\/wp-json\/wp\/v2\/comments?post=15128"}],"version-history":[{"count":31,"href":"https:\/\/blogs.fu-berlin.de\/nederlands\/wp-json\/wp\/v2\/posts\/15128\/revisions"}],"predecessor-version":[{"id":15575,"href":"https:\/\/blogs.fu-berlin.de\/nederlands\/wp-json\/wp\/v2\/posts\/15128\/revisions\/15575"}],"wp:attachment":[{"href":"https:\/\/blogs.fu-berlin.de\/nederlands\/wp-json\/wp\/v2\/media?parent=15128"}],"wp:term":[{"taxonomy":"category","embeddable":true,"href":"https:\/\/blogs.fu-berlin.de\/nederlands\/wp-json\/wp\/v2\/categories?post=15128"},{"taxonomy":"post_tag","embeddable":true,"href":"https:\/\/blogs.fu-berlin.de\/nederlands\/wp-json\/wp\/v2\/tags?post=15128"}],"curies":[{"name":"wp","href":"https:\/\/api.w.org\/{rel}","templated":true}]}}